{"id":49870,"date":"2024-03-21T00:36:22","date_gmt":"2024-03-20T23:36:22","guid":{"rendered":"https:\/\/www.infokuryr.cz\/n\/?p=49870"},"modified":"2024-03-20T19:02:54","modified_gmt":"2024-03-20T18:02:54","slug":"lubomir-man-dali-jsme-svetu-lodni-sroub-hromosvod-kontaktni-cocky-silonky-a-co-jeste-pani-mullerova","status":"publish","type":"post","link":"https:\/\/www.infokuryr.cz\/n\/2024\/03\/21\/lubomir-man-dali-jsme-svetu-lodni-sroub-hromosvod-kontaktni-cocky-silonky-a-co-jeste-pani-mullerova\/","title":{"rendered":"Lubom\u00edr Man: Dali jsme sv\u011btu lodn\u00ed \u0161roub, hromosvod, kontaktn\u00ed \u010do\u010dky, silonky &#8211; a co je\u0161t\u011b, pan\u00ed M\u00fcllerov\u00e1?"},"content":{"rendered":"<div id=\"fb-root\"><\/div>\n<p>\u201eNe\u0159\u00edkejte. To v\u0161echno, co uv\u00e1d\u00edte, se vymyslelo u n\u00e1s? No na to, \u017ee nejsme \u017e\u00e1dn\u00ed ob\u0159i, docela dobr\u00fd v\u00fdsledek, ne?\u201c<\/p>\n<p>\u201eJist\u011b, \u0161patn\u00ed jsme nebyli.\u00a0 Ale mo\u017en\u00e1 je\u0161t\u011b v\u011bt\u0161\u00ed sl\u00e1va n\u00e1s je\u0161t\u011b \u010dek\u00e1. H\u00e1dejte,v jak\u00e9m oboru\u201c.<\/p>\n<p>\u201eDejte pokoj. Jak bych j\u00e1, hloup\u00e1 \u017eensk\u00e1, mohla tohleto v\u011bd\u011bt. Mluvte vy\u201c.<\/p>\n<p>\u201ePolitika a diplomacie, pan\u00ed dom\u00e1c\u00ed. V tom za\u010d\u00edn\u00e1me b\u00fdt sv\u011btovou jedni\u010dkou, jestli to n\u00e1hodou je\u0161t\u011b nev\u00edte\u201c.<\/p>\n<p>\u201eTak to teda opravdu nev\u00edm, pane \u0160vejk. A pova\u017euji to za blbost. Vy ne?\u201c<\/p>\n<p><a href=\"https:\/\/stranapro.cz\/\"><img decoding=\"async\" loading=\"lazy\" class=\"alignnone  wp-image-40285 aligncenter\" src=\"http:\/\/www.infokuryr.cz\/n\/wp-content\/uploads\/2023\/11\/11pro-300x79.png\" alt=\"\" width=\"623\" height=\"164\" srcset=\"https:\/\/www.infokuryr.cz\/n\/wp-content\/uploads\/2023\/11\/11pro-300x79.png 300w, https:\/\/www.infokuryr.cz\/n\/wp-content\/uploads\/2023\/11\/11pro.png 363w\" sizes=\"(max-width: 623px) 100vw, 623px\" \/><\/a><\/p>\n<p>\u201eAle to v\u00edte, \u017ee ano. Ale proto\u017ee pomaten\u00fd za\u010d\u00edn\u00e1 b\u00fdt i sv\u011bt, nen\u00ed u\u017e ta na\u0161e pomatenost tak\u00a0 pomaten\u00e1, jak b\u00fdvala\u201c.<\/p>\n<p>\u201eO\u010d tedy jde, milostpane?\u201c<\/p>\n<p>\u201eO tohle, pan\u00ed dom\u00e1c\u00ed. Na Slovensku vyhraje parlamentn\u00ed volby strana Smer Roberta Fica. My tu stranu a ani Roberta Fica, proto\u017ee m\u00e1 na spoustu v\u011bc\u00ed jin\u00fd n\u00e1zor ne\u017e my, nem\u00e1me r\u00e1di. Tak\u017ee co ud\u011bl\u00e1me, pan\u00ed M\u00fcllerov\u00e1?\u201c<\/p>\n<p>\u201eNebudeme se s Ficem, jeho stranou Smer a s Ficovou vl\u00e1dou, z voleb vze\u0161lou, bavit\u201c,<\/p>\n<p>\u201eSpr\u00e1vn\u011b, m\u00e1te na politiku \u010dich jako nikdo, pan\u00ed dom\u00e1c\u00ed. Jen\u017ee tohle, co \u0159\u00edk\u00e1te, jak jist\u011b v\u00edte, u\u017e prob\u00edh\u00e1, a Fico z toho nen\u00ed tak ne\u0161\u0165astn\u00fd, jak bychom si p\u0159\u00e1li, aby byl.Tak\u017ee co k prohlouben\u00ed jeho vr\u00e1sek je\u0161t\u011b p\u0159id\u00e1me? Nev\u00edte? Tak j\u00e1 v\u00e1m to pov\u00edm. \u010c\u00edm m\u00ed\u0148 se budeme bavit s n\u00edm, t\u00edm v\u00edc a srde\u010dn\u011bji se budeme obj\u00edmat a brat\u0159it s jeho slovensk\u00fdmi rivaly. Nap\u0159\u00edklad s p\u0159edstaviteli strany Progresivne Slovensko \u010di s prezidentkou \u010caputovou. Budeme zkr\u00e1tka vytrvale\u00a0 jednat tak, jako by \u017e\u00e1dn\u00fd Fico na Slovensku nebyl, a k na\u0161emu jedn\u00e1n\u00ed se Slovenskem n\u00e1m zde zbyli jenom Ficovi nep\u0159\u00e1tel\u00e9\u201c.<\/p>\n<p><img decoding=\"async\" loading=\"lazy\" class=\"wp-image-48462 alignright\" src=\"http:\/\/www.infokuryr.cz\/n\/wp-content\/uploads\/2024\/03\/pozvanka-23-300x165.jpg\" alt=\"\" width=\"585\" height=\"322\" srcset=\"https:\/\/www.infokuryr.cz\/n\/wp-content\/uploads\/2024\/03\/pozvanka-23-300x165.jpg 300w, https:\/\/www.infokuryr.cz\/n\/wp-content\/uploads\/2024\/03\/pozvanka-23-768x422.jpg 768w, https:\/\/www.infokuryr.cz\/n\/wp-content\/uploads\/2024\/03\/pozvanka-23.jpg 898w\" sizes=\"(max-width: 585px) 100vw, 585px\" \/><\/p>\n<p>\u201eAle takov\u00e9 jedn\u00e1n\u00ed je p\u0159ece dost ur\u00e1\u017eliv\u00e9, ne, pane \u0160vejk. V\u017edy\u0165 zkusme si to obr\u00e1tit. Volby u n\u00e1s vyhraje Babi\u0161, stane se premi\u00e9rem, ale Slov\u00e1ci se budou vybavovat jedin\u011b s pora\u017een\u00fdm Fialou. Nevylet\u011bli bychom pak, my, v\u011bt\u0161inov\u00ed \u010ce\u0161i, vztekem z k\u016f\u017ee?\u201c<\/p>\n<p>\u201eV\u0161ak tak\u00e9 nikdo netvrd\u00ed, \u017ee vztek nad p\u0159ez\u00edrav\u00fdm postojem na\u0161\u00ed vl\u00e1dy k v\u011bt\u0161inov\u00fdm Slov\u00e1k\u016fm nelomcuje dnes i jimi. Co\u017e ov\u0161em je v\u011bc podru\u017en\u00e1. Proto\u017ee j\u00e1drem pudla z\u016fst\u00e1v\u00e1 ot\u00e1zka, pro\u010d takto ur\u00e1\u017eliv\u011b se na\u0161e vl\u00e1da k vl\u00e1dnouc\u00ed Ficov\u011b vl\u00e1d\u011b chov\u00e1?\u00a0 Co sv\u00fdm despektem k n\u00ed vlastn\u011b sleduje? Proto\u017ee myslet si, \u017ee jde jen o zlovoln\u00fd revan\u0161 za por\u00e1\u017eku jejich slovensk\u00fdch kamar\u00e1d\u016f ve volb\u00e1ch, se mi moc nezd\u00e1\u201c<\/p>\n<p>\u201eAni mi ne, milostpane. Tak\u017ee co?\u201c<\/p>\n<p>\u201eV\u00edte, pan\u00ed M\u00fcllerov\u00e1, m\u00e1m takovou p\u0159edstavu. Vid\u00edm Slov\u00e1ka, jak sed\u00ed v seknici, hled\u00ed do zdi a takto si medituje: \u010ce\u0161i se na n\u00e1s k v\u00fali Ficovi zlobi, mra\u010d\u00ed se na n\u00e1s, tak\u017ee Fico mus\u00ed j\u00edt. A to hned\u00a0 po p\u0159\u00ed\u0161t\u00edch volb\u00e1ch. Anebo, abychom ten proces urychlili, za\u0159\u00edd\u00edme, aby zmizel v n\u011bjak\u00e9m tom fale\u0161n\u00e9m p\u0159evratu, jak se n\u00e1m to s n\u00edm u\u017e ostatn\u011b jednou poda\u0159ilo. P\u0159\u00edkazem dne se zkr\u00e1tka mus\u00ed st\u00e1t Fic\u016fv odchod a t\u00edm t\u00e9\u017e \u2013 a to je to nejpodstatn\u011bj\u0161\u00ed &#8211; uspokojen\u00ed Fialov\u00fdch \u010cech\u016f\u201c.<\/p>\n<p>\u201eKter\u00e9\u017eto \u00favahy i uspo\u0159\u00e1d\u00e1n\u00ed jsou mo\u017en\u00e9 jedin\u011b ve sp\u00e1rech v\u00e1\u017en\u00e9ho du\u0161evn\u00edho onemocn\u011bn\u00ed, nap\u0159\u00edklad schizofrenie, \u017ee pane \u0160vejk?\u201c<\/p>\n<p>\u201eJist\u011b. V\u017edy\u0165 v n\u00ed ka\u017edodenn\u011b \u017eijeme, pan\u00ed dom\u00e1c\u00ed. Nebo jste si toho je\u0161t\u011b nev\u0161imla?\u201c<\/p>\n<p><em>Lubom\u00edr Man<\/em><\/p>\n<p><img decoding=\"async\" loading=\"lazy\" class=\"alignnone size-full wp-image-860\" src=\"http:\/\/www.infokuryr.cz\/n\/wp-content\/uploads\/2021\/04\/lub_man.jpg\" alt=\"\" width=\"143\" height=\"200\" \/><\/p>\n<p>&nbsp;<\/p>\n","protected":false},"excerpt":{"rendered":"<p>\u201eNe\u0159\u00edkejte. To v\u0161echno, co uv\u00e1d\u00edte, se vymyslelo u n\u00e1s? No na to, \u017ee nejsme \u017e\u00e1dn\u00ed&#8230;<\/p>\n","protected":false},"author":2,"featured_media":26346,"comment_status":"closed","ping_status":"closed","sticky":false,"template":"","format":"standard","meta":[],"categories":[6],"tags":[29,122,203],"_links":{"self":[{"href":"https:\/\/www.infokuryr.cz\/n\/wp-json\/wp\/v2\/posts\/49870"}],"collection":[{"href":"https:\/\/www.infokuryr.cz\/n\/wp-json\/wp\/v2\/posts"}],"about":[{"href":"https:\/\/www.infokuryr.cz\/n\/wp-json\/wp\/v2\/types\/post"}],"author":[{"embeddable":true,"href":"https:\/\/www.infokuryr.cz\/n\/wp-json\/wp\/v2\/users\/2"}],"replies":[{"embeddable":true,"href":"https:\/\/www.infokuryr.cz\/n\/wp-json\/wp\/v2\/comments?post=49870"}],"version-history":[{"count":1,"href":"https:\/\/www.infokuryr.cz\/n\/wp-json\/wp\/v2\/posts\/49870\/revisions"}],"predecessor-version":[{"id":49871,"href":"https:\/\/www.infokuryr.cz\/n\/wp-json\/wp\/v2\/posts\/49870\/revisions\/49871"}],"wp:featuredmedia":[{"embeddable":true,"href":"https:\/\/www.infokuryr.cz\/n\/wp-json\/wp\/v2\/media\/26346"}],"wp:attachment":[{"href":"https:\/\/www.infokuryr.cz\/n\/wp-json\/wp\/v2\/media?parent=49870"}],"wp:term":[{"taxonomy":"category","embeddable":true,"href":"https:\/\/www.infokuryr.cz\/n\/wp-json\/wp\/v2\/categories?post=49870"},{"taxonomy":"post_tag","embeddable":true,"href":"https:\/\/www.infokuryr.cz\/n\/wp-json\/wp\/v2\/tags?post=49870"}],"curies":[{"name":"wp","href":"https:\/\/api.w.org\/{rel}","templated":true}]}}