{"id":4985,"date":"2021-09-25T03:38:36","date_gmt":"2021-09-25T01:38:36","guid":{"rendered":"http:\/\/www.infokuryr.cz\/n\/?p=4985"},"modified":"2021-09-25T03:38:36","modified_gmt":"2021-09-25T01:38:36","slug":"volebni-kalkulacka","status":"publish","type":"post","link":"https:\/\/www.infokuryr.cz\/n\/2021\/09\/25\/volebni-kalkulacka\/","title":{"rendered":"Volebn\u00ed kalkula\u010dka"},"content":{"rendered":"<div id=\"fb-root\"><\/div>\n<section class=\"perex\"><strong>Mo\u017en\u00e1 se k v\u00e1m tak\u00e9 dostala volebn\u00ed kalkula\u010dka. Je to jak\u00fdsi test volebn\u00edch preferenc\u00ed, kter\u00fd m\u016f\u017eete podstoupit na internetu. Pochopil jsem, \u017ee se t\u00fdk\u00e1 n\u011bjak\u00e9 \u010dinnosti volebn\u00ed, pro voly-lebn\u00ed \u010di lebe\u010dn\u00ed. A jeliko\u017e jsem tak\u00e9 malom\u011b\u0161\u0165\u00e1ck\u00fdm inteligentem, rozhodl jsem, \u017ee otestuji svoji volebn\u00ed zp\u016fsobilost.<\/strong><\/p>\n<\/section>\n<section class=\"clanek-obsah\">Dopadlo to velmi mizern\u011b. Dos\u00e1hl jsem jak\u00e9si shody s n\u011bjak\u00fdmi t\u0159emi politick\u00fdmi stranami, a pouze na n\u011bjak\u00fdch 20%. O ostatn\u00edch stran\u00e1ch ani nemluv\u011b. Tam to bylo je\u0161t\u011b mnohem hor\u0161\u00ed. Sebekriticky jsem musel uznat, \u017ee na z\u00e1klad\u011b takov\u00fdch mizern\u00fdch v\u00fdsledk\u016f j\u00edt k\u00a0volb\u00e1m rozhodn\u011b nemohu. Suma sum\u00e1rum, podle volebn\u00ed kalkula\u010dky nejsem vhodn\u00fd voli\u010d pro \u017e\u00e1dnou ze sou\u010dasn\u00fdch volebn\u00edch stran.<\/p>\n<p>\u017d\u00e1dn\u00e1 z\u00a0politick\u00fdch stran nevyhovuje m\u00fdm n\u00e1zor\u016fm a po\u017eadavk\u016fm. Trv\u00e1 to tak ji\u017e asi 30 let, od jaksi podez\u0159el\u00e9ho rozpu\u0161t\u011bn\u00ed Ob\u010dansk\u00e9ho f\u00f3ra. M\u016fj pokus v\u00a0devades\u00e1t\u00fdch letech o zalo\u017een\u00ed vlastn\u00ed politick\u00e9 strany v\u016fbec nijak nevy\u0161el. Nena\u0161el jsem sob\u011b podobn\u00e9 p\u0159\u00edpady. Vr\u00e1na k\u00a0vr\u00e1n\u011b sed\u00e1, rovn\u00fd rovn\u00e9ho si hled\u00e1, ale b\u00edl\u00fdch vran se to z\u0159ejm\u011b net\u00fdk\u00e1. Tak\u00e9 si mysl\u00edte, \u017ee nejste hloup\u00ed?<\/p>\n<p>K\u00a0\u010demu je mi 22 politick\u00fdch stran, kter\u00e9 jdou do voleb, kdy\u017e \u017e\u00e1dn\u00e1 z\u00a0nich nevyhovuje takov\u00e9mu \u0159\u00e1dn\u00e9mu, slu\u0161n\u00e9mu, poslu\u0161n\u00e9mu, pracovit\u00e9mu a hloup\u00e9mu ob\u010danovi, jako jsem j\u00e1? N\u011bkde se stala n\u011bjak\u00e1 chyba. Bu\u010f je na moj\u00ed stran\u011b, nebo cel\u00e9 ty veleslavn\u00e9 parlamentn\u00ed volby jsou pouze n\u011bjak\u00fdm trapn\u00fdm a nejapn\u00fdm podvodem na hlup\u00e1ky. Nep\u0159edpokl\u00e1d\u00e1m v\u0161ak, \u017ee by ti \u00fa\u017easn\u00ed a skv\u011bl\u00ed tv\u016frci, propag\u00e1to\u0159i a zast\u00e1nci demokracie byli padl\u00ed na hlavu. Dosv\u011bd\u010duje to jejich majetkov\u00e9 postaven\u00ed. A tak chyba je ur\u010dit\u011b ve mn\u011b.<\/p>\n<p>Je mi zcela jasn\u00e9, \u017ee kdy\u017e nep\u016fjdu volit, \u017ee budu jako v\u016fl volit. A jist\u011b nejl\u00e9pe, nebo\u0165 kdo nevol\u00ed, vol\u00ed demokracii, zat\u00edmco ti, kte\u0159\u00ed vol\u00ed n\u011bkterou z\u00a0politick\u00fdch stran, up\u00edraj\u00ed svobodu a demokracii stran\u00e1m ostatn\u00edm a nechovaj\u00ed se demokraticky. Takov\u00e9 protidemokratick\u00e9 jedn\u00e1n\u00ed by m\u011blo b\u00fdt p\u0159ece trestn\u00e9. Pokud nevol\u00edm, d\u00e1v\u00e1m sv\u016fj hlas v\u0161em politick\u00fdch stran\u00e1m, v\u0161em ob\u010dan\u016fm, svobod\u011b a demokracii. Hur\u00e1! St\u00e1v\u00e1m se t\u00edm skute\u010dn\u00fdm demokratem. Zvl\u00e1\u0161t\u011b, kdy\u017e tak \u010din\u00edm zadarmo.<\/p>\n<p>Podle po\u010dt\u016f nevoli\u010d\u016f, kte\u0159\u00ed se chronicky nez\u00fa\u010dast\u0148uj\u00ed demokratick\u00fdch voleb, soud\u00edm, \u017ee skute\u010dn\u00fdch demokrat\u016f nen\u00ed zrovna tak m\u00e1lo. Je to pot\u011b\u0161uj\u00edc\u00ed pro v\u011bc svobody a demokracie. Kdo toti\u017e vol\u00ed, ten ni\u010d\u00ed svobodu a demokracii. Nen\u00ed divu, \u017ee si pak hloup\u011b st\u011b\u017euje na nedostatek svobody a demokracie, a hlavn\u011b pen\u011bz. Pen\u011bz je v\u017edycky m\u00e1lo, jinak bychom je v\u016fbec nepot\u0159ebovali.<\/p>\n<p>Je zcela jasn\u00e9, \u017ee nejv\u011bt\u0161\u00edmi demokraty jsou ob\u010dan\u00e9 nenarozen\u00ed a zem\u0159el\u00ed. Tito se voleb nemohou v\u016fbec nijak z\u00fa\u010dastnit. Ka\u017ed\u00fd bude jednou skute\u010dn\u00fdm demokratem. Toto je skute\u010dn\u00e9 evangelium demokracie. Toto jsou na\u0161e skute\u010dn\u00e9 z\u00e1padn\u00ed hodnoty a n\u00e1\u0161 zp\u016fsob \u017eivota \u010di um\u00edr\u00e1n\u00ed.<\/p>\n<p>V\u0161echny politick\u00e9 strany, kter\u00e9 se hrnou do voleb, maj\u00ed jednu spole\u010dnou chybu \u201en\u00e1rodn\u00ed fronty\u201c. Jsou toti\u017e v\u0161echny zoufale pozitivn\u00ed. Jde jim o sv\u011btl\u00e9 z\u00edt\u0159ky. Kritizuj\u00ed minulost a slibuj\u00ed lep\u0161\u00ed budoucnost. V\u017edy to v\u0161ak dopadne naopak, v\u017edy h\u016f\u0159e ne\u017e l\u00e9pe. Nelze jinak. Oblehat gravita\u010dn\u00ed z\u00e1kon v\u0161eobecn\u00e9 entropie tak prostodu\u0161e jako parlamentn\u00edmi volbami nen\u00ed mo\u017en\u00e9. Z\u00e1kony vesm\u00edru jsou ne\u00faprosn\u00e9. Od vzniku sm\u011b\u0159uje kosmos k\u00a0chaosu a k\u00a0z\u00e1niku.<\/p>\n<p>Co\u017epak n\u011bjak\u00e9ho smrteln\u00edka \u010dek\u00e1 n\u011bjak\u00e1 lep\u0161\u00ed budoucnost? Na ka\u017ed\u00e9ho nov\u00e9ho ob\u010dana \u010dekaj\u00ed jenom \u00fatrapy, jako jsou nap\u0159\u00edklad v\u00fdchova, vzd\u011bl\u00e1n\u00ed, starosti, dan\u011b, inflace, nemoci, bolesti, st\u00e1\u0159\u00ed, senilita, um\u00edr\u00e1n\u00ed, smrt a b\u016fhv\u00edco. Podle \u00fazkostn\u00e9ho lp\u011bn\u00ed na \u017eivot\u011b, ono \u201eb\u016fhv\u00edco\u201c jist\u011b nic p\u011bkn\u00e9ho pro v\u011bt\u0161inu nen\u00ed a nebude.<\/p>\n<p>Politickou stranu, kter\u00e1 by nelhala, p\u0159iznala pravdu, a otev\u0159en\u011b \u0159\u00edkala ob\u010dan\u016fm, \u017ee bude h\u016f\u0159e, jsem mezi sou\u010dasn\u00fdmi 22 volebn\u00edmi stranami nena\u0161el. Sv\u011bt chce b\u00fdt klam\u00e1n. V\u00edra hory p\u0159en\u00e1\u0161\u00ed. Ekonomick\u00fd r\u016fst p\u0159\u00edmo z\u00e1vis\u00ed na spot\u0159eb\u011b a ni\u010den\u00ed \u010dlov\u011bka a p\u0159\u00edrody. Je p\u0159\u00edmo \u00fam\u011brn\u00fd r\u016fstu ob\u010dansk\u00e9 hlouposti. Nebo\u0165 je to \u010dlov\u011bk, kdo p\u0159etv\u00e1\u0159\u00ed a ni\u010d\u00ed p\u0159\u00edrodu i sebe. D\u00edkybohu za tu hloupost, nebo\u0165 tlum\u00ed utrpen\u00ed. Aspo\u0148 do\u010dasn\u011b.<\/p>\n<p>Bu\u010fme vd\u011b\u010dn\u00ed, \u017ee ti na\u0161i nad\u0161en\u00ed hlasatel\u00e9 svobody, demokracie, ekonomick\u00e9ho r\u016fstu a blahobytu (aspo\u0148 pro sebe) potla\u010duj\u00ed na\u0161i ned\u016fv\u011bru, nebo respektive l\u017eou, klamou a podv\u00e1d\u011bj\u00ed. Sezn\u00e1n\u00ed pravdy je velmi hr\u016fzn\u00e9 a d\u011bsiv\u00e9. A n\u011bjak\u00e9 politick\u00e9 \u017ev\u00e1sty, tzv. svobodn\u00e9 volby a demokratick\u00e9 z\u00e1kony vyd\u00e1van\u00e9 parlamentem to v\u016fbec nijak nezm\u011bn\u00ed\u2026<\/p>\n<\/section>\n<p><a href=\"http:\/\/www.zvedavec.org\/komentare\/2021\/09\/8860-volebni-kalkulacka.htm\">Wenzel Lischka<\/a><\/p>\n<p>&nbsp;<\/p>\n","protected":false},"excerpt":{"rendered":"<p>Mo\u017en\u00e1 se k v\u00e1m tak\u00e9 dostala volebn\u00ed kalkula\u010dka. Je to jak\u00fdsi test volebn\u00edch preferenc\u00ed, kter\u00fd&#8230;<\/p>\n","protected":false},"author":2,"featured_media":4986,"comment_status":"closed","ping_status":"closed","sticky":false,"template":"","format":"standard","meta":[],"categories":[6],"tags":[29,27],"_links":{"self":[{"href":"https:\/\/www.infokuryr.cz\/n\/wp-json\/wp\/v2\/posts\/4985"}],"collection":[{"href":"https:\/\/www.infokuryr.cz\/n\/wp-json\/wp\/v2\/posts"}],"about":[{"href":"https:\/\/www.infokuryr.cz\/n\/wp-json\/wp\/v2\/types\/post"}],"author":[{"embeddable":true,"href":"https:\/\/www.infokuryr.cz\/n\/wp-json\/wp\/v2\/users\/2"}],"replies":[{"embeddable":true,"href":"https:\/\/www.infokuryr.cz\/n\/wp-json\/wp\/v2\/comments?post=4985"}],"version-history":[{"count":0,"href":"https:\/\/www.infokuryr.cz\/n\/wp-json\/wp\/v2\/posts\/4985\/revisions"}],"wp:featuredmedia":[{"embeddable":true,"href":"https:\/\/www.infokuryr.cz\/n\/wp-json\/wp\/v2\/media\/4986"}],"wp:attachment":[{"href":"https:\/\/www.infokuryr.cz\/n\/wp-json\/wp\/v2\/media?parent=4985"}],"wp:term":[{"taxonomy":"category","embeddable":true,"href":"https:\/\/www.infokuryr.cz\/n\/wp-json\/wp\/v2\/categories?post=4985"},{"taxonomy":"post_tag","embeddable":true,"href":"https:\/\/www.infokuryr.cz\/n\/wp-json\/wp\/v2\/tags?post=4985"}],"curies":[{"name":"wp","href":"https:\/\/api.w.org\/{rel}","templated":true}]}}