{"id":49847,"date":"2024-03-21T00:42:18","date_gmt":"2024-03-20T23:42:18","guid":{"rendered":"https:\/\/www.infokuryr.cz\/n\/?p=49847"},"modified":"2024-03-20T17:36:00","modified_gmt":"2024-03-20T16:36:00","slug":"skvely-den-pro-irsko-leo-varadkar-odstupuje-z-funkce-irskeho-premiera","status":"publish","type":"post","link":"https:\/\/www.infokuryr.cz\/n\/2024\/03\/21\/skvely-den-pro-irsko-leo-varadkar-odstupuje-z-funkce-irskeho-premiera\/","title":{"rendered":"&#8222;Skv\u011bl\u00fd den pro Irsko!&#8220; \u2014 Leo Varadkar odstupuje z funkce irsk\u00e9ho premi\u00e9ra"},"content":{"rendered":"<div id=\"fb-root\"><\/div>\n<p><span style=\"font-size: 18pt;\"><strong>V emotivn\u00edm projevu Leo Varadkar zd\u016fraznil sv\u00e9 domn\u011bl\u00e9 \u00fasp\u011bchy, ale uznal, \u017ee existuj\u00ed selh\u00e1n\u00ed, na kter\u00e1 \u201ep\u0159enech\u00e1 ostatn\u00edm, aby pouk\u00e1zali\u201c<\/strong><\/span><\/p>\n<p><span>Leo Varadkar ozn\u00e1mil svou rezignaci na post irsk\u00e9ho premi\u00e9ra a odstoup\u00ed, jakmile bude zvolen jeho n\u00e1stupce.<\/span><\/p>\n<p><span>V emotivn\u00edm st\u0159ede\u010dn\u00edm projevu k zemi liber\u00e1ln\u00ed politik potvrdil, \u017ee odstoup\u00ed jako irsk\u00fd premi\u00e9r i jako p\u0159edseda sv\u00e9 strany Fine Gael.<\/span><\/p>\n<p><span>Varadkar odv\u00edjel seznam sv\u00fdch osobn\u00edch \u00fasp\u011bch\u016f a \u0159ekl, \u017ee pro m\u011b bylo ct\u00ed v\u00e9st Irsko k \u201epln\u00e9 zam\u011bstnanosti, od \u00fasporn\u00fdch opat\u0159en\u00ed k prosperit\u011b a prost\u0159ednictv\u00edm pandemie, ve kter\u00e9 jsme zachr\u00e1nili \u017eivoty a \u017eivobyt\u00ed\u201c.<\/span><\/p>\n<p><span>Ocenil z\u00e1vazek sv\u00e9 administrativy v\u016f\u010di \u201eLGBT komunit\u011b\u201c a vyj\u00e1d\u0159il svou hrdost na to, \u017ee p\u0159iv\u00edtal \u201ev\u00edce ne\u017e 100 000 Ukrajinc\u016f v Irsku, kdy\u017e pot\u0159ebovali na\u0161i ochranu, bez ohledu na v\u00fdzvy, kter\u00e9 to p\u0159in\u00e1\u0161\u00ed\u201c.<\/span><\/p>\n<p><span>Irsk\u00fd v\u016fdce uznal, \u017ee existuj\u00ed oblasti, \u201eve kter\u00fdch jsme byli mnohem m\u00e9n\u011b \u00fasp\u011b\u0161n\u00ed a v n\u011bkter\u00fdch jsme bohu\u017eel za\u0161li zp\u011bt\u201c, ani\u017e by nab\u00eddl jakoukoli kvalifikaci.\u00a0&#8222;Douf\u00e1m, \u017ee mi odpust\u00edte, kdy\u017e nech\u00e1m na ostatn\u00edch, aby je na takov\u00fd den upozornili.&#8220;\u00a0Dostanou spoustu vys\u00edlac\u00edho \u010dasu a prostoru,\u201c poznamenal.<\/span><\/p>\n<p><span>\u201eNa osobn\u00ed \u00farovni m\u011b bavilo b\u00fdt premi\u00e9rem, v\u016fdcem strany a \u010dlenem vl\u00e1dy od b\u0159ezna 2011. Nau\u010dil jsem se toho tolik o tolika v\u011bcech, potkal jsem tolik lid\u00ed, kter\u00e9 bych nikdy nepotkal. Byl jsem na m\u00edstech, kter\u00e1 bych nikdy nevid\u011bl, doma i v zahrani\u010d\u00ed,\u201c \u0159ekl.<\/span><\/p>\n<p><span>\u201ePolitici jsou v\u0161ak lidsk\u00e9 bytosti a my m\u00e1me sv\u00e1 omezen\u00ed.\u00a0D\u00e1v\u00e1me tomu v\u0161echno, dokud u\u017e nem\u016f\u017eeme, a pak mus\u00edme j\u00edt d\u00e1l.\u00a0Budu samoz\u0159ejm\u011b i nad\u00e1le plnit sv\u00e9 povinnosti jako premi\u00e9r, dokud nebude zvolen nov\u00fd.<\/span><\/p>\n<p><span>&#8222;V\u00edm, \u017ee nevyhnuteln\u011b dojde ke spekulac\u00edm o &#8218;skute\u010dn\u00e9m&#8216; d\u016fvodu m\u00e9ho rozhodnut\u00ed.&#8220;\u00a0Toto jsou skute\u010dn\u00e9 d\u016fvody.\u00a0A je to.\u00a0Nic jin\u00e9ho nem\u00e1m v pl\u00e1nu.\u00a0Nem\u00e1m nic na mysli.\u00a0Nem\u00e1m \u017e\u00e1dn\u00e9 konkr\u00e9tn\u00ed osobn\u00ed ani politick\u00e9 pl\u00e1ny.\u00a0Ale opravdu se t\u011b\u0161\u00edm, a\u017e budu m\u00edt \u010das o nich p\u0159em\u00fd\u0161let,\u201c dodal.<\/span><\/p>\n<p><span>Ve\u0159ejn\u00e9 v\u00fdzvy, aby Varadkar a jeho administrativa rezignovali, v Irsku s\u00edlily po zna\u010dn\u00e9 por\u00e1\u017ece vl\u00e1dy ve dvou referendech, kter\u00e1 se konala za\u010d\u00e1tkem tohoto m\u011bs\u00edce o navrhovan\u00fdch zm\u011bn\u00e1ch irsk\u00e9 \u00fastavy.<\/span><\/p>\n<p><span>Dva pozm\u011b\u0148ovac\u00ed n\u00e1vrhy, kter\u00e9 ir\u0161t\u00ed voli\u010di zcela odm\u00edtli, se t\u00fdkaly rodiny a p\u00e9\u010de, navrhovaly roz\u0161\u00ed\u0159en\u00ed v\u00fdznamu \u201erodiny\u201c nad r\u00e1mec man\u017eelstv\u00ed mezi mu\u017eem a \u017eenou a vypou\u0161t\u011bly odkazy na \u00fast\u0159edn\u00ed roli \u201e\u017eivota \u017eeny v dom\u00e1cnosti\u201c. \u201c nahrazovat to term\u00ednem bez pohlav\u00ed.\u00a0Pozm\u011b\u0148ovac\u00ed n\u00e1vrhy byly pora\u017eeny 67,7 procenta a 73,9 procenta hlas\u016f.<\/span><\/p>\n<p><span>Vzestup odporu proti vl\u00e1dn\u00ed agentu\u0159e pro otev\u0159en\u00e9 hranice tak\u00e9 vyv\u00edjel zna\u010dn\u00fd tlak na Varadkar uprost\u0159ed z\u00e1vratn\u00fdch \u017e\u00e1dost\u00ed o p\u0159ist\u011bhovalectv\u00ed a azyl.<\/span><\/p>\n<p><span>Dokonce i s\u00e1m Varadkar loni v \u0159\u00edjnu p\u0159iznal, \u017ee m\u00edra azylu a imigrace, kter\u00e9 jsou sv\u011bdky, je ve st\u0159edn\u011bdob\u00e9m horizontu neudr\u017eiteln\u00e1, a varoval, \u017ee infrastruktura zem\u011b se brzy zhrout\u00ed, pokud bude pokra\u010dovat sou\u010dasn\u00fdm tempem.<\/span><\/p>\n<p><span>\u201eKdyby [50 000 lid\u00ed] dorazilo v pr\u016fb\u011bhu p\u0159\u00ed\u0161t\u00edho roku \u2013 a podle aktu\u00e1ln\u00edch \u010d\u00edsel by to nebylo daleko \u2013 nev\u00edme, jestli jsme schopni zajistit takovou \u00farove\u0148 ubytov\u00e1n\u00ed,\u201c \u0159ekl tehdy.<\/span><\/p>\n<p><span>\u017d\u00e1dosti o azyl st\u00e1le zaplavuj\u00ed stejnou rychlost\u00ed \u2013 probl\u00e9m, kter\u00fd nyn\u00ed bude muset vy\u0159e\u0161it Varadkar\u016fv n\u00e1stupce.<\/span><\/p>\n<p><span>Prezident Irsk\u00e9 strany svobody Hermann Kelly v rozhovoru pro Remix News prohl\u00e1sil Varadkarovu rezignaci za \u201eskv\u011bl\u00fd den pro Irsko\u201c.<\/span><\/p>\n<p><span>&#8222;Mu\u017e, kter\u00fd zp\u016fsobil tolik \u0161kody Irsku, rezignuje.&#8220;\u00a0Po sedmi letech u moci za sebou zanech\u00e1v\u00e1 d\u011bdictv\u00ed otev\u0159en\u00fdch hranic a mnohem m\u00e9n\u011b bezpe\u010dn\u00e9 zem\u011b spojen\u00e9 s masivn\u00ed bytovou kriz\u00ed a emigrac\u00ed mlad\u00fdch lid\u00ed.<\/span><\/p>\n<p><span>\u201eV\u00fdsledek referenda p\u0159ed dv\u011bma t\u00fddny by m\u011bl b\u00fdt prvn\u00edm sign\u00e1lem, \u017ee buj\u00edc\u00ed globalismus v Irsku je poprv\u00e9 po desetilet\u00edch zpochyb\u0148ov\u00e1n.\u00a0Doufejme, \u017ee bude jednou z prvn\u00edch z mnoha ztr\u00e1t a rezignac\u00ed z hibernofobn\u00edch politick\u00fdch \u0159ad,\u201c dodal.<\/span><\/p>\n<p><img decoding=\"async\" loading=\"lazy\" class=\"alignnone size-full wp-image-1185\" src=\"http:\/\/www.infokuryr.cz\/n\/wp-content\/uploads\/2021\/04\/kuryr-podpis.png\" alt=\"\" width=\"84\" height=\"24\" \/><\/p>\n<p>&nbsp;<\/p>\n","protected":false},"excerpt":{"rendered":"<p>V emotivn\u00edm projevu Leo Varadkar zd\u016fraznil sv\u00e9 domn\u011bl\u00e9 \u00fasp\u011bchy, ale uznal, \u017ee existuj\u00ed selh\u00e1n\u00ed, na&#8230;<\/p>\n","protected":false},"author":2,"featured_media":49848,"comment_status":"closed","ping_status":"closed","sticky":false,"template":"","format":"standard","meta":[],"categories":[7],"tags":[1414,71,621,1081],"_links":{"self":[{"href":"https:\/\/www.infokuryr.cz\/n\/wp-json\/wp\/v2\/posts\/49847"}],"collection":[{"href":"https:\/\/www.infokuryr.cz\/n\/wp-json\/wp\/v2\/posts"}],"about":[{"href":"https:\/\/www.infokuryr.cz\/n\/wp-json\/wp\/v2\/types\/post"}],"author":[{"embeddable":true,"href":"https:\/\/www.infokuryr.cz\/n\/wp-json\/wp\/v2\/users\/2"}],"replies":[{"embeddable":true,"href":"https:\/\/www.infokuryr.cz\/n\/wp-json\/wp\/v2\/comments?post=49847"}],"version-history":[{"count":0,"href":"https:\/\/www.infokuryr.cz\/n\/wp-json\/wp\/v2\/posts\/49847\/revisions"}],"wp:featuredmedia":[{"embeddable":true,"href":"https:\/\/www.infokuryr.cz\/n\/wp-json\/wp\/v2\/media\/49848"}],"wp:attachment":[{"href":"https:\/\/www.infokuryr.cz\/n\/wp-json\/wp\/v2\/media?parent=49847"}],"wp:term":[{"taxonomy":"category","embeddable":true,"href":"https:\/\/www.infokuryr.cz\/n\/wp-json\/wp\/v2\/categories?post=49847"},{"taxonomy":"post_tag","embeddable":true,"href":"https:\/\/www.infokuryr.cz\/n\/wp-json\/wp\/v2\/tags?post=49847"}],"curies":[{"name":"wp","href":"https:\/\/api.w.org\/{rel}","templated":true}]}}