{"id":4983,"date":"2021-09-25T03:27:41","date_gmt":"2021-09-25T01:27:41","guid":{"rendered":"http:\/\/www.infokuryr.cz\/n\/?p=4983"},"modified":"2021-09-25T03:27:50","modified_gmt":"2021-09-25T01:27:50","slug":"arogantni-mocichtivi-neumetelove-zadnou-zmenu-neprinesou","status":"publish","type":"post","link":"https:\/\/www.infokuryr.cz\/n\/2021\/09\/25\/arogantni-mocichtivi-neumetelove-zadnou-zmenu-neprinesou\/","title":{"rendered":"Arogantn\u00ed mocichtiv\u00ed neum\u011btelov\u00e9 \u017e\u00e1dnou zm\u011bnu nep\u0159inesou"},"content":{"rendered":"<div id=\"fb-root\"><\/div>\n<p>P\u0159ed ka\u017ed\u00fdmi volbami se sna\u017e\u00ed opozice vyst\u0159\u00eddat u moci vl\u00e1dn\u00ed strany a pou\u017e\u00edv\u00e1 k\u00a0tomu nejr\u016fzn\u011bj\u0161\u00edch metod. V\u011bt\u0161inou p\u0159itom spol\u00e9h\u00e1 na kr\u00e1tkou pam\u011b\u0165 voli\u010d\u016f, kte\u0159\u00ed ji\u017e sta\u010dili zapomenout, jak pr\u00e1v\u011b ona sou\u010dasn\u00e1 opozice p\u0159ed lety vl\u00e1dla. Kolik korup\u010dn\u00edch kauz jej\u00ed vl\u00e1dy p\u0159inesly, jak ostudn\u011b a sp\u00ed\u0161e jen symbolicky se zvy\u0161ovaly d\u016fchody, s jakou aroganc\u00ed a neodbornost\u00ed jej\u00ed z\u00e1stupci \u0159\u00eddili jednotliv\u00e1 ministerstva, nemluv\u011b o ostudn\u00e9 podl\u00e9zavosti v\u016f\u010di org\u00e1n\u016fm EU a mocn\u00fdm z\u00e1jmov\u00fdm skupin\u00e1m v\u00a0pozad\u00ed.<\/p>\n<p>R\u016fzn\u00ed sol\u00e1rn\u00ed baroni, agrobaroni a jin\u00ed podobn\u00ed podnikavci \u017ed\u00edmaj\u00edc\u00ed s\u00a0naprostou bezohlednost\u00ed tuto zemi ji\u017e n\u011bkolik desetilet\u00ed tu nevznikli sami od sebe. N\u011bkdo jim musel vytvo\u0159it podm\u00ednky pro jejich poh\u00e1dkov\u00e9 zisky na \u00fakor v\u011bt\u0161iny pracuj\u00edc\u00edch. Chce sou\u010dasn\u00e1 opozice i toto n\u011bjak \u0159e\u0161it nebo j\u00ed tento stav pln\u011b vyhovuje? Stejn\u011b jako naprosto ne\u00fanosn\u00e9 stamiliardov\u00e9 zisky, kter\u00e9 od n\u00e1s rok co rok odv\u00e1d\u011bj\u00ed zahrani\u010dn\u00ed firmy.<\/p>\n<p><strong>Objektivn\u00ed zpr\u00e1va o skute\u010dn\u00e9m stavu \u010cesk\u00e9 republiky sch\u00e1z\u00ed<\/strong><\/p>\n<p>Ve sv\u011btle v\u0161ech mo\u017en\u00fdch volebn\u00edch program\u016f n\u00e1m \u0159adu let citeln\u011b sch\u00e1z\u00ed odborn\u011b vypracovan\u00e1 objektivn\u00ed zpr\u00e1va o stavu \u010cesk\u00e9 republiky popisuj\u00edc\u00ed nejen sou\u010dasnou situaci, ale i re\u00e1ln\u00e9 v\u00fdhledy do budoucna opro\u0161t\u011bn\u00e9 od vzdu\u0161n\u00fdch z\u00e1mk\u016f a zbo\u017en\u00fdch p\u0159\u00e1n\u00ed. Z\u0159ejm\u011b o takov\u00fd dokument nen\u00ed na nejvy\u0161\u0161\u00edch m\u00edstech z\u00e1jem, jeliko\u017e re\u00e1ln\u00fd obraz zem\u011b je hor\u0161\u00ed, ne\u017e jej l\u00ed\u010d\u00ed vl\u00e1dci zem\u011b praktikuj\u00edc\u00ed politiku slou\u017e\u00edc\u00ed \u00fazk\u00e9 vrstv\u011b, kte\u0159\u00ed krom\u011b sebechv\u00e1ly d\u00e1vno ztratili smysl pro \u00a0realitu v\u0161edn\u00edho dne. Je tedy nutn\u00e9 p\u0159ipomenout jen n\u011bkolik m\u00e1lo \u00fadaj\u016f, kter\u00e9 v\u0161ak prozrad\u00ed mnoh\u00e9 o postaven\u00ed na\u0161\u00ed zem\u011b nejen v\u00a0r\u00e1mci EU.<\/p>\n<p>\u201e\u2026\u00a0<em>protagonist\u00e9 samotov\u00e9 revoluce sv\u00fdm nezodpov\u011bdn\u00fdm, negramotn\u00fdm a i zlomysln\u00fdm \u0159\u00edzen\u00edm se p\u0159i\u010dinili, mimo celkov\u00fd sp\u00e1d mor\u00e1lky za minul\u00fdch deset let i o obrovsk\u00e9 materi\u00e1ln\u00ed ztr\u00e1ty v\u00a0\u010d\u00e1stce, kter\u00e1 d\u011bl\u00e1 2 biliony 285 miliard korun\u2026 A kdy\u017e proanalyzujeme, co vlastn\u011b to bylo za ztr\u00e1ty, tak m\u00e1me i n\u00e1sleduj\u00edc\u00ed obraz: v\u00a0ekonomice ztr\u00e1ty d\u011blaly 1 bilion 626 miliard korun, ve zkrachoval\u00fdch bank\u00e1ch a firm\u00e1ch 407 miliard korun, v\u00a0uch\u00fdlen\u00ed od placen\u00ed dan\u00ed 180 miliard korun, neplacen\u00ed dan\u00ed 100 miliard korun, z\u00a0toho neplacen\u00ed soci\u00e1ln\u00edho a zdravotn\u00edho poji\u0161t\u011bn\u00ed 72 miliard korun\u2026 A mnou uveden\u00e9 \u00fadaje jsou p\u0159evzaty ze statistick\u00e9ho ro\u010dn\u00edku a ofici\u00e1ln\u00edho tisku.\u201c<\/em>\u00a0(V. Landa, Quo vadis, \u010cesko? \u2013 aneb \u010cesk\u00e1 republika v\u00a0obdob\u00ed 1985 \u2013 2003). Samoz\u0159ejm\u011b je zde \u0159e\u010d o \u201ezlat\u00fdch\u201c 90. letech, jak toto obdob\u00ed naz\u00fdvaj\u00ed zejm\u00e9na hlavn\u00ed protagonist\u00e9 ekonomick\u00e9 transformace, liber\u00e1ln\u00ed ekonomov\u00e9 a jim naklon\u011bn\u00ed novin\u00e1\u0159i.<\/p>\n<p>V\u00a0listopadu 2016 p\u0159ednesl tehdej\u0161\u00ed \u0161\u00e9f poradc\u016f na \u00da\u0159adu vl\u00e1dy Vladim\u00edr \u0160pidla anal\u00fdzu \u010desk\u00e9 ekonomiky, kter\u00e1 v\u00a0prvn\u00ed \u0159ad\u011b zmi\u0148ovala v\u00edce ne\u017e dvojn\u00e1sobn\u00fd odliv kapit\u00e1lu z\u00a0\u010cR ve srovn\u00e1n\u00ed se zbytkem EU. V\u00a0odv\u011btv\u00edch, kter\u00e1 maj\u00ed charakter p\u0159irozen\u00e9ho monopolu jako je nap\u0159. vod\u00e1renstv\u00ed nebo energetika jde dokonce o \u010dty\u0159n\u00e1sobek. \u010ce\u0161t\u00ed vlastn\u00edci a\u017e na v\u00fdjimky dr\u017e\u00ed jen ta odv\u011btv\u00ed, kter\u00e1 jsou z\u00a0hlediska zisku jen m\u00e1lo lukrativn\u00ed.<\/p>\n<p>Zn\u00e1m\u00e1 ekonomka Ilona \u0160vihl\u00edkov\u00e1 ve sv\u00e9m rozhovoru pro INFO. CZ p\u0159ed dv\u011bma lety vy\u010d\u00edslila \u010d\u00e1stku, kterou od n\u00e1s ro\u010dn\u011b odvedou zahrani\u010dn\u00ed subjekty podnikaj\u00edc\u00ed zde prost\u0159ednictv\u00edm sv\u00fdch dce\u0159in\u00fdch spole\u010dnost\u00ed na sumu \u010d\u00edtaj\u00edc\u00ed a\u017e p\u016fl bilionu korun. Sou\u010dasn\u011b p\u0159ipomn\u011bla, \u017ee na\u0161e mzdy pat\u0159\u00ed v\u00a0EU k\u00a0t\u011bm nejni\u017e\u0161\u00edm, p\u0159esto\u017ee \u010desk\u00fd zam\u011bstnanec tr\u00e1v\u00ed v\u00a0pr\u00e1ci v\u00edce \u010dasu, ne\u017e jeho kolega z\u00a0Rakouska \u010di N\u011bmecka. \u0160vihl\u00edkov\u00e1 ve zmi\u0148ovan\u00e9m rozhovoru d\u00e1le uvedla: \u201e<em>Politici jsou natolik spjat\u00ed s\u00a0obdob\u00edm transformace a \u0159e\u0161\u00ed hlavn\u011b ot\u00e1zku vlastn\u00edho kari\u00e9rn\u00edho p\u0159e\u017eit\u00ed, tak\u017ee by museli pop\u0159\u00edt sami sebe, aby se na tom n\u011bco zm\u011bnilo\u2026 . Postavili jsme se do role z\u00e1visl\u00e9 ekonomiky a\u017e ekonomick\u00e9 kolonie. M\u00e1me tu velkou p\u0159\u00edtomnost zahrani\u010dn\u00edho kapit\u00e1lu, po\u010d\u00e1tky transformace byly ovlivn\u011bny Washingtonsk\u00fdm konsensem, tedy \u017ee konkurenceschopnosti dos\u00e1hneme t\u00edm, \u017ee budeme lacin\u00ed \u2013 devalvujeme m\u011bnu a budeme poskytovat levnou pr\u00e1ci.\u201c<\/em><\/p>\n<p>Pod\u0159\u00edzenost na\u0161\u00ed zahrani\u010dn\u00ed politiky z\u00e1jm\u016fm ciz\u00edch mocnost\u00ed, kter\u00e1 jednozna\u010dn\u011b vypl\u00fdv\u00e1 nejen ze zam\u011b\u0159en\u00ed na\u0161\u00ed arm\u00e1dy (viz st\u00e1le dokola proklamovan\u00e1 nutnost zvy\u0161ovat v\u00fddaje na obranu, ve skute\u010dnosti jde nikoliv o zv\u00fd\u0161en\u00ed na\u0161\u00ed obranyschopnosti, n\u00fdbr\u017e o enormn\u00ed zisky zahrani\u010dn\u00edho zbrojn\u00edho pr\u016fmyslu), \u0159\u00edzen\u00ed strategick\u00fdch zak\u00e1zek, z\u00e1vislosti na dovozu potravin, neexistence siln\u00e9 \u010desk\u00e9 banky &#8211; to v\u0161e je tragickou zpr\u00e1vou o skute\u010dn\u00e9m stavu \u010cesk\u00e9 republiky 32 let po majetkov\u00e9m p\u0159evratu.\u00a0 Tato v\u0161eobecn\u011b neut\u011b\u0161en\u00e1 realita z\u0159ejm\u011b mnoh\u00fdm u n\u00e1s vyhovuje. A volby v\u00a0dne\u0161n\u00ed podob\u011b na tom ani p\u0159es sil\u00e1ck\u00e9 \u0159e\u010di politick\u00fdch kram\u00e1\u0159\u016f nic nezm\u011bn\u00ed. Lze nanejv\u00fd\u0161e vhodnou volbu vlastenecky orientovan\u00fdch politik\u016f pouze zm\u00edr\u0148ovat n\u00e1sledky tohoto vazalstv\u00ed. \u00a0Tedy t\u011bch politik\u016f, kte\u0159\u00ed sv\u016fj mand\u00e1t berou jako z\u00e1vazek slou\u017eit sv\u00e9 vlasti a jej\u00edm ob\u010dan\u016fm a nikoliv jako prost\u0159edek k\u00a0vlastn\u00edmu obohacen\u00ed.<\/p>\n<p><strong>Samostatn\u00e1, suver\u00e9nn\u00ed zahrani\u010dn\u00ed politika neexistuje<\/strong><\/p>\n<p>Je velmi tragick\u00e9, kdy\u017e se na\u0161e zahrani\u010dn\u00ed politika nam\u00edsto politiky v\u0161ech azimut\u016f, kter\u00e1 je pro zemi na\u0161\u00ed velikosti a polohy jedinou smysluplnou variantou, stala poslu\u0161n\u00fdm vykonavatelem z\u00e1jm\u016f kl\u00ed\u010dov\u00fdch zem\u00ed EU a USA, a to na \u00fakor \u017eivota na\u0161ich ob\u010dan\u016f, jejich \u017eivotn\u00ed \u00farovn\u011b, zaji\u0161t\u011bn\u00ed bezpe\u010dnosti, rozumn\u00e9 energetick\u00e9 strategie do budoucna a dal\u0161\u00edch ukazatel\u016f skute\u010dn\u00e9 vysp\u011blosti zem\u011b. \u010cinnost zejm\u00e9na posledn\u00edch t\u0159\u00ed ministr\u016f zahrani\u010d\u00ed na\u0161\u00ed vl\u00e1dy je u\u010debnicovou uk\u00e1zkou poslu\u0161n\u00e9ho vykon\u00e1v\u00e1n\u00ed \u00fakol\u016f diktovan\u00fdch ze zahrani\u010dn\u00edch ambas\u00e1d n\u011bkter\u00fdch z\u00e1padn\u00edch zem\u00ed. Viz um\u011bl\u00e1 kauza Vrb\u011btice a vyvol\u00e1n\u00ed nep\u0159\u00e1telsk\u00e9ho stavu v\u016f\u010di Rusku (n\u011bkte\u0159\u00ed politi\u010dt\u00ed idioti dokonce sebev\u011bdom\u011b vyhla\u0161uj\u00ed, \u017ee Rusov\u00e9 sami mus\u00ed p\u0159ij\u00edt ke k\u0159\u00ed\u017eku s\u00a0pros\u00edkem za obnovu normalizace vztah\u016f obou zem\u00ed), postoj na\u0161\u00ed vl\u00e1dy k\u00a0situaci na Ukrajin\u011b, v\u00a0B\u011blorusku nebo S\u00fdrii. \u017d\u00e1dn\u00e1 vlastn\u00ed samostatn\u00e1 politika v\u00a0t\u00e9to oblasti neexistuje, v\u0161e je diktov\u00e1no ze z\u00e1padn\u00ed ciziny.\u00a0 O tom nen\u00ed nejmen\u0161\u00edch pochyb. Sv\u011bd\u010d\u00ed o tom i \u010derstv\u00fd projev ministra Jakuba Kulh\u00e1nka na p\u016fd\u011b OSN. Za ten by se nemusel styd\u011bt \u017e\u00e1dn\u00fd p\u0159edstavitel kter\u00e9koliv ban\u00e1nov\u00e9 republiky.<\/p>\n<p>Zahrani\u010dn\u00ed politika EU je sm\u011bsic\u00ed chaosu, neodbornosti, dvoj\u00edho metru, neuv\u011b\u0159iteln\u00e9ho pokrytectv\u00ed a pseudohumanismu i podivn\u00e9ho lav\u00edrov\u00e1n\u00ed, kde prim hraj\u00ed ekonomick\u00e9 a mocensk\u00e9 z\u00e1jmy N\u011bmecka \u010di Francie.\u00a0 Politika na\u0161ich z\u00e1padn\u00edch soused\u016f l\u00e1kaj\u00edc\u00ed do zem\u011b \u00fadajn\u00e9 uprchl\u00edky jako pr\u00fd nezbytnou pracovn\u00ed s\u00edlu, je p\u0159\u00edmo sebevra\u017eedn\u00e1, na\u0161t\u011bst\u00ed si to uv\u011bdomuje \u010d\u00edm d\u00e1l v\u00edce nejen prost\u00fdch ob\u010dan\u016f, ale i politik\u016f.\u00a0 USA ji\u017e dlouh\u00e1 desetilet\u00ed c\u00edlen\u011b vyvol\u00e1vaj\u00ed v\u00a0r\u016fzn\u00fdch \u010d\u00e1stech sv\u011bta nejen nestabilitu a nep\u0159ehledn\u00fd chaos, ale i zk\u00e1zu a zmar tamn\u00edch obyvatel. Tot\u00e1ln\u00ed rozvraty cel\u00fdch zem\u00ed, po nich\u017e n\u00e1sleduj\u00ed p\u0159esuny velk\u00e9ho po\u010dtu osob, humanit\u00e1rn\u00ed katastrofa, slo\u017eit\u00e1 obnova infrastruktury. USA sv\u00e9 probl\u00e9my, kter\u00fdch maj\u00ed nadbytek a nav\u00edc st\u00e1le nar\u016fstaj\u00ed, vyv\u00e1\u017eej\u00ed do jin\u00fdch kontinent\u016f, aby zam\u011bstnaly jin\u00e9 st\u00e1ty a t\u011b\u017eily zejm\u00e9na ekonomicky z\u00a0tohoto stavu. N\u011bkte\u0159\u00ed hlup\u00e1ci t\u00e9to politice je\u0161t\u011b tleskaj\u00ed, a to i u n\u00e1s. Bohu\u017eel ani v\u00a0pod\u0159\u00edzenosti na\u0161\u00ed zahrani\u010dn\u00ed politiky ciz\u00edm z\u00e1jm\u016fm po\u0161kozuj\u00edc\u00edm na\u0161i vlast se po volb\u00e1ch, jak se zd\u00e1 dle pr\u016fzkum\u016f preferenc\u00ed pranic nezm\u011bn\u00ed, co\u017e je velmi zl\u00e9 pro budoucnost \u010cesk\u00e9 republiky.<\/p>\n<p>Sou\u010dasn\u00e9 podivn\u00e9 slepence stran, strani\u010dek a hnut\u00ed, kter\u00e9 se tou\u017e\u00ed za ka\u017edou cenu dostat k\u00a0moci, nab\u00edzej\u00ed jen fale\u0161n\u00e9 iluze a vzdu\u0161n\u00e9 z\u00e1mky v\u00a0podob\u011b \u00fadajn\u00e9 modernizace ekonomiky a \u0159\u00edzen\u00ed st\u00e1tu. P\u0159itom jde jen o kou\u0159ov\u00e9 clony maj\u00edc\u00ed zast\u00ednit jejich vlastn\u00ed omezenost a hrabivost, chorobnou touhu dostat se za ka\u017edou cenu k\u00a0v\u00e1lu a prov\u00e1d\u011bt politiku sebevra\u017eedn\u00e9 pod\u0159\u00edzenosti k EU a NATO, bez ohledu na velmi neblah\u00e9 d\u016fsledky takov\u00e9ho po\u010d\u00edn\u00e1n\u00ed. Pir\u00e1ti a STAN a koalice Spolu se za ka\u017edou cenu sna\u017e\u00ed p\u0159esv\u011bd\u010dit ob\u010dany o blahod\u00e1rnosti jejich budouc\u00ed vl\u00e1dy pro na\u0161i zemi. Domn\u00edvaj\u00ed se zcela myln\u011b, \u017ee kdy\u017e nalij\u00ed od ekonomiky ob\u0159\u00ed bal\u00edk pen\u011bz, bude u n\u00e1s brzy r\u00e1j. Podobnou p\u0159evratnou, ba p\u0159\u00edmo revolu\u010dn\u00ed zm\u011bnou, m\u00e1 b\u00fdt digitalizace st\u00e1tn\u00ed spr\u00e1vy. I ona se m\u00e1 dle t\u011bch, co u\u017e se vid\u00ed ve vl\u00e1dn\u00edch k\u0159eslech, st\u00e1t kouzeln\u00fdm zakl\u00ednadlem, kter\u00e9 z\u00e1zra\u010dn\u011b zefektivn\u00ed \u010dinnost st\u00e1tn\u00ed spr\u00e1vy a ob\u010dan\u016fm tak usnadn\u00ed komunikaci s\u00a0\u00fa\u0159ady a zpracov\u00e1v\u00e1n\u00ed ve\u0161ker\u00fdch \u00fa\u0159edn\u00edch agend. Co\u017e je na prvn\u00ed pohled samoz\u0159ejm\u011b zjevn\u00fd nesmysl. Takto to prost\u011b v\u00a0praxi nefunguje. Ostatn\u011b na\u0161e st\u00e1tn\u00ed spr\u00e1va nen\u00ed tak nepru\u017en\u00e1 a nemodern\u00ed, jak se \u010dasto traduje. Jej\u00ed neefektivnost zp\u016fsobuje zejm\u00e9na st\u00e1l\u00fd n\u00e1r\u016fst agend, sou\u010dasn\u00e1 v\u00a0mnoha ohledech dost nep\u0159ehledn\u00e1 legislativa a rovn\u011b\u017e n\u00edzk\u00e1 atraktivita pr\u00e1ce pro st\u00e1t pro mlad\u00e9 vzd\u011blan\u00e9 lidi. Nav\u00edc digitalizace st\u00e1tn\u00ed spr\u00e1vy postupn\u011b nab\u00edh\u00e1 ji\u017e \u0159adu let, se st\u00e1tn\u00ed spr\u00e1vou lze dnes b\u011b\u017en\u011b komunikovat elektronicky, jde jen o to, kolik lid\u00ed t\u00e9to mo\u017enosti vyu\u017e\u00edv\u00e1. Pir\u00e1ti tedy v\u00a0tomto sm\u011bru objevili ji\u017e d\u00e1vno objeven\u00e9 a spol\u00e9haj\u00ed na n\u00edzkou kompetenci voli\u010d\u016f, co\u017e se v\u011bt\u0161inou nevypl\u00e1c\u00ed.<\/p>\n<p><strong>Permanentn\u00ed boj proti korupci jako v\u00fdraz politick\u00e9 bezradnosti<\/strong><\/p>\n<p>Podobn\u011b je to se st\u00e1le opakovanou mantrou boje proti korupci. Kolik r\u016fzn\u00fdch, dnes d\u00e1vno zapomenut\u00fdch, stran i pidistrani\u010dek toto m\u011blo jako hlavn\u00ed bod sv\u00fdch jinak obsahov\u011b chudi\u010dk\u00fdch program\u016f. Kdy\u017e pak n\u011bkter\u00e9 z\u00a0nich dostaly \u0161anci s\u00a0probl\u00e9mem pohnout, nestalo se prakticky v\u016fbec nic a z\u016fstalo jen u pr\u00e1zdn\u00fdch proklamac\u00ed viz. akce \u010dist\u00e9 ruce tolik prosazovan\u00e1 Zemanovou vl\u00e1dou koncem 90. let. Co z\u00a0n\u00ed nakonec zbylo krom\u011b velk\u00e9ho humbuku a co se v\u016fbec od t\u00e9 doby u n\u00e1s zm\u011bnilo? Prakticky v\u016fbec nic. Korupce d\u00e1l kvete jako dob\u0159e p\u011bst\u011bn\u00e1 kv\u011btinka. Chce\u0161 st\u00e1tn\u00ed \u010di m\u011bstkou zak\u00e1zku, chce\u0161 prosadit sv\u00e9ho z\u00e1stupce do dozor\u010d\u00ed rady, do veden\u00ed st\u00e1tn\u00edho podniku? Tak dej provizi! Nab\u00eddni adekv\u00e1tn\u00ed protislu\u017ebu, jinak si ani ne\u0161krtne\u0161.\u00a0 Tato letit\u00e1 praxe se v\u00a0tr\u017en\u00edm hospod\u00e1\u0159stv\u00ed praktikuje s\u00a0\u017eeleznou nem\u011bnnost\u00ed ji\u017e od p\u0159evratu a nen\u00ed v\u00a0\u017e\u00e1dn\u00e9m z\u00e1jmu t\u011bch kdo ovl\u00e1daj\u00ed pen\u011bzovody na n\u00ed cokoliv zm\u011bnit. Kap\u0159i si sv\u016fj rybn\u00edk sami dobrovoln\u011b nevypust\u00ed a sv\u00e9ho vlivu nevzdaj\u00ed. Z\u00e1kon o prokazov\u00e1n\u00ed majetku m\u011bl b\u00fdt schv\u00e1len hned p\u0159i p\u0159echodu na tr\u017en\u00ed ekonomiku, tehdy by je\u0161t\u011b m\u011bl smysl. Samoz\u0159ejm\u011b za p\u0159edpokladu kvalitn\u00ed a \u0159\u00e1dn\u011b vymahateln\u00e9 pr\u00e1vn\u00ed normy m\u011b\u0159\u00edc\u00ed v\u0161em stejn\u011b ve stylu padni komu padni. Stejn\u011b jako dal\u0161\u00ed z\u00e1konn\u00e9 pojistky zabra\u0148uj\u00edc\u00ed rozkr\u00e1d\u00e1n\u00ed ve\u0159ejn\u00e9ho majetku, b\u00fdval\u00fdch st\u00e1tn\u00edch a n\u00e1rodn\u00edch podnik\u016f, dru\u017estev apod. \u00a0\u00a0Velk\u00e9 k\u0161efty a majetkov\u00e9 p\u0159esuny se v\u0161ak ve sv\u00e9 dob\u011b jaksi musely obej\u00edt bez \u0159\u00e1dn\u00e9ho pr\u00e1vn\u00edho r\u00e1mce, aby nov\u00fd re\u017eim a jeho nositel\u00e9 vytvo\u0159ili sob\u011b naklon\u011bnou p\u0159es noc z\u00e1zra\u010dn\u011b zbohatnuv\u0161\u00ed vrstvu zaji\u0161\u0165uj\u00edc\u00ed jej\u00ed moc i do budoucna. Dodnes se s\u00a0t\u00edmto neblah\u00fdm d\u011bdictv\u00edm samolib\u00fdch liber\u00e1ln\u00edch ekonom\u016f pot\u00fdk\u00e1me. V\u0161imn\u011bme si pozorn\u011b v\u00a0t\u00e9to souvislosti, pr\u00e1v\u011b nyn\u00ed p\u0159ed volbami, kdo hovo\u0159\u00ed o 90. letech u n\u00e1s jako o zlat\u00fdch \u010dasech a st\u00e1le d\u011bl\u00e1 advok\u00e1ta krimin\u00e1ln\u00edm praktik\u00e1m a velk\u00fdm zlod\u011bjn\u00e1m tehdej\u0161\u00ed doby. A\u0165 si ka\u017ed\u00fd poctiv\u011b zv\u00e1\u017e\u00ed, zda chce d\u00e1t pr\u00e1v\u011b t\u011bmto lidem mand\u00e1t k\u00a0vl\u00e1d\u011b nad touto zem\u00ed. Zp\u016fsob my\u0161len\u00ed t\u011bchto lid\u00ed a jejich n\u00e1sledovn\u00edk\u016f se nijak nezm\u011bnil a ani nezm\u011bn\u00ed. Jsou to ve sv\u00e9 podstat\u011b sebest\u0159edn\u00ed asoci\u00e1lov\u00e9, papou\u0161kuj\u00edc\u00ed hloup\u011b p\u0159\u00edru\u010dkov\u00e9 pou\u010dky o nepostradatelnosti trhu bez p\u0159\u00edvlastk\u016f pro blaho lidstva, nutn\u00e9 osobn\u00ed zodpov\u011bdnosti ka\u017ed\u00e9ho jedince, o \u00fadajn\u00fdch rovn\u00fdch \u0161anc\u00edch pro ka\u017ed\u00e9ho (krom jejich kamar\u00e1d\u016f z\u00a0byznysu p\u0159irozen\u011b, ti jsou v\u017edy ze v\u0161ech nejrovn\u011bj\u0161\u00ed). O vymahatelnosti pr\u00e1va pro v\u0161echny cudn\u011b ml\u010d\u00ed, co\u017e je ale p\u0159\u00edzna\u010dn\u00e9. Pro tyto lidi je i ch\u0159adnouc\u00ed a ze v\u0161ech stran osek\u00e1van\u00fd soci\u00e1ln\u00ed st\u00e1t p\u0159e\u017eitkem a r\u00e1di by zprivatizovali v\u0161e, co je\u0161t\u011b u n\u00e1s nen\u00ed v\u00a0soukrom\u00fdch rukou, spol\u00e9haj\u00edce p\u0159itom na magickou s\u00edlu neviditeln\u00e9 ruky trhu. T\u00e9 ruky, kter\u00e1 u\u017e mnoho prost\u00fdch lid\u00ed u n\u00e1s sta\u010dila spolehliv\u011b opakovan\u011b okr\u00e1st, znehodnotit jim jejich \u00faspory, vym\u011b\u0159it \u017ealostn\u011b n\u00edzk\u00e9 penze &#8211; tyto a\u017e posledn\u00ed dv\u011b vl\u00e1dy kone\u010dn\u011b za\u010daly narovn\u00e1vat na d\u016fstojnou \u00farove\u0148.\u00a0 Vzpome\u0148me, za kter\u00fdch vl\u00e1d se d\u016fchody u n\u00e1s zvy\u0161ovaly \u0159\u00e1dov\u011b t\u0159eba jen o desetikoruny. Ano, byly to pravicov\u00e9 vl\u00e1dy Topol\u00e1nka a Ne\u010dase tolik proklamuj\u00edc\u00ed odpov\u011bdn\u00e9 hospoda\u0159en\u00ed a nutnost uskromnit se pro ty nejpot\u0159ebn\u011bj\u0161\u00ed z\u00a0\u0159ad oby\u010dejn\u00fdch pracuj\u00edc\u00edch, d\u016fchodc\u016f, nezam\u011bstnan\u00fdch, zdravotn\u011b posti\u017een\u00fdch apod. V\u0161e ve prosp\u011bch velk\u00e9ho kapit\u00e1lu a rostouc\u00edch zisk\u016f velk\u00fdch firem a na \u00fakor v\u011bt\u0161iny lid\u00ed u n\u00e1s. Mnoz\u00ed z\u00a0t\u011bch, kdo se nyn\u00ed derou k\u00a0moci se netaj\u00ed sv\u00fdmi sympatiemi pr\u00e1v\u011b k\u00a0takov\u00e9ho politice ve stylu zisky jsou za v\u0161ech okolnost\u00ed soukrom\u00e9, ztr\u00e1ty naopak v\u017edy ve\u0159ejn\u00e9. Tito lid\u00e9 by cht\u011bli, aby ob\u010dan hr\u00e1l o sv\u016fj d\u016fchod na burze, a aby se mlad\u00fd \u010dlov\u011bk kv\u016fli pr\u016fm\u011brn\u00e9mu bydlen\u00ed stal do\u017eivotn\u00edm rukojm\u00edm zahrani\u010dn\u00edch bankovn\u00edch \u00fastav\u016f a poji\u0161\u0165oven.\u00a0 Petr Fiala disponuj\u00edc\u00ed charismatem na \u00farovni podpr\u016fm\u011brn\u00e9ho venkovsk\u00e9ho ochotn\u00edka, vid\u00edc\u00ed se u\u017e budouc\u00edm premi\u00e9rem, ostatn\u011b jasn\u011b vzk\u00e1zal sou\u010dasn\u00fdm mlad\u00fdm, \u017ee na jejich d\u016fchody mo\u017en\u00e1 v\u016fbec nebudou prost\u0159edky. Zapomn\u011bl v\u0161ak, z\u0159ejm\u011b z\u00a0vrozen\u00e9 skromnosti, dodat pro\u010d. Jeliko\u017e \u010dlenov\u00e9 jeho strany v\u00a0minulosti umo\u017enili mas\u00edvn\u00ed rozkr\u00e1d\u00e1n\u00ed st\u00e1tu, v\u010detn\u011b prost\u0159edk\u016f na d\u016fchody.<\/p>\n<p>ODS po letech opozi\u010dn\u00edho p\u016fstu bude cht\u00edt do vl\u00e1dy za ka\u017edou cenu. Proto v\u016fbec nep\u0159ekvapuje, \u017ee strana modr\u00fdch strak v\u00a0z\u00e1kulis\u00ed ji\u017e n\u011bkolik m\u011bs\u00edc\u016f \u010dile vyjedn\u00e1v\u00e1 s\u00a0hnut\u00edm ANO o p\u0159\u00edpadn\u00e9 budouc\u00ed vl\u00e1dn\u00ed spolupr\u00e1ci. S\u00e1m Babi\u0161 se nijak netaj\u00ed t\u00edm, \u017ee v\u00a0minulosti byl voli\u010dem ODS, podobn\u011b jako mnoz\u00ed jeho kolegov\u00e9 nejen v\u00a0poslaneck\u00e9m klubu. Je proto velmi \u00fasm\u011bvn\u00e9, jak si p\u0159ed volbami na oko jdou p\u0159edstavitel\u00e9 obou subjekt\u016f po krku. Docela dob\u0159e se po volb\u00e1ch mohou p\u0159\u00e1telsky obejmout a zah\u00e1jit jedn\u00e1n\u00ed o budouc\u00ed pravicov\u00e9 vl\u00e1d\u011b. U\u017e jsme si ostatn\u011b zvykli, \u017ee v\u00a0politice u n\u00e1s nic nen\u00ed nemo\u017en\u00e9. I toto je pro voli\u010de velmi v\u00fdznamn\u00e1 informace, kterou je nutn\u00e9 br\u00e1t s plnou v\u00e1\u017enost\u00ed. Ostatn\u011b hejtman Vondr\u00e1k (ANO) se ji\u017e na spolupr\u00e1ci s\u00a0ODS na vl\u00e1dn\u00ed \u00farovni velmi t\u011b\u0161\u00ed, co\u017e d\u00e1v\u00e1 najevo i sv\u00fdmi ve\u0159ejn\u00fdmi prohl\u00e1\u0161en\u00edmi. Pro\u010d ne, dobr\u00fd byznys na \u00fakor ob\u010dan\u016f se d\u00e1 provozovat nejen s\u00a0ODS, ale prakticky s\u00a0celou tzv. sou\u010dasnou demokratickou opozic\u00ed.<\/p>\n<p><strong>Klidn\u00e1 s\u00edla proti \u010desk\u00fdm n\u00e1rodn\u00edm z\u00e1jm\u016fm<\/strong><\/p>\n<p>Lidovci se u\u017e p\u0159ed lety stali \u010deskou pobo\u010dkou sudeton\u011bmeck\u00e9ho landsman\u0161aftu a jeho nestydat\u00fdch majetkov\u00fdch n\u00e1rok\u016f v\u016f\u010di \u010cesk\u00e9 republice, hanebn\u00e9ho p\u0159episov\u00e1n\u00ed d\u011bjin, kdy se z\u00a0ob\u011bt\u00ed d\u011blaj\u00ed vin\u00edci a z\u00a0vin\u00edk\u016f ob\u011bti a prodlou\u017eenou rukou katolick\u00e9 c\u00edrkve vehementn\u011b prosazuj\u00edc\u00ed sv\u00e9 vylhan\u00e9 n\u00e1roky. To je dost m\u00e1lo pro tradi\u010dn\u00ed partaj, kter\u00e1 nejen p\u0159e\u017eila v\u0161echny re\u017eimy, ale nav\u00edc s\u00a0nimi \u010dile spolupracovala. \u00a0Lidovci krom jin\u00e9ho v\u00a0minulosti aktivn\u011b podporovali nejen \u0159adu asoci\u00e1ln\u00edch opat\u0159en\u00ed polistopadov\u00fdch vl\u00e1d, ale i kroky sm\u011b\u0159uj\u00edc\u00ed k\u00a0likvidaci na\u0161\u00ed suverenity zejm\u00e9na ve vztahu k\u00a0EU a NATO. V\u00a0zahrani\u010dn\u00ed politice podporovali a podporuj\u00ed primitivn\u00ed antirusismus a likvidaci zbytk\u016f na\u0161\u00ed suverenity, v\u010detn\u011b vojensk\u00fdch zlo\u010dinn\u00fdch intervenc\u00ed USA proti tzv. neposlu\u0161n\u00fdm st\u00e1t\u016fm. I politici strany lidov\u00e9 aktivn\u011b h\u00e1jili tot\u00e1ln\u011b nestoudn\u00fd, obludn\u011b barbarsk\u00fd a mezin\u00e1rodn\u00edmu pr\u00e1vu odporuj\u00edc\u00ed \u00fatok proti zbytkov\u00e9 Jugosl\u00e1vii v\u00a0roce 1999 a tak\u00e9 oni tedy maj\u00ed na rukou krev zejm\u00e9na srbsk\u00fdch d\u011bt\u00ed, \u017een a mu\u017e\u016f. Na to nelze zapom\u00ednat! Ano, takto se chovaj\u00ed k\u0159es\u0165an\u0161t\u00ed politici ze strany lidov\u00e9, kdy\u017e jde o moc a jej\u00ed udr\u017een\u00ed. Nutno zm\u00ednit i v\u00fdrok jednoho zn\u00e1m\u00e9ho lidoveck\u00e9ho politika z\u00a090. let, je\u0161t\u011b z\u00a0doby p\u0159ed vstupem na\u0161\u00ed zem\u011b do NATO o tom, \u017ee \u201e<strong><em>kdy\u017e budeme v\u00a0NATO, potom u\u017e bude \u00fapln\u011b jedno, jak\u00e1 je u n\u00e1s vl\u00e1da\u201c.<\/em><\/strong>\u00a0Velmi p\u0159\u00edzna\u010dn\u00e1 slova novodob\u00fdch kolaborant\u016f a vlastizr\u00e1dc\u016f. Jasn\u00e1 uk\u00e1zka modern\u00edho mnichovanstv\u00ed, u\u010debnicov\u00fd p\u0159\u00edklad \u00faslu\u017en\u00e9 h\u00e1chov\u0161tiny z\u00a0dob n\u011bmeck\u00e9 okupace. Lidov\u00e1 strana je vzhledem k\u00a0letit\u00fdm zku\u0161enostem pro v\u011bt\u0161inu norm\u00e1ln\u00edch mysl\u00edc\u00edch lid\u00ed naprosto nevoliteln\u00e1. To samoz\u0159ejm\u011b neznamen\u00e1, \u017ee tato strana ve sv\u00fdch \u0159ad\u00e1ch nem\u00e1 slu\u0161n\u00e9 a poctiv\u00e9 \u010dleny, ti v\u0161ak nemaj\u00ed \u017e\u00e1dn\u00fd vliv na stranickou politiku. R\u016fzn\u00ed Jure\u010dkov\u00e9, Barto\u0161kov\u00e9 a jim podobn\u00ed si d\u00e1l hraj\u00ed sv\u00e9 hry na velkou politiku, ov\u0161em nikdy nep\u0159ekro\u010d\u00ed vlastn\u00ed \u00farovn\u00ed okresn\u00ed form\u00e1t. Ve veden\u00ed lidovc\u016f citeln\u011b sch\u00e1zej\u00ed osobnosti typu Ludv\u00edka Hovorky \u010di Stanislava Jur\u00e1nka. Sou\u010dasn\u00ed kormideln\u00edci p\u0159ipravuj\u00ed tradi\u010dn\u00ed partaji nedobrou budoucnost.<\/p>\n<p>O TOP 09 je zbyte\u010dn\u00e9 hovo\u0159it. Parta odn\u00e1rodn\u011bl\u00fdch asoci\u00e1l\u016f, m\u00ed\u0159\u00ed nezadr\u017eiteln\u011b na politick\u00e9 smeti\u0161t\u011b, kam nepochybn\u011b u\u017e d\u00e1vno pat\u0159\u00ed a nezachr\u00e1n\u00ed ji ani p\u00e1r sen\u00e1tor\u016f a jejich sil\u00e1ck\u00e9 v\u00fdroky tu proti Rusku, tu proti prezidentu Zemanovi. Arogantn\u00ed pan\u00ed Pekarov\u00e1 zn\u00e1m\u00e1\u00a0 vlastn\u00ed my\u0161lenkovou pr\u00e1zdnotou jen sv\u00fdmi sil\u00e1ck\u00fdmi v\u00fdroky odv\u00e1d\u00ed pozornost od osobn\u00ed ubohosti. Kdyby j\u00ed ODS nehodila z\u00e1chrann\u00fd kruh, po t\u011bchto volb\u00e1ch by zkompromitovan\u00ed Top\u00e1ci skon\u010dili bez poslaneck\u00fdch mand\u00e1t\u016f a odebrali se zaslou\u017een\u011b do politick\u00e9ho zapomn\u011bn\u00ed.<\/p>\n<p><strong>Politi\u010dt\u00ed chameleoni cht\u011bj\u00ed do vl\u00e1dy<\/strong><\/p>\n<p>Chameleoni ze STANu tak\u00e9 opakovan\u011b prok\u00e1zali, \u017ee jsou schopni se spojit t\u00e9m\u011b\u0159 s\u00a0ka\u017ed\u00fdm, kdo jim zaru\u010d\u00ed pod\u00edl na moci. Jsou v\u00a0tomto ohledu nesm\u00edrn\u011b pru\u017en\u00ed. Nejprve se p\u0159is\u00e1li k\u00a0TOP 09 v\u00a0dob\u011b jej\u00ed nejv\u011bt\u0161\u00ed sl\u00e1vy. Pod\u00edleli se tak na \u0159ed\u011b opat\u0159en\u00ed p\u0159in\u00e1\u0161ej\u00edc\u00ed neblah\u00e9 d\u016fsledky pro \u017eivot zejm\u00e9na soci\u00e1ln\u011b slab\u00fdch ob\u010dan\u016f, ale i \u0159adov\u00fdch zam\u011bstnanc\u016f. Pozd\u011bji, kdy\u017e TOPka m\u011bla zlat\u00e9 \u010dasy d\u00e1vno za sebou, uva\u017eovali o spojenectv\u00ed s\u00a0lidovci (p\u0159ed volbami v\u00a0roce 2017), ale lekli se kv\u00f3ty 10%, kterou by nemuseli jako koalice dvou subjekt\u016f ve volb\u00e1ch p\u0159ekonat, a\u017e nakonec skon\u010dili v\u00a0n\u00e1ru\u010d\u00ed Pir\u00e1t\u016f. Jedn\u00e1n\u00ed prodejn\u00e9 d\u011bvy, kter\u00e1 jde v\u017edy s\u00a0t\u00edm, kdo nab\u00eddne v\u00edc. Nav\u00edc STAN je hnut\u00edm radik\u00e1ln\u00edch eurohujer\u016f, pokryteck\u00fdch antikomunist\u016f, p\u0159esv\u011bd\u010den\u00fdch liber\u00e1ln\u00edch demokrat\u016f na v\u011b\u010dn\u00e9 \u010dasy a\u017e pokryje celou Evropu vliv vra\u017eedn\u00e9 ideologie islamismu. STAN je hnut\u00edm, kter\u00e9 umn\u00fdm zp\u016fsobem zneu\u017eilo v\u00a0n\u00e1zvu slovo starostov\u00e9 pro vyvol\u00e1n\u00ed dojmu, \u017ee jej podporuje v\u011bt\u0161ina starost\u016f. Opak je pravdou, \u0161lo jen o vcelku dobr\u00fd a st\u00e1le funguj\u00edc\u00ed marketingov\u00fd tah. \u010c\u00e1st voli\u010d\u016f jej je\u0161t\u011b st\u00e1le ba\u0161t\u00ed, ale i oni \u010dasem nepochybn\u011b prohl\u00e9dnou. P\u00e1nov\u00e9 Raku\u0161anov\u00e9, Gazd\u00edkov\u00e9 a spol. jsou ve skute\u010dnosti jasn\u00ed pravi\u010d\u00e1ci, co\u017e rad\u011bji nep\u0159iznaj\u00ed a z\u00a0taktick\u00fdch d\u016fvod\u016f se sna\u017e\u00ed d\u011blat na ve\u0159ejnost dojem rozumn\u00e9ho st\u0159edu, jak\u00e9si klidn\u00e9 s\u00edly, kterou se od 90. let u n\u00e1s za\u0161ti\u0165ovali zejm\u00e9na lidovci, aby t\u00edm zvy\u0161ovali sv\u016fj koali\u010dn\u00ed \u010di sp\u00ed\u0161e vyd\u011bra\u010dsk\u00fd potenci\u00e1l. V\u00edme dob\u0159e, jak se tato klidn\u00e1 s\u00edla potom chovala v\u00a0praktick\u00e9 politice. Od p\u0159esv\u011bd\u010den\u00fdch pravi\u010d\u00e1k\u016f ze STANu nelze o\u010dek\u00e1vat nic jin\u00e9ho ne\u017e poslu\u0161nost v\u016f\u010di nejr\u016fzn\u011bj\u0161\u00edm euronesmysl\u016fm a v\u00a0ekonomick\u00e9 oblasti podporu stavu, kdy nejbohat\u0161\u00ed d\u00e1l bohatnou na \u00fakor v\u011bt\u0161iny ostatn\u00edch. O zahrani\u010dn\u00ed politice ani nemluv\u011b, stejn\u011b jako o prosazov\u00e1n\u00ed zvy\u0161ov\u00e1n\u00ed v\u00fddaj\u016f na obranu. Jin\u00fdmi slovy n\u00e1kup p\u0159edra\u017een\u00e9 a nepot\u0159ebn\u00e9 vojensk\u00e9 techniky, jen aby str\u00fd\u010dek Joe byl kone\u010dn\u011b spokojen. \u00a0Ne, takov\u00e1 politika rozhodn\u011b nen\u00ed v\u00a0z\u00e1jmu \u010cesk\u00e9 republiky a v\u011bt\u0161iny na\u0161ich ob\u010dan\u016f.<\/p>\n<p><strong>Pir\u00e1ti nep\u0159edstavuj\u00ed \u017e\u00e1dnou rozumnou budoucnost pro na\u0161i zemi<\/strong><\/p>\n<p>Pir\u00e1ti stav\u00edc\u00ed se do role nov\u00e9 drav\u00e9 progresivn\u00ed s\u00edly schopn\u00e9 zmodernizovat \u010ceskou republiku, nejsou ni\u010d\u00edm jin\u00fdm ne\u017e velk\u00fdm podvodem a fale\u0161n\u00fdm l\u00e1kadlem pro mlad\u00e9 voli\u010de bez pat\u0159i\u010dn\u00fdch \u017eivotn\u00edch zku\u0161enost\u00ed. Zejm\u00e9na prvovoli\u010di jsou n\u00e1chyln\u00ed volit tzv. proti proudu, jen\u017ee tak\u00e9 oni mohou brzy ho\u0159ce litovat neuv\u00e1\u017eenou volbu. \u00a0Sta\u010d\u00ed se jen pro p\u0159\u00edklad pod\u00edvat jak\u00fdm zp\u016fsobem \u0159\u00edd\u00ed Pir\u00e1t H\u0159ib na\u0161e hlavn\u00ed m\u011bsto. To je jeden velk\u00fd festival tup\u00e9 arogance, nekompetentnosti, medi\u00e1ln\u00edho sebezviditel\u0148ov\u00e1n\u00ed, odv\u00e1d\u011bn\u00ed pozornosti od ne\u0159e\u0161en\u00fdch probl\u00e9m\u016f sm\u011brem k banalit\u00e1m. \u00a0Nejhor\u0161\u00ed na tom je, \u017ee toto v\u0161e se d\u011bje na \u00fakor tvrd\u00e9 pr\u00e1ce ve prosp\u011bch rozvoje Prahy. Rozvoj m\u011bsta se pod pir\u00e1tskou vlajkou prakticky zastavil, zato hloupostem se da\u0159\u00ed. Likvidace soch a pam\u011btn\u00edch desek, p\u0159episov\u00e1n\u00ed historie 2. sv. v\u00e1lky, provokace v\u016f\u010di v\u00fdznamn\u00fdm zem\u00edm na v\u00fdchod od na\u0161ich hranic, hran\u00ed si na vlastn\u00ed nez\u00e1vislou zahrani\u010dn\u00ed politiku, podpora ve\u0159ejn\u00e9mu promen\u00e1dov\u00e1n\u00ed agresivn\u00edch u\u0159van\u00fdch men\u0161in. To je cel\u00e1 pir\u00e1tsk\u00e1 spr\u00e1va Prahy. Tro\u0161ku m\u00e1lo, \u017ee ano. Kdy\u017e prezident republiky ned\u00e1vno H\u0159iba ve\u0159ejn\u011b vyzval, aby okam\u017eit\u011b za\u010dal \u0159e\u0161it katastrof\u00e1ln\u00ed dopravn\u00ed situaci v\u00a0hlavn\u00edm m\u011bst\u011b, reagoval tento arogantn\u00ed p\u0159episova\u010d historie jako ura\u017een\u00fd puber\u0165\u00e1k. Nebyl schopen adekv\u00e1tn\u00ed reakce, ani sebemen\u0161\u00ed sebekritiky. Pra\u017ean\u00e9 maj\u00ed nyn\u00ed v\u00a0\u010dele m\u011bsta asi nejslab\u0161\u00edho prim\u00e1tora od p\u0159evratu. Tento \u010dlov\u011bk m\u011bl b\u00fdt ji\u017e d\u00e1vno odvol\u00e1n pro naprostou neschopnost zast\u00e1vat \u0159\u00e1dn\u011b svou funkci. Mnoha vlivn\u00fdm lidem v\u0161ak pr\u00e1v\u011b on jako prim\u00e1tor zjevn\u011b pln\u011b vyhovuje, jinak se to d\u00e1 t\u011b\u017eko vysv\u011btlit. P\u0159edseda Pir\u00e1t\u016f p\u0159esto v\u00a0minulosti opakovan\u011b H\u0159iba ve\u0159ejn\u011b pochv\u00e1lil, \u017ee svou pr\u00e1ci d\u011bl\u00e1 dob\u0159e. Pan Barto\u0161 asi p\u0159\u00edli\u0161 dlouho pob\u00fdval na ostr\u00e9m letn\u00edm slunci nebo hul\u00ed n\u011bco skute\u010dn\u011b hodn\u011b siln\u00e9ho, jinak by toti\u017e takov\u00fd v\u00fdrok v\u016fbec nemohl vypustit z\u00a0\u00fast. Ve st\u0159\u00edzliv\u00e9m stavu by toto prost\u011b nemohl prohl\u00e1sit. V\u0161e zl\u00e9 je ale v\u017edy pro n\u011bco dobr\u00e9. Aspo\u0148 ob\u010dan v\u00a0praxi a v\u00a0p\u0159\u00edm\u00e9m p\u0159enosu vid\u00ed, jak by to dopadlo, kdyby se Pir\u00e1ti n\u00e1hodou dostali do vl\u00e1dn\u00edch k\u0159esel. Jeden velk\u00fd postpubert\u00e1ln\u00ed mejdan pro zlatou liber\u00e1ln\u011b demokratickou ml\u00e1de\u017e, na jeho\u017e konci je jedno velk\u00e9 nic. \u017d\u00e1dn\u00e1 re\u00e1ln\u00e1 pr\u00e1ce, jen spousta pitomost\u00ed vyd\u00e1van\u00fdch za nutnou modernizaci. Pir\u00e1ti se netaj\u00ed sv\u00fdm c\u00edlem v\u00a0podob\u011b kulturn\u00ed revoluce, kter\u00e1 m\u00e1 d\u00e1t zelenou nejr\u016fzn\u011bj\u0161\u00edm obskurn\u00edm men\u0161in\u00e1m na \u00fakor rodin, \u0159\u00e1dn\u00fdch pracuj\u00edc\u00edch ob\u010dan\u016f, d\u016fchodc\u016f. Pir\u00e1ti cht\u011bj\u00ed donutit v\u011bt\u0161inu spole\u010dnosti, aby se o v\u00fdsledky sv\u00e9 poctiv\u00e9 pr\u00e1ce pod\u011blila nezi\u0161tn\u011b a zcela dobrovoln\u011b s nep\u0159izp\u016fsobiv\u00fdmi agresivn\u00edmi men\u0161inami. Toto je politika vedouc\u00ed do pekel, kter\u00e1 m\u00e1 zcela rozlo\u017eit \u010desk\u00fd n\u00e1rod, jeho tradice, p\u0159irozenou genera\u010dn\u00ed n\u00e1vaznost a vz\u00edt na\u0161im d\u011btem budoucnost. D\u011bkuji, nechci a v\u011b\u0159\u00edm, \u017ee takov\u00fdch je n\u00e1s drtiv\u00e1 v\u011bt\u0161ina.<\/p>\n<p>Dosp\u011bl\u00fd sv\u00e9pr\u00e1vn\u00fd \u010dlov\u011bk fale\u0161n\u00fdm volebn\u00edm v\u00e1bni\u010dk\u00e1m nenalet\u00ed. Je nutno si je ale p\u0159ipom\u00ednat, stejn\u011b jako temnou minulost \u0159ady osob pova\u017euj\u00edc\u00edch sama sebe za odpov\u011bdn\u00e9 hospod\u00e1\u0159e a osv\u00edcen\u00e9 hlavy, jeliko\u017e nejr\u016fzn\u011bj\u0161\u00ed kreatury s\u00e1paj\u00edc\u00ed se po vlivn\u00fdch politick\u00fdch pozic\u00edch s\u00e1zej\u00ed v\u00a0prv\u00e9 \u0159ad\u011b na kr\u00e1tkou pam\u011b\u0165 voli\u010d\u016f. Jist\u00e9 je, \u017ee p\u0159\u00edpadn\u00e1 vl\u00e1da pravicov\u00e9ho slepence Spolu s\u00a0podivn\u00fdm spojenectv\u00edm Pir\u00e1t\u016f a STANu by n\u00e1s mohla p\u0159ij\u00edt hodn\u011b draho. Slep\u00fdm ulic\u00edm je dobr\u00e9 se vyh\u00fdbat nejen v\u00a0re\u00e1ln\u00e9m \u017eivot\u011b, ale i v\u00a0politice. P\u0159\u00edpadn\u00e1 budouc\u00ed vl\u00e1da arogantn\u00edch tlu\u010dhub\u016f nab\u00edzej\u00edc\u00ed d\u00e1vno pro\u0161l\u00e9 zbo\u017e\u00ed v\u00a0nov\u00fdch obalech je typickou slepou uli\u010dkou. Pro na\u0161i zemi a jej\u00ed skute\u010dn\u00fd rozvoj ve prosp\u011bch oby\u010dejn\u00fdch lid\u00ed, nikoliv zbohatl\u00edk\u016f a zlatokop\u016f je ka\u017edop\u00e1dn\u011b v\u00fdhodn\u00e9 se t\u00e9to slep\u00e9 ulici zdaleka vyhnout. M\u00e1me to ostatn\u011b st\u00e1le je\u0161t\u011b ve sv\u00fdch rukou. Ano, mnoz\u00ed by si r\u00e1di zahr\u00e1li aspo\u0148 epizodn\u011b prvn\u00ed politickou ligu, a\u010dkoliv jejich schopnosti sta\u010d\u00ed s\u00a0b\u00eddou na t\u0159et\u00ed ligu \u010di sp\u00ed\u0161e divizi.\u00a0 A o tom to je.<\/p>\n<p><strong>Bc. Miroslav Po\u0159\u00edzek<\/strong><\/p>\n<p>&nbsp;<\/p>\n<p>&nbsp;<\/p>\n","protected":false},"excerpt":{"rendered":"<p>P\u0159ed ka\u017ed\u00fdmi volbami se sna\u017e\u00ed opozice vyst\u0159\u00eddat u moci vl\u00e1dn\u00ed strany a pou\u017e\u00edv\u00e1 k\u00a0tomu nejr\u016fzn\u011bj\u0161\u00edch&#8230;<\/p>\n","protected":false},"author":2,"featured_media":715,"comment_status":"closed","ping_status":"closed","sticky":false,"template":"","format":"standard","meta":[],"categories":[6],"tags":[29,27],"_links":{"self":[{"href":"https:\/\/www.infokuryr.cz\/n\/wp-json\/wp\/v2\/posts\/4983"}],"collection":[{"href":"https:\/\/www.infokuryr.cz\/n\/wp-json\/wp\/v2\/posts"}],"about":[{"href":"https:\/\/www.infokuryr.cz\/n\/wp-json\/wp\/v2\/types\/post"}],"author":[{"embeddable":true,"href":"https:\/\/www.infokuryr.cz\/n\/wp-json\/wp\/v2\/users\/2"}],"replies":[{"embeddable":true,"href":"https:\/\/www.infokuryr.cz\/n\/wp-json\/wp\/v2\/comments?post=4983"}],"version-history":[{"count":0,"href":"https:\/\/www.infokuryr.cz\/n\/wp-json\/wp\/v2\/posts\/4983\/revisions"}],"wp:featuredmedia":[{"embeddable":true,"href":"https:\/\/www.infokuryr.cz\/n\/wp-json\/wp\/v2\/media\/715"}],"wp:attachment":[{"href":"https:\/\/www.infokuryr.cz\/n\/wp-json\/wp\/v2\/media?parent=4983"}],"wp:term":[{"taxonomy":"category","embeddable":true,"href":"https:\/\/www.infokuryr.cz\/n\/wp-json\/wp\/v2\/categories?post=4983"},{"taxonomy":"post_tag","embeddable":true,"href":"https:\/\/www.infokuryr.cz\/n\/wp-json\/wp\/v2\/tags?post=4983"}],"curies":[{"name":"wp","href":"https:\/\/api.w.org\/{rel}","templated":true}]}}