{"id":49826,"date":"2024-03-20T06:55:27","date_gmt":"2024-03-20T05:55:27","guid":{"rendered":"https:\/\/www.infokuryr.cz\/n\/?p=49826"},"modified":"2024-03-20T07:01:39","modified_gmt":"2024-03-20T06:01:39","slug":"ve-veku-98-let-zemrel-olomoucko-brnensky-pravoslavny-arcibiskup-simeon","status":"publish","type":"post","link":"https:\/\/www.infokuryr.cz\/n\/2024\/03\/20\/ve-veku-98-let-zemrel-olomoucko-brnensky-pravoslavny-arcibiskup-simeon\/","title":{"rendered":"Ve v\u011bku 98 let zem\u0159el olomoucko-brn\u011bnsk\u00fd pravoslavn\u00fd arcibiskup Simeon"},"content":{"rendered":"<div id=\"fb-root\"><\/div>\n<p><span style=\"font-size: 18pt;\"><strong>V \u00fater\u00fd dne 19. b\u0159ezna v odpoledn\u00edch hodin\u00e1ch byl povol\u00e1n na v\u011b\u010dnost olomoucko-brn\u011bnsk\u00fd pravoslavn\u00fd arcibiskup Simeon<\/strong><\/span><\/p>\n<p>Jeho Vysokop\u0159eosv\u00edcenost vladyka Simeon, ob\u010dansk\u00fdm jm\u00e9nem ThDr. Radivoj Jakovljevi\u010d, se narodil v Praze 12. \u00fanora 1926 ve sm\u00ed\u0161en\u00e9 pravoslavn\u00e9 srbsko-\u010desk\u00e9 rodin\u011b. Otec Milutin Jakovljevi\u010d byl pravoslavn\u00fd duchovn\u00ed. V Praze vystudoval Radivoj Jakovljevi\u010d re\u00e1ln\u00e9 gymn\u00e1zium.<\/p>\n<p>V roce 1945 zah\u00e1jil studium na Teologick\u00e9 fakult\u011b Karlovy univerzity. Sv\u00e9 osmilet\u00e9 studium ukon\u010dil na Pravoslavn\u00e9 duchovn\u00ed akademii v Leningrad\u011b v roce 1953. \u0160est let pak p\u0159edn\u00e1\u0161el na Pravoslavn\u00e9 bohosloveck\u00e9 fakult\u011b v Pre\u0161ov\u011b, hlavn\u011b Star\u00fd z\u00e1kon a patrologii. Kdy\u017e mu bylo tehdej\u0161\u00edm re\u017eimem dal\u0161\u00ed p\u0159edn\u00e1\u0161en\u00ed znemo\u017en\u011bno, v\u011bnoval se cele sv\u00e9 farnosti a p\u00edsemn\u00e9 \u010dinnosti.<\/p>\n<p>Roku 1958 se o\u017eenil s R\u016f\u017eenou Sl\u00e1movou a p\u0159ijal kn\u011b\u017esk\u00e9 sv\u011bcen\u00ed. Od roku 1959 byl ustanoven duchovn\u00edm spr\u00e1vcem Pravoslavn\u00e9 c\u00edrkevn\u00ed obce v Mari\u00e1nsk\u00fdch L\u00e1zn\u00edch. V t\u00e9to farnosti p\u016fsobil \u010dty\u0159icet let.<\/p>\n<p>V roce 1963 vystudoval d\u00e1lkov\u011b P\u0159ekladatelskou fakultu Vysok\u00e9 \u0161koly rusk\u00e9ho jazyka a literatury v Praze. Od roku 1969 byl \u010dlenem Ekumenick\u00e9 komise pro Star\u00fd z\u00e1kon, ve kter\u00e9 se pod veden\u00edm profesora Milo\u0161e Bi\u010de pod\u00edlel na p\u0159ekladu Star\u00e9ho z\u00e1kona do modern\u00ed \u010de\u0161tiny, jen\u017e postupn\u011b vy\u0161el s v\u00fdkladem ve \u010dtrn\u00e1cti svazc\u00edch. Pozd\u011bji pracoval v t\u00e9to komisi i na vyd\u00e1n\u00ed Nov\u00e9ho z\u00e1kona a pomohl tak ke kompletn\u00edmu \u010desk\u00e9mu ekumenick\u00e9mu p\u0159ekladu Bible.<\/p>\n<p>V roce 1982 obh\u00e1jil svou doktorskou dizertaci prac\u00ed \u201eIzai\u00e1\u0161\u016fv EBED JHVH a smysl jeho utrpen\u00ed\u201c na Bohosloveck\u00e9 fakult\u011b v Pre\u0161ov\u011b a byl promov\u00e1n na doktora teologie. Pot\u00e9 se pravideln\u011b z\u00fa\u010dast\u0148oval kongres\u016f Mezin\u00e1rodn\u00ed organizace pro studium Star\u00e9ho z\u00e1kona IOSOT: v roce 1983 v Salamance, v roce 1986 v Jeruzal\u00e9m\u011b, kde m\u011bl p\u0159edn\u00e1\u0161ku, v roce 1989 v Lovani, v roce 1992 v Pa\u0159\u00ed\u017ei, v roce 1995 v Cambridgia v roce 2001 v Basileji.<\/p>\n<p>V roce 1996 ovdov\u011bl a o dva roky pozd\u011bji, v kv\u011btnu 1998, byl zvolen pomocn\u00fdm biskupem pra\u017esk\u00e9 eparchie, dne 21. 6. pak vysv\u011bcen na biskupa mari\u00e1nskol\u00e1ze\u0148sk\u00e9ho se jm\u00e9nem Simeon. V roce 2000 byl ustanoven biskupem olomoucko-brn\u011bnsk\u00fdm (pozd\u011bji pov\u00fd\u0161en do hodnosti arcibiskupa) a v t\u00e9to funkci setrv\u00e1val a\u017e do sv\u00e9 smrti.<\/p>\n<p>Cel\u00fd sv\u016fj aktivn\u00ed \u017eivot byl liter\u00e1rn\u011b \u010dinn\u00fd. P\u0159isp\u00edval do c\u00edrkevn\u00edho tisku exegetick\u00fdmi \u010dl\u00e1nky, \u00favahami, b\u00e1sn\u011bmi i pov\u00eddkami. Je\u0161t\u011b roku 1958 vydal skripta k cel\u00e9 Bibli krom\u011b knih Moj\u017e\u00ed\u0161ov\u00fdch. V c\u00edrkvi je zn\u00e1m jeho p\u0159eklad z d\u00edla metropolity (pozd\u011bj\u0161\u00edho patriarchy) Sergije (Stragorodsk\u00e9ho) \u201eO spasen\u00ed\u201c. V roce 1990 p\u0159ipravil k vyd\u00e1n\u00ed knihu archimandrity S\u00e1vy Nerudy \u201e\u017divot na\u0161eho P\u00e1na Je\u017e\u00ed\u0161e Krista\u201c. V roce 2000 vy\u0161la kn\u00ed\u017eka jeho v\u00e1no\u010dn\u00edch pov\u00eddek \u201eDoteky odjinud\u201c a v roce 2003 biblick\u00e1 zamy\u0161len\u00ed \u201eJe\u017e\u00ed\u0161\u016fv p\u0159\u00edchod\u201c. V r. 2005 vydal \u00fapravu sv\u00e9 doktorsk\u00e9 pr\u00e1ce \u201eTajemstv\u00ed staroz\u00e1konn\u00edho proroctv\u00ed\u201c. Pozd\u011bji vydal p\u0159eklad jit\u0159n\u00edch a ve\u010dern\u00edch modliteb \u201eOd sp\u00e1nku do sp\u00e1nku\u201c. V r. 2014 vydal knihu \u201eNed\u011ble s Je\u017e\u00ed\u0161em\u201c, kter\u00e1 je sb\u00edrkou jeho ned\u011bln\u00edch k\u00e1z\u00e1n\u00ed a do\u010dkala se velk\u00e9ho \u00fasp\u011bchu mezi v\u011b\u0159\u00edc\u00edmi.<\/p>\n<p>Vladyka Simeon v\u017edy vynikal jako dobr\u00fd past\u00fd\u0159 jemu sv\u011b\u0159en\u00e9ho st\u00e1dce. Jako dlouholet\u00fd duchovn\u00ed spr\u00e1vce v Mari\u00e1nsk\u00fdch L\u00e1zn\u00edch je zn\u00e1m svou p\u00e9\u010d\u00ed o pravoslavn\u00e9 rodiny, rozpt\u00fdlen\u00e9 v \u0161irok\u00e9 diaspo\u0159e, kter\u00e9 pravideln\u011b nav\u0161t\u011bvoval. U\u010dil d\u011bti n\u00e1bo\u017eenstv\u00ed, vedl biblick\u00e9 besedy a po\u0159\u00e1dal ka\u017ed\u00fd rok d\u011btsk\u00e1 letn\u00ed setk\u00e1n\u00ed na fa\u0159e v T\u011b\u0161ov\u011b. V na\u0161em c\u00edrkevn\u00edm tisku publikoval dlouhou \u0159adu katechetick\u00fdch \u010dl\u00e1nk\u016f.\u00a0 Na setk\u00e1n\u00edch s kn\u011b\u017e\u00edmi neust\u00e1le nab\u00e1d\u00e1 sv\u00e9 duchovenstvo, aby se v ka\u017ed\u00e9 c\u00edrkevn\u00ed obci n\u00e1bo\u017eenstv\u00ed systematicky vyu\u010dovalo.<\/p>\n<p>Jako eparchi\u00e1ln\u00ed biskup na Morav\u011b usiloval o prohlouben\u00ed zdej\u0161\u00edho duchovn\u00edho \u017eivota a dohl\u00ed\u017eel na \u0159\u00e1dn\u00e9 kon\u00e1n\u00ed bohoslu\u017eeb ve sv\u00e9 eparchii. Vysv\u011btil tak\u00e9 mnoho nov\u00fdch kn\u011b\u017e\u00ed pro osi\u0159el\u00e9 c\u00edrkevn\u00ed obce. Hlavn\u00ed jeho starost\u00ed jako archijereje bylo, aby ka\u017ed\u00e1 c\u00edrkevn\u00ed obec m\u011bla sv\u00e9ho st\u00e1l\u00e9ho duchovn\u00edho spr\u00e1vce. Je zast\u00e1ncem liturgick\u00e9 prostoty, co se vn\u011bj\u0161\u00ed formy t\u00fd\u010de, s d\u016frazem na vyniknut\u00ed vnit\u0159n\u00edho duchovn\u00edho obsahu bohoslu\u017eeb \u2013 jak to odpov\u00edd\u00e1 m\u00edstn\u00ed tradici odv\u00edjej\u00edc\u00ed se od misijn\u00edho d\u00edla sv. biskupa mu\u010dedn\u00edka Gorazda. I v pokro\u010dil\u00e9m v\u011bku nav\u0161t\u011bvoval arcibiskup Simeon farnosti, slou\u017eil a hl\u00e1sal Bo\u017e\u00ed slovo. Jeho k\u00e1z\u00e1n\u00ed byla pov\u011bstn\u00e1 svou hloubkou a d\u016frazem na mor\u00e1ln\u00ed pevnost a k\u0159es\u0165ansk\u00e9 mravn\u00ed z\u00e1sady. V osobn\u00edm \u017eivot\u011b v\u017edy dokazoval svoji nesmi\u0159itelnost v\u016f\u010di l\u017ei a svou \u00factu k poznan\u00e9 pravd\u011b.<\/p>\n<p>Pravoslavn\u00e1 c\u00edrkev co do po\u010dtu v\u011b\u0159\u00edc\u00edch je v dne\u0161n\u00ed dob\u011b, po katolick\u00e9 c\u00edrkvi, druh\u00e1 nejv\u011bt\u0161\u00ed k\u0159es\u0165ansk\u00e1 denominace v \u010cesk\u00e9 republice.<\/p>\n<p><img decoding=\"async\" loading=\"lazy\" class=\"alignnone size-full wp-image-1185\" src=\"http:\/\/www.infokuryr.cz\/n\/wp-content\/uploads\/2021\/04\/kuryr-podpis.png\" alt=\"\" width=\"84\" height=\"24\" \/><\/p>\n<p>&nbsp;<\/p>\n","protected":false},"excerpt":{"rendered":"<p>V \u00fater\u00fd dne 19. b\u0159ezna v odpoledn\u00edch hodin\u00e1ch byl povol\u00e1n na v\u011b\u010dnost olomoucko-brn\u011bnsk\u00fd pravoslavn\u00fd arcibiskup&#8230;<\/p>\n","protected":false},"author":2,"featured_media":49827,"comment_status":"closed","ping_status":"closed","sticky":false,"template":"","format":"standard","meta":[],"categories":[6],"tags":[1413,6985,523],"_links":{"self":[{"href":"https:\/\/www.infokuryr.cz\/n\/wp-json\/wp\/v2\/posts\/49826"}],"collection":[{"href":"https:\/\/www.infokuryr.cz\/n\/wp-json\/wp\/v2\/posts"}],"about":[{"href":"https:\/\/www.infokuryr.cz\/n\/wp-json\/wp\/v2\/types\/post"}],"author":[{"embeddable":true,"href":"https:\/\/www.infokuryr.cz\/n\/wp-json\/wp\/v2\/users\/2"}],"replies":[{"embeddable":true,"href":"https:\/\/www.infokuryr.cz\/n\/wp-json\/wp\/v2\/comments?post=49826"}],"version-history":[{"count":1,"href":"https:\/\/www.infokuryr.cz\/n\/wp-json\/wp\/v2\/posts\/49826\/revisions"}],"predecessor-version":[{"id":49828,"href":"https:\/\/www.infokuryr.cz\/n\/wp-json\/wp\/v2\/posts\/49826\/revisions\/49828"}],"wp:featuredmedia":[{"embeddable":true,"href":"https:\/\/www.infokuryr.cz\/n\/wp-json\/wp\/v2\/media\/49827"}],"wp:attachment":[{"href":"https:\/\/www.infokuryr.cz\/n\/wp-json\/wp\/v2\/media?parent=49826"}],"wp:term":[{"taxonomy":"category","embeddable":true,"href":"https:\/\/www.infokuryr.cz\/n\/wp-json\/wp\/v2\/categories?post=49826"},{"taxonomy":"post_tag","embeddable":true,"href":"https:\/\/www.infokuryr.cz\/n\/wp-json\/wp\/v2\/tags?post=49826"}],"curies":[{"name":"wp","href":"https:\/\/api.w.org\/{rel}","templated":true}]}}