{"id":49819,"date":"2024-03-20T06:05:45","date_gmt":"2024-03-20T05:05:45","guid":{"rendered":"https:\/\/www.infokuryr.cz\/n\/?p=49819"},"modified":"2024-03-20T06:20:30","modified_gmt":"2024-03-20T05:20:30","slug":"michael-svatos-panika-v-nato-zapadni-profesionalni-vojaci-zacali-hromadne-prchat-do-civilu","status":"publish","type":"post","link":"https:\/\/www.infokuryr.cz\/n\/2024\/03\/20\/michael-svatos-panika-v-nato-zapadni-profesionalni-vojaci-zacali-hromadne-prchat-do-civilu\/","title":{"rendered":"Michael Svato\u0161: Panika v NATO! Z\u00e1padn\u00ed profesion\u00e1ln\u00ed voj\u00e1ci za\u010dali hromadn\u011b prchat do civilu!"},"content":{"rendered":"<div id=\"fb-root\"><\/div>\n<p><span style=\"font-size: 14pt;\"><strong>Panika v NATO! Z\u00e1padn\u00ed profesion\u00e1ln\u00ed voj\u00e1ci za\u010dali hromadn\u011b prchat do civilu! \u017d\u00e1dn\u00fd nechce b\u00fdt \u201culoven\u201d Rusem na Ukrajin\u011b! Americk\u00e9 tanky Abrams tam ho\u0159\u00ed jako pochodn\u011b a u\u017e dostaly z\u00e1kaz \u2013 pokou\u0161et se bojovat s rusk\u00fdmi tanky! \u0160okuj\u00edc\u00ed videa z ukrajinsk\u00e9ho boji\u0161t\u011b!<\/strong><\/span><\/p>\n<p>Cel\u00e9 slavn\u00e9 NATO,\u00a0<a href=\"https:\/\/www.kyivpost.com\/post\/29778\">jak v\u010dera smutn\u011b p\u0159iznal samotn\u00fd Kyjev<\/a>, nem\u00e1 \u017e\u00e1dn\u00fd tank, kter\u00fd by nyn\u00ed mohl bojovat proti Putinovi! V\u0161echny z\u00e1padn\u00ed tanky maj\u00ed podle Ukrajinc\u016f kritickou konstruk\u010dn\u00ed chybu. Tu u\u017e Rusov\u00e9 nejen odhalili, ale i p\u0159i\u0161li na jednoduch\u00fd a levn\u00fd zp\u016fsob, jak j\u00ed vyu\u017e\u00edt, a masov\u011b pos\u00edlat z\u00e1padn\u00ed tanky na v\u011b\u010dnost i s jejich os\u00e1dkami. Generalita NATO se cel\u00e1 desetilet\u00ed vysm\u00edvala rusk\u00fdm tank\u016f T-72 a jejich nov\u011bj\u0161\u00edm typ\u016fm, \u017ee po \u00fasp\u011b\u0161n\u00e9m z\u00e1sahu, kter\u00fd proraz\u00ed jejich panc\u00ed\u0159, cel\u00fd rusk\u00fd tank vylet\u00ed do vzduchu i se svou os\u00e1dkou, proto\u017ee m\u00e1 munici uvnit\u0159 vlastn\u00edho bojov\u00e9ho prostoru pod v\u011b\u017e\u00ed, a ta po z\u00e1sahu vybuchne, a cel\u00fd tank zni\u010d\u00ed.<\/p>\n<p>A skute\u010dn\u011b \u2013 V prvn\u00edch m\u011bs\u00edc\u00edch boj\u016f na Ukrajin\u011b, z\u00e1padn\u00ed protitankov\u00e9 rakety FGM-145 Javelin, po tis\u00edc\u00edch dod\u00e1van\u00e9 zem\u011bmi NATO\u00a0 vojsk\u016fm kyjevsk\u00e9ho re\u017eimu, potvrzovaly tuto zn\u00e1mou \u201ckonstruk\u010dn\u00ed chybu rusk\u00fdch tank\u016f\u201d, a ty pl\u00e1polaly po cel\u00e9 Ukrajin\u011b po stovk\u00e1ch.<\/p>\n<p><a href=\"https:\/\/stranapro.cz\/\"><img decoding=\"async\" loading=\"lazy\" class=\"alignnone wp-image-40285 aligncenter\" src=\"http:\/\/www.infokuryr.cz\/n\/wp-content\/uploads\/2023\/11\/11pro-300x79.png\" alt=\"\" width=\"661\" height=\"174\" srcset=\"https:\/\/www.infokuryr.cz\/n\/wp-content\/uploads\/2023\/11\/11pro-300x79.png 300w, https:\/\/www.infokuryr.cz\/n\/wp-content\/uploads\/2023\/11\/11pro.png 363w\" sizes=\"(max-width: 661px) 100vw, 661px\" \/><\/a><\/p>\n<p>Jen\u017ee \u2013 Rusov\u00e9 jsou od p\u0159\u00edrody vynal\u00e9zav\u00ed, a tak sv\u00e9 tanky rychle zmodernizovali, a um\u00edstili na n\u011b dodate\u010dn\u00e9 ochrann\u00e9 \u201c\u0159et\u011bzy a pletiva\u201d z nejmodern\u011bj\u0161\u00edch materi\u00e1l\u016f, a tyto prvky nejen zneutralizovaly \u00fatoky st\u0159elami Javelin, ale uk\u00e1zaly se tak\u00e9 naprosto \u00fa\u010dinn\u00e9 i proti dron\u016fm, a r\u016fzn\u00fdm modern\u00edm \u201cpanc\u00e9\u0159ovk\u00e1m\u201d.\u00a0 Jednoduchou p\u0159estavbou tak vlastn\u011b vznikly \u00fapln\u011b nov\u00e9 rusk\u00e9 tanky, na kter\u00e9 plat\u00ed u\u017e jen protitankov\u00e1 mina, a nebo nep\u0159\u00e1telsk\u00fd tankov\u00fd kan\u00f3n. A jak se loni a letos rychle uk\u00e1zalo, z \u201cvysm\u00edvan\u00e9\u201d nev\u00fdhody rusk\u00fdch tank\u016f se stala rozhoduj\u00edc\u00ed v\u00fdhoda. Abychom ji vysv\u011btlili,\u00a0<a href=\"https:\/\/t.me\/odshbr_79\/3369\">prohl\u00e9dn\u011bte si nejprve toto ukrajinsk\u00e9 video<\/a>, kter\u00e9 p\u0159ed p\u00e1r dny zachytilo zni\u010den\u00ed tanku M1 Abrams oby\u010dejn\u00fdm levn\u00fdm rusk\u00fdm modifikovan\u00fdm civiln\u00edm dronem.<\/p>\n<p>Na videu jste vid\u011bli, jak do zadn\u00ed \u201cnepanc\u00e9\u0159ovan\u00e9\u201d \u010d\u00e1sti tanku Abrams M1 ude\u0159il rusk\u00fd dron a cel\u00e1 \u010d\u00e1st, ve kter\u00e9 maj\u00ed z\u00e1padn\u00ed tanky ulo\u017eenou munici, aby nevybuchla ve vnit\u0159n\u00edm\u00a0 panc\u00e9\u0159ov\u00e9m bojov\u00e9m prostoru jako u Rus\u016f, nejprve vzpl\u00e1la, a potom se zn\u00ed v m\u017eiku roz\u0161\u00ed\u0159il po\u017e\u00e1r, kter\u00fd zni\u010dil cel\u00fd tank, a usma\u017eil jednoho \u010dlena os\u00e1dky, kter\u00fd tank nedok\u00e1zal v\u010das opustit. Zat\u00edmco z\u00e1padn\u00ed protitankov\u00e9 rakety Javelin a drony dnes d\u00edky \u201c\u0159et\u011bz\u016fm a pletiv\u016fm\u201d neproraz\u00ed panc\u00ed\u0159 rusk\u00e9ho tanku, a ten nevybuchne, i ty nejlevn\u011bj\u0161\u00ed rusk\u00e9 drony snadno mal\u00fdmi shazovan\u00fdmi n\u00e1lo\u017eemi proraz\u00ed zadn\u00ed \u010d\u00e1st z\u00e1padn\u00ed nepanc\u00e9\u0159ovan\u00e9 v\u011b\u017ee a podp\u00e1l\u00ed v n\u00ed um\u00edst\u011bnou munici, a ta vyp\u00e1l\u00ed cel\u00fd tank. Rusk\u00fd tank tak m\u016f\u017ee b\u00fdt zni\u010den pouze v tankov\u00e9m souboji, ale \u017e\u00e1dn\u00fd z\u00e1padn\u00ed tank se nedok\u00e1\u017ee k rusk\u00e9mu tanku p\u0159ibl\u00ed\u017eit na dost\u0159el, proto\u017ee ho p\u0159edt\u00edm snadno podp\u00e1l\u00ed sme\u010dky rusk\u00fdch dron\u016f, kter\u00e9 se na z\u00e1padn\u00ed tanky vrhaj\u00ed v roj\u00edch jako vztekl\u00e9 v\u010dely na mlsn\u00e9ho zlod\u011bje medu. Sami Ukrajinci v\u010dera ozn\u00e1mili, \u017ee \u017e\u00e1dn\u00e9 dal\u0161\u00ed z\u00e1padn\u00ed tanky Leopard, Abrams ani Challanger u\u017e od NATO necht\u011bj\u00ed, proto\u017ee jsou k ni\u010demu, proto\u017ee je snadno decimuj\u00ed roje rusk\u00fdch dron\u016f, je\u0161t\u011b d\u0159\u00edv ne\u017e se dok\u00e1\u017e\u00ed p\u0159ivalit na frontu. Z konstruk\u010dn\u00ed v\u00fdhody, kter\u00e1 m\u011bla z\u00e1padn\u00ed tanky zv\u00fdhodnit v p\u0159\u00edm\u00e9m souboji s rusk\u00fdmi tanky, se tak stala kritick\u00e1 konstruk\u010dn\u00ed nev\u00fdhoda, kter\u00e1 \u017e\u00e1dn\u00e9mu z\u00e1padn\u00edmu tanku neumo\u017e\u0148uje bojovat v modern\u00ed v\u00e1lce dron\u016f.<\/p>\n<div id=\"attachment_9733\" class=\"wp-caption aligncenter\" style=\"width: 927px;\">\n<p><img decoding=\"async\" loading=\"lazy\" class=\" wp-image-9733\" src=\"https:\/\/www.michalapetr.com\/wp-content\/uploads\/2024\/03\/e8ce5eb58ecf4618999f412e23ea6cae.jpg\" sizes=\"(max-width: 1280px) 100vw, 1280px\" srcset=\"https:\/\/www.michalapetr.com\/wp-content\/uploads\/2024\/03\/e8ce5eb58ecf4618999f412e23ea6cae.jpg 1280w, https:\/\/www.michalapetr.com\/wp-content\/uploads\/2024\/03\/e8ce5eb58ecf4618999f412e23ea6cae-300x196.jpg 300w, https:\/\/www.michalapetr.com\/wp-content\/uploads\/2024\/03\/e8ce5eb58ecf4618999f412e23ea6cae-1030x674.jpg 1030w, https:\/\/www.michalapetr.com\/wp-content\/uploads\/2024\/03\/e8ce5eb58ecf4618999f412e23ea6cae-768x502.jpg 768w, https:\/\/www.michalapetr.com\/wp-content\/uploads\/2024\/03\/e8ce5eb58ecf4618999f412e23ea6cae-705x461.jpg 705w, https:\/\/www.michalapetr.com\/wp-content\/uploads\/2024\/03\/e8ce5eb58ecf4618999f412e23ea6cae-450x294.jpg 450w\" alt=\"\" width=\"927\" height=\"606\" aria-describedby=\"caption-attachment-9733\" \/><\/p>\n<p id=\"caption-attachment-9733\" class=\"wp-caption-text\"><a href=\"https:\/\/zvezdaweekly.ru\/news\/20231051625-QRsOB.html\">T-90m Proryv posledn\u00ed s\u00e9riov\u00e1 varianta<\/a>\u00a0\u2013 jsou na n\u00ed kr\u00e1sn\u011b vid\u011bt prvky ochrany proti dron\u016fm a protitankov\u00fdm st\u0159el\u00e1m, kter\u00e9 z\u00e1padn\u00ed tanky postr\u00e1daj\u00ed. Pod tepelnou izolac\u00ed cel\u00e9ho tanku, (hust\u00e9 speci\u00e1ln\u00ed tkaniny, kter\u00e9 maskuj\u00ed tank p\u0159ed levn\u00fdmi senzory dron\u016f,) jsou op\u011bt pletiva a panc\u00e9\u0159ov\u00e9 moduly proti dron\u016fm, kter\u00e9 vid\u00edte v n\u00e1stavb\u011b okolo vr\u0161ku v\u011b\u017ee. Pletiva jsou z modern\u00edch vz\u00e1cn\u00fdch slitin r\u016fzn\u00fdch miner\u00e1l\u016f.<\/p>\n<\/div>\n<p>Na rusk\u00fdch i ukrajinsk\u00fdch s\u00edt\u00ed,\u00a0<a class=\"mfp-iframe lightbox-added\" href=\"https:\/\/www.youtube.com\/watch?v=YVmmBoKrPqo\">je \u0159ada vide\u00ed<\/a>, jak modernizovan\u00e9 rusk\u00e9 tanky T-72 vydr\u017e\u00ed i dv\u011b a v\u00edce z\u00e1sah\u016f protitankov\u00fdmi raketami. Ukrajinci v\u010dera citovali kapit\u00e1na US-Army Mika Riedmullera,\u00a0<a href=\"https:\/\/www.rferl.org\/a\/1103308.html\">kter\u00fd velel americk\u00fdm obrn\u011bn\u00fdm jednotk\u00e1m p\u0159i bitv\u011b o ir\u00e1ckou Fall\u00fad\u017eu v roce 2003<\/a>, a kter\u00fd na konto sou\u010dasn\u00fdch ne\u00fasp\u011bch\u016f z\u00e1padn\u00edch tank\u016f na Ukrajin\u011b p\u0159iznal, \u017ee jedn\u00edm z hlavn\u00edch d\u016fvod\u016f, pro\u010d nejlep\u0161\u00ed tanky NATO nyn\u00ed na boji\u0161ti nesplnily z\u00e1padn\u00ed o\u010dek\u00e1v\u00e1n\u00ed, je skute\u010dnost, \u017ee levn\u00e9 drony na n\u011b \u00fato\u010d\u00ed v hust\u00fdch roj\u00edch, kdekoli se objev\u00ed.<\/p>\n<p><a href=\"https:\/\/www.kyivpost.com\/post\/29778\">Podle Riedmullera<\/a>, levn\u00e9 drony nejprve z\u00e1padn\u00ed tank zbav\u00ed pohyblivosti, potom po\u0161kod\u00ed, a nakonec vyp\u00e1l\u00ed, a na ni\u010den\u00ed z\u00e1padn\u00edch tank\u016f tak u\u017e nen\u00ed t\u0159eba \u017e\u00e1dn\u00fdch speci\u00e1ln\u00edch tankov\u00fdch d\u011bl, kter\u00e9 se je\u0161t\u011b p\u0159ed v\u00e1lkou na Ukrajin\u011b pova\u017eovala za jedinou zbra\u0148 schopnou z\u00e1padn\u00ed 70 tunov\u00e1 monstra zni\u010dit.\u00a0<a href=\"https:\/\/www.kyivpost.com\/post\/29778\">Ukrajinci tak\u00e9 v\u010dera p\u0159iznali<\/a>, \u017ee ze 31 americk\u00fdch tank\u016f, kter\u00e9 vrhly v \u00fanoru 2024 do prvn\u00edho \u00fatoku proti Rus\u016fm, jich bylo 5 ihned zni\u010deno. Z toho nejm\u00e9n\u011b 3 jen levn\u00fdmi drony za p\u00e1r dolar\u016f! A \u017ee v\u0161echny z\u00e1padn\u00ed tanky jsou p\u0159\u00edli\u0161 t\u011b\u017ek\u00e9, aby mohly p\u0159ej\u00ed\u017ed\u011bt ukrajinsk\u00e9 mosty, a u\u017e v\u016fbec nesm\u011bj\u00ed jezdit po pol\u00edch, nebo ihned zapadnou! A \u017ee rusk\u00e9 drony ni\u010d\u00ed z\u00e1padn\u00ed tanky tak rychle, \u017ee jsou nyn\u00ed pou\u017e\u00edv\u00e1ny v\u00fdlu\u010dn\u011b jako pohybliv\u00e1 d\u011bla, kter\u00e1 st\u0159\u00edl\u00ed podobn\u011b jako levn\u00e9 houfnice. A \u017ee i tak jsou velmi poruchov\u00e9, a nedaj\u00ed se nijak provizorn\u011b opravovat. A upozornili, \u017ee tanky Leopard 2, kter\u00e9 dostali z N\u011bmecka a z Polska, jsou \u201cvete\u0161 v\u0161\u00ed vete\u0161e\u201d, (v origin\u00e1le: \u201chand-me-down of hand-me-downs\u201d), kter\u00e9 sama polsk\u00e1 generalita ozna\u010dila za \u201cprovozuschopn\u00e9 pouze po finan\u010dn\u011b n\u00e1kladn\u00e9 modernizaci, kter\u00e1 ov\u0161em vyvol\u00e1 jen dal\u0161\u00ed pot\u0159ebu mimo\u0159\u00e1dn\u011b finan\u010dn\u011b n\u00e1ro\u010dn\u00e9 \u00fadr\u017eby, vyvolan\u00e9 zna\u010dn\u00fdm st\u00e1\u0159\u00edm t\u011bchto tank\u016f\u201d, a doporu\u010dila se t\u011bchto tank\u016f rad\u011bji rychle \u201cn\u011bjak zbavit\u201d. Podle Ukrajinc\u016f, rusk\u00e9 tanky v\u011bt\u0161inou na boji\u0161ti \u00fato\u010d\u00ed v tlup\u00e1ch po 4 a\u017e 6 kusech, a poda\u0159\u00ed se je zni\u010dit, jen kdy\u017e vjedou do minov\u00fdch pol\u00ed, kter\u00e1 je znehybn\u00ed, aby je potom, po opu\u0161t\u011bn\u00ed os\u00e1dkou, zni\u010dila d\u00e1lkov\u00e1 d\u011blost\u0159elba a \u00fatoky dron\u016f, (kter\u00e9 nah\u00e1z\u00ed v\u00fdbu\u0161niny do otev\u0159en\u00fdch otvor\u016f pr\u016flez\u016f, nezav\u0159en\u00fdch os\u00e1dkou, kdy\u017e ve sp\u011bchu utekla.)<\/p>\n<p><img decoding=\"async\" loading=\"lazy\" class=\"wp-image-48462 alignright\" src=\"http:\/\/www.infokuryr.cz\/n\/wp-content\/uploads\/2024\/03\/pozvanka-23-300x165.jpg\" alt=\"\" width=\"628\" height=\"345\" srcset=\"https:\/\/www.infokuryr.cz\/n\/wp-content\/uploads\/2024\/03\/pozvanka-23-300x165.jpg 300w, https:\/\/www.infokuryr.cz\/n\/wp-content\/uploads\/2024\/03\/pozvanka-23-768x422.jpg 768w, https:\/\/www.infokuryr.cz\/n\/wp-content\/uploads\/2024\/03\/pozvanka-23.jpg 898w\" sizes=\"(max-width: 628px) 100vw, 628px\" \/><\/p>\n<p>Jestli se za posledn\u00ed rok v\u00e1lky na Ukrajin\u011b uk\u00e1zalo, \u017ee z\u00e1padn\u00ed vojensk\u00e1 technika nen\u00ed lep\u0161\u00ed ne\u017e rusk\u00e1, sp\u00ed\u0161 naopak. Jestli se uk\u00e1zalo, \u017ee z\u00e1padn\u00ed zbrojovky nedok\u00e1\u017e\u00ed produkovat ani polovinu rusk\u00e9 munice, d\u011bl, tank\u016f a dron\u016f, kter\u00e9 dok\u00e1\u017ee vyrobit Putin za t\u0159etinu z\u00e1padn\u00edch cen.\u00a0<a href=\"https:\/\/www.politico.eu\/article\/nato-russia-ukraine-war-defense-france-germany-soldiers-army\/\">Tak nejv\u011bt\u0161\u00ed r\u00e1na cel\u00e9mu z\u00e1padn\u00edmu v\u00e1le\u010dnictv\u00ed p\u0159i\u0161la od jeho vlastn\u00edch voj\u00e1k\u016f!<\/a>\u00a0Jak v\u010dera p\u0159iznalo v\u0161ev\u011bdouc\u00ed washingtonsk\u00e9 Politiko, z\u00e1padn\u00ed profesion\u00e1ln\u00ed voj\u00e1ci, p\u0159estali obnovovat sv\u00e9 kontrakty, prchaj\u00ed ze slu\u017eby, a nov\u00ed se nehl\u00e1s\u00ed. Mal\u00e9 z\u00e1padn\u00ed arm\u00e1dy, tak u\u017e jsou nejen bez vycvi\u010den\u00fdch z\u00e1lo\u017en\u00edk\u016f, ale nikdo norm\u00e1ln\u00ed u\u017e v nich evidentn\u011b ani nechce slou\u017eit, proto\u017ee si naplno uv\u011bdomuje, \u017ee v\u00e1lka s Rusy, nebo s k\u00fdmkoli vyzbrojen\u00fdm dostate\u010dn\u00fdm po\u010dtem dron\u016f, znamen\u00e1 rychlou a neodvratnou smrt des\u00edtek tis\u00edc\u016f oby\u010dejn\u00fdch p\u011b\u0161\u00e1k\u016f, tankist\u016f, d\u011blost\u0159elc\u016f, \u0159idi\u010d\u016f z\u00e1sobovac\u00edch aut a transport\u00e9r\u016f p\u011bchoty. P\u00e1te\u0159 z\u00e1padn\u00edch arm\u00e1d, profesion\u00e1ln\u00ed voj\u00e1ci a prapor\u010d\u00edci, u\u017e pochopili, \u017ee riskovat \u017eivot \u00fapisem arm\u00e1d\u011b, kterou jsou politici ochotn\u00ed nahnat do n\u011bjak\u00e9 nesmysln\u00e9 v\u00e1lky, b\u016fhv\u00ed kde ve sv\u011bt\u011b, jim nestoj\u00ed za miziv\u00fd a uboh\u00fd z\u00e1padn\u00ed \u201c\u017eold\u201d, kter\u00fd si zajist\u00ed jakoukoli poctivou prac\u00ed. Brit\u00e1nie tak ro\u010dn\u011b ztr\u00e1c\u00ed 1100 voj\u00e1k\u016f, (jeden batalion p\u011bchoty), N\u011bmecko loni ztratilo 1537 voj\u00e1k\u016f, ve Francii se d\u00e9lka slu\u017eby profesion\u00e1ln\u00edho voj\u00e1ka pr\u016fm\u011brn\u011b sn\u00ed\u017eila o jeden rok! Sta\u0159\u00ed evrop\u0161t\u00ed profesion\u00e1ln\u00ed voj\u00e1ci v nejlep\u0161\u00edm v\u011bku odm\u00edtaj\u00ed obnovovat sv\u00e9 smlouvy, zat\u00edm,\u00a0<a href=\"https:\/\/ria.ru\/20231214\/dobrovoltsy-1915737767.html\">co Putin loni nabral 486 tis\u00edc dobrovoln\u00edk\u016f<\/a>, v\u010detn\u011b t\u011bch, kte\u0159\u00ed obnovili sv\u00e9 kontrakty! Rusov\u00e9 jsou ochotni riskovat sv\u00e9 \u017eivoty, proto\u017ee bojuj\u00ed za Rusko, a za jeho budoucnost. Na Z\u00e1pad\u011b nejsou ob\u010dan\u00e9 p\u0159esv\u011bd\u010deni, \u017ee je jejich politici po\u0161lou pouze do takov\u00e9 v\u00e1lky, kter\u00e1 bude rozhodovat o budoucnosti jejich zem\u00ed, a jich samotn\u00fdch. Z\u00e1pad tak stoj\u00ed na k\u0159i\u017eovatce.<\/p>\n<p>V\u00e1lka na Ukrajin\u011b uk\u00e1zala, \u017ee arm\u00e1d\u00e1m dron\u016f mus\u00ed na front\u011b \u010delit arm\u00e1dy voj\u00e1k\u016f ochotn\u00fdch padnout, a nebo se nechat zmrza\u010dit, aby ochr\u00e1nili vlastn\u00ed oper\u00e1tory dron\u016f, kter\u00e9 t\u00edm sam\u00fdm zp\u016fsobem ni\u010d\u00ed protivn\u00edkovi voj\u00e1ky. V\u00e1lka tak uk\u00e1zala pot\u0159ebu milion\u016f voj\u00e1k\u016f ochotn\u00fdch padnout. A kl\u00ed\u010dov\u00e1 ot\u00e1zka zn\u00ed \u2013 Ale za koho? Za Fialu, kter\u00fd d\u0159e oby\u010dejn\u00e9 ob\u010dany za\u017eiva z k\u016f\u017ee, aby se \u00fazk\u00e1 sme\u010dka jeho v\u011brn\u00fdch m\u011bla st\u00e1le l\u00e9pe. Za Brusel, kter\u00fd uvrhl idiotskou politikou Green Dealu masy Evropan\u016f do energetick\u00e9, finan\u010dn\u00ed, bytov\u00e9 a potravinov\u00e9 nouze. Za \u010desk\u00e9ho lidovce Jura\u010dku, kter\u00fd v\u0161em \u010cech\u016fm dnes a denn\u011b sd\u011bluje, \u017ee d\u016fchody u\u017e nebudou, proto\u017ee na n\u011b nejsou pen\u00edze, proto\u017ee Fiala je v\u0161echny rozh\u00e1z\u00ed na sv\u00e9 v\u00e1le\u010dnick\u00e9 projekty? Kdy\u017e Churchill pot\u0159eboval zmobilizovat Brity do v\u00e1lky, sl\u00edbil jim d\u016fchody, soci\u00e1ln\u00ed jistoty, lep\u0161\u00ed zdravotn\u00ed p\u00e9\u010di a zn\u00e1rodn\u011bn\u00ed kl\u00ed\u010dov\u00e9ho pr\u016fmyslu, bank a energetiky. Kdy\u017e Fiala a jemu podobn\u00ed evrop\u0161t\u00ed vojev\u016fdcov\u00e9 cht\u011bj\u00ed zmobilizovat Evropany do v\u00e1lky, slibuj\u00ed jim b\u00eddu, \u017eivot bez d\u016fchod\u016f, vyhazov z pr\u00e1ce bez ud\u00e1n\u00ed d\u016fvodu, zav\u00edr\u00e1n\u00ed nemocnic, povinn\u00e9 o\u010dkov\u00e1n\u00ed a m\u00e1lem u\u017e i \u010dipov\u00e1n\u00ed, a nahlas p\u0159em\u00fd\u0161lej\u00ed, jak\u00fd zbyl\u00fd st\u00e1tn\u00ed majetek by je\u0161t\u011b sv\u00fdm chlebod\u00e1rc\u016fm levn\u011b prodali.<\/p>\n<p>Kdy\u017e Roosevelt pot\u0159eboval zmobilizovat do v\u00e1lky s Japonci a s Hitlerem, sliboval podobn\u011b jako Churchill, a sv\u00fdm slavn\u00fdm v\u00fdrokem, \u017ee b\u00edda vytv\u00e1\u0159\u00ed podhoub\u00ed, ze kter\u00e9ho rostou v\u0161echny diktatury, n\u00e1s dop\u0159edu varoval p\u0159ed r\u016fzn\u00fdmi Fialy, Petry, a jim podobn\u00fdmi, kte\u0159\u00ed asi ani netu\u0161\u00ed, \u017ee svou politickou neschopnost\u00ed jen dl\u00e1\u017ed\u00ed cestu budouc\u00edm dikt\u00e1tor\u016fm. Proto volte v nach\u00e1zej\u00edc\u00edch volb\u00e1ch, tak abyste nedopadli jako n\u011bme\u010dt\u00ed voli\u010di v roce 1933, ti m\u0159eli na v\u00fdchodn\u00ed front\u011b, stejn\u011b jako ve vlastn\u00edch vybombardovan\u00fdch m\u011bstech bez rozd\u00edlu, jestli volili Hitlera, nebo n\u011bkoho jin\u00e9ho, nebo jestli ne\u0161li k volb\u00e1m. Smrt nerozli\u0161ovala, a brala je v\u0161echny. Hlavn\u011b chud\u00e9, oby\u010dejn\u00e9, a bez vlivn\u00fdch politick\u00fdch konex\u00ed, kte\u0159\u00ed nedok\u00e1zali v\u00e1lku p\u0159e\u017e\u00edt v bezpe\u010dn\u00fdch bunkrech, odkud v\u0161echnu smrt Rus\u016f, \u017did\u016f, \u010cech\u016f, Rom\u016f a bezpo\u010dtu dal\u0161\u00edch etnik v\u010detn\u011b Germ\u00e1n\u016f \u0159\u00eddili do posledn\u00ed chv\u00edle, ne\u017e se hbit\u011b dali do slu\u017eeb v\u00edt\u011bz\u016fm, a zase nel\u00edtostn\u011b \u0161tvali proti v\u0161em staronov\u00fdm nep\u0159\u00e1tel\u016fm \u201c<a href=\"https:\/\/de.wikipedia.org\/wiki\/Rudi_Dutschke\">chcim\u00edr\u016fm, jako byl Rudi Dutschke<\/a>\u201c!\u00a0 \u00a0A to je ten d\u016fvod, pro\u010d se u\u017e z\u00e1padn\u00edm arm\u00e1d\u00e1m nehl\u00e1s\u00ed voj\u00e1ci v dostate\u010dn\u00fdch po\u010dtech \u2013 nevid\u00ed d\u016fvod um\u00edrat za v\u011bt\u0161\u00ed blaho Fial\u016f a Petr\u016f a Mark\u00e9t, a za v\u011bt\u0161\u00ed b\u00eddu sv\u00fdch rodin! Volte proto podle Rooseveltova n\u00e1vrhu, abyste nedopadli jako n\u011bme\u010dt\u00ed voli\u010di v roce 1933!<\/p>\n<p><a href=\"https:\/\/www.michalapetr.com\/map-1943-panika-v-nato-zapadni-profesionalni-vojaci-zacali-hromadne-prchat-do-civilu-zadny-nechce-byt-uloven-rusem-na-ukrajine-americke-tanky-abrams-tam-hori-jako-pochodne-a-uz-dostaly-zakaz\/\">Michael Svato\u0161<\/a><\/p>\n<p><img decoding=\"async\" loading=\"lazy\" class=\"alignnone size-full wp-image-27204\" src=\"http:\/\/www.infokuryr.cz\/n\/wp-content\/uploads\/2023\/05\/Michael_Svatos.png\" alt=\"\" width=\"180\" height=\"180\" srcset=\"https:\/\/www.infokuryr.cz\/n\/wp-content\/uploads\/2023\/05\/Michael_Svatos.png 180w, https:\/\/www.infokuryr.cz\/n\/wp-content\/uploads\/2023\/05\/Michael_Svatos-150x150.png 150w\" sizes=\"(max-width: 180px) 100vw, 180px\" \/><\/p>\n<p>&nbsp;<\/p>\n","protected":false},"excerpt":{"rendered":"<p>Panika v NATO! Z\u00e1padn\u00ed profesion\u00e1ln\u00ed voj\u00e1ci za\u010dali hromadn\u011b prchat do civilu! \u017d\u00e1dn\u00fd nechce b\u00fdt \u201culoven\u201d&#8230;<\/p>\n","protected":false},"author":2,"featured_media":48569,"comment_status":"closed","ping_status":"closed","sticky":false,"template":"","format":"standard","meta":[],"categories":[6],"tags":[1042,39,26,321],"_links":{"self":[{"href":"https:\/\/www.infokuryr.cz\/n\/wp-json\/wp\/v2\/posts\/49819"}],"collection":[{"href":"https:\/\/www.infokuryr.cz\/n\/wp-json\/wp\/v2\/posts"}],"about":[{"href":"https:\/\/www.infokuryr.cz\/n\/wp-json\/wp\/v2\/types\/post"}],"author":[{"embeddable":true,"href":"https:\/\/www.infokuryr.cz\/n\/wp-json\/wp\/v2\/users\/2"}],"replies":[{"embeddable":true,"href":"https:\/\/www.infokuryr.cz\/n\/wp-json\/wp\/v2\/comments?post=49819"}],"version-history":[{"count":0,"href":"https:\/\/www.infokuryr.cz\/n\/wp-json\/wp\/v2\/posts\/49819\/revisions"}],"wp:featuredmedia":[{"embeddable":true,"href":"https:\/\/www.infokuryr.cz\/n\/wp-json\/wp\/v2\/media\/48569"}],"wp:attachment":[{"href":"https:\/\/www.infokuryr.cz\/n\/wp-json\/wp\/v2\/media?parent=49819"}],"wp:term":[{"taxonomy":"category","embeddable":true,"href":"https:\/\/www.infokuryr.cz\/n\/wp-json\/wp\/v2\/categories?post=49819"},{"taxonomy":"post_tag","embeddable":true,"href":"https:\/\/www.infokuryr.cz\/n\/wp-json\/wp\/v2\/tags?post=49819"}],"curies":[{"name":"wp","href":"https:\/\/api.w.org\/{rel}","templated":true}]}}