{"id":49800,"date":"2024-03-20T00:51:45","date_gmt":"2024-03-19T23:51:45","guid":{"rendered":"https:\/\/www.infokuryr.cz\/n\/?p=49800"},"modified":"2024-03-19T20:33:44","modified_gmt":"2024-03-19T19:33:44","slug":"sef-pentagonu-preziti-ukrajiny-v-ohrozeni","status":"publish","type":"post","link":"https:\/\/www.infokuryr.cz\/n\/2024\/03\/20\/sef-pentagonu-preziti-ukrajiny-v-ohrozeni\/","title":{"rendered":"\u0160\u00e9f Pentagonu: P\u0159e\u017eit\u00ed Ukrajiny v ohro\u017een\u00ed"},"content":{"rendered":"<div id=\"fb-root\"><\/div>\n<p><span style=\"font-size: 18pt;\"><strong>Lloyd Austin u\u010dinil chmurnou p\u0159edpov\u011b\u010f o vyhl\u00eddk\u00e1ch na boji\u0161t\u011b Kyjeva<\/strong><\/span><\/p>\n<p><span>Samotn\u00e9 p\u0159e\u017eit\u00ed Ukrajiny m\u016f\u017ee b\u00fdt ohro\u017eeno, pokud Z\u00e1pad nepo\u0161le dal\u0161\u00ed vojenskou pomoc, \u0159ekl v \u00fater\u00fd americk\u00fd ministr obrany Lloyd Austin.\u00a0<\/span><\/p>\n<p><span>\u0160\u00e9f Pentagonu byl v N\u011bmecku na sch\u016fzce tzv. Ukrajinsk\u00e9 obrann\u00e9 kontaktn\u00ed skupiny na leteck\u00e9 z\u00e1kladn\u011b Ramstein, na sv\u00e9 prvn\u00ed z\u00e1mo\u0159sk\u00e9 cest\u011b od lednov\u00e9 hospitalizace.\u00a0<\/span><\/p>\n<p><em><span>&#8222;Dnes je p\u0159e\u017eit\u00ed Ukrajiny v ohro\u017een\u00ed a bezpe\u010dnost Ameriky je ohro\u017eena,&#8220;<\/span><\/em><span>\u00a0\u0159ekl Austin na tiskov\u00e9 konferenci po setk\u00e1n\u00ed.\u00a0<\/span><\/p>\n<p><span>Udr\u017eov\u00e1n\u00ed toku zbran\u00ed, vybaven\u00ed a munice je\u00a0<\/span><em><span>\u201epro Ukrajinu ot\u00e1zkou p\u0159e\u017eit\u00ed a suverenity\u201c<\/span><\/em><span>\u00a0a\u00a0<\/span><em><span>\u201ez\u00e1le\u017eitost\u00ed cti a bezpe\u010dnosti pro Ameriku,\u201c<\/span><\/em><span>\u00a0dodal.<\/span><\/p>\n<p><span>Jak hodlaj\u00ed USA podpo\u0159it Ukrajinu bez dal\u0161\u00edch finan\u010dn\u00edch prost\u0159edk\u016f, neuvedl.\u00a0N\u00e1vrh z\u00e1kona, kter\u00fd by Kyjevu poskytl pomoc ve v\u00fd\u0161i p\u0159es 60 miliard dolar\u016f, st\u00e1le uv\u00edzl v americk\u00e9 Sn\u011bmovn\u011b reprezentant\u016f.<\/span><\/p>\n<p><em><span>&#8222;Ne\u010dinnost&#8220;<\/span><\/em><span>\u00a0USA\u00a0ji\u017e vedla k tomu, \u017ee Ukrajina ztratila pozici na boji\u0161ti, \u0159ekla tiskov\u00e1 tajemnice B\u00edl\u00e9ho domu Karine Jean-Pierre na \u00fatern\u00edm tiskov\u00e9m br\u00edfinku.\u00a0Prezident Joe Biden, demokrat, se u\u017e m\u011bs\u00edce sna\u017e\u00ed tla\u010dit na p\u0159edsedu republik\u00e1nsk\u00e9 sn\u011bmovny Mikea Johnsona, aby schv\u00e1lil financov\u00e1n\u00ed pro Ukrajinu, zat\u00edm bez \u00fasp\u011bchu.<\/span><\/p>\n<p><span>Po setk\u00e1n\u00ed v Ramsteinu\u00a0<\/span><a href=\"https:\/\/swentr.site\/news\/594512-germany-military-aid-ukraine\/\"><span>ozn\u00e1mil<\/span><\/a><span>\u00a0n\u011bmeck\u00fd ministr obrany Boris Pistorius bal\u00edk zbran\u00ed a st\u0159eliva pro Kyjev v hodnot\u011b 500 milion\u016f eur (543 milion\u016f dolar\u016f).<\/span><\/p>\n<p><span>Washington vy\u010derpal t\u00e9m\u011b\u0159 v\u0161echny Kongresem schv\u00e1len\u00e9 finan\u010dn\u00ed prost\u0159edky pro Kyjev.\u00a0Pentagon\u00a0<\/span><a href=\"https:\/\/swentr.site\/news\/594337-pentagon-replenishment-list-ukraine\/\"><span>po\u017e\u00e1dal Kongres<\/span><\/a><span>\u00a0o nejm\u00e9n\u011b 6,5 miliardy dolar\u016f na dopln\u011bn\u00ed vlastn\u00edch vy\u010derpan\u00fdch z\u00e1sob.\u00a0V p\u00e1tek B\u00edl\u00fd d\u016fm ozn\u00e1mil, \u017ee se mu poda\u0159ilo d\u00e1t dohromady bal\u00ed\u010dek munice v hodnot\u011b 300 milion\u016f dolar\u016f z r\u016fzn\u00fdch\u00a0<\/span><em><span>\u201e\u00faspor\u201c<\/span><\/em><span>\u00a0v Pentagonu, ale varoval, \u017ee to Ukrajinu podpo\u0159\u00ed jen na p\u00e1r t\u00fddn\u016f.\u00a0Jednalo se o prvn\u00ed v\u00e1rku americk\u00e9ho financov\u00e1n\u00ed od za\u010d\u00e1tku roku 2024.<\/span><\/p>\n<p><span>Mezit\u00edm USA nal\u00e9haly na Ukrajinu, aby\u00a0<\/span><a href=\"https:\/\/swentr.site\/news\/594478-graham-ukraine-draft-more-recruits\/\"><span>roz\u0161\u00ed\u0159ila svou mobilizaci<\/span><\/a><span>\u00a0na mlad\u0161\u00ed mu\u017ee, aby zaplnila\u00a0<\/span><a href=\"https:\/\/swentr.site\/russia\/592078-ukraine-frontline-troop-shortage\/\"><span>t\u011b\u017ece vy\u010derpan\u00e9<\/span><\/a><span>\u00a0\u0159ady frontov\u00fdch brig\u00e1d.<\/span><\/p>\n<p><span>Ukrajinsk\u00e9 s\u00edly minul\u00fd m\u011bs\u00edc ztratily kl\u00ed\u010dovou donbasskou pevnost Avd\u011bjevka, v nepo\u0159\u00e1dku se stahovaly zp\u011bt p\u0159ed postupuj\u00edc\u00edmi rusk\u00fdmi silami a od t\u00e9 doby utrp\u011bly v otev\u0159en\u00e9 bitv\u011b t\u011b\u017ek\u00e9 ztr\u00e1ty.\u00a0Bitva p\u0159im\u011bla francouzsk\u00e9 vojensk\u00e9 analytiky k z\u00e1v\u011bru, \u017ee Kyjev nem\u016f\u017ee na bitevn\u00edm poli zv\u00edt\u011bzit, podle\u00a0<\/span><a href=\"https:\/\/swentr.site\/news\/594168-french-military-reports-ukraine\/\"><span>tajn\u00fdch zpr\u00e1v<\/span><\/a><span>\u00a0, kter\u00e9 unikly do z\u00e1suvky Marianne za\u010d\u00e1tkem tohoto m\u011bs\u00edce.<\/span><\/p>\n<p><img decoding=\"async\" loading=\"lazy\" class=\"alignnone size-full wp-image-1185\" src=\"http:\/\/www.infokuryr.cz\/n\/wp-content\/uploads\/2021\/04\/kuryr-podpis.png\" alt=\"\" width=\"84\" height=\"24\" \/><\/p>\n<p>&nbsp;<\/p>\n","protected":false},"excerpt":{"rendered":"<p>Lloyd Austin u\u010dinil chmurnou p\u0159edpov\u011b\u010f o vyhl\u00eddk\u00e1ch na boji\u0161t\u011b Kyjeva Samotn\u00e9 p\u0159e\u017eit\u00ed Ukrajiny m\u016f\u017ee b\u00fdt&#8230;<\/p>\n","protected":false},"author":2,"featured_media":44200,"comment_status":"closed","ping_status":"closed","sticky":false,"template":"","format":"standard","meta":[],"categories":[7],"tags":[371,380,26],"_links":{"self":[{"href":"https:\/\/www.infokuryr.cz\/n\/wp-json\/wp\/v2\/posts\/49800"}],"collection":[{"href":"https:\/\/www.infokuryr.cz\/n\/wp-json\/wp\/v2\/posts"}],"about":[{"href":"https:\/\/www.infokuryr.cz\/n\/wp-json\/wp\/v2\/types\/post"}],"author":[{"embeddable":true,"href":"https:\/\/www.infokuryr.cz\/n\/wp-json\/wp\/v2\/users\/2"}],"replies":[{"embeddable":true,"href":"https:\/\/www.infokuryr.cz\/n\/wp-json\/wp\/v2\/comments?post=49800"}],"version-history":[{"count":0,"href":"https:\/\/www.infokuryr.cz\/n\/wp-json\/wp\/v2\/posts\/49800\/revisions"}],"wp:featuredmedia":[{"embeddable":true,"href":"https:\/\/www.infokuryr.cz\/n\/wp-json\/wp\/v2\/media\/44200"}],"wp:attachment":[{"href":"https:\/\/www.infokuryr.cz\/n\/wp-json\/wp\/v2\/media?parent=49800"}],"wp:term":[{"taxonomy":"category","embeddable":true,"href":"https:\/\/www.infokuryr.cz\/n\/wp-json\/wp\/v2\/categories?post=49800"},{"taxonomy":"post_tag","embeddable":true,"href":"https:\/\/www.infokuryr.cz\/n\/wp-json\/wp\/v2\/tags?post=49800"}],"curies":[{"name":"wp","href":"https:\/\/api.w.org\/{rel}","templated":true}]}}