{"id":49726,"date":"2024-03-19T04:50:31","date_gmt":"2024-03-19T03:50:31","guid":{"rendered":"https:\/\/www.infokuryr.cz\/n\/?p=49726"},"modified":"2024-03-19T05:37:17","modified_gmt":"2024-03-19T04:37:17","slug":"nadeje-pro-justicne-perzekuovane-cechy-odsouzene-za-neschvalene-nazory","status":"publish","type":"post","link":"https:\/\/www.infokuryr.cz\/n\/2024\/03\/19\/nadeje-pro-justicne-perzekuovane-cechy-odsouzene-za-neschvalene-nazory\/","title":{"rendered":"Nad\u011bje pro justi\u010dn\u011b perzekuovan\u00e9 \u010cechy odsouzen\u00e9 za \u201eneschv\u00e1len\u00e9 n\u00e1zory\u201c &#8230;.."},"content":{"rendered":"<div id=\"fb-root\"><\/div>\n<h3 class=\"entry-title\"><strong><span style=\"color: #0000ff;\">Nad\u011bje pro justi\u010dn\u011b perzekuovan\u00e9 \u010cechy odsouzen\u00e9 za \u201eneschv\u00e1len\u00e9 n\u00e1zory\u201c na \u017eidovsk\u00fd holocaust, v\u00e1lku s Ruskem atd. P\u0159\u00edpad Do\u011fu Perin\u00e7ek a Evropsk\u00fd soud pro lidsk\u00e1 pr\u00e1va<\/span><\/strong><\/h3>\n<p><strong>Iluze o svobod\u011b slova pro etnick\u00e9 \u010cechy se po roce 1989 postupn\u011b rozplynula. \u0158ada z\u00e1kon\u016f \u010desk\u00e9ho pr\u00e1vn\u00edho \u0159\u00e1du ji\u017e zcela otev\u0159en\u011b omezuje svobodu slova a p\u0159ipou\u0161t\u00ed pouze ofici\u00e1ln\u00ed interpretaci historick\u00fdch ud\u00e1lost\u00ed. Jednou z nich je tzv. \u201e\u017eidovsk\u00fd holocaust\u201c<\/strong>\u00a0(ozna\u010duje se t\u00edm genocida \u017eid\u016f v pr\u016fb\u011bhu 2. sv\u011btov\u00e9 v\u00e1lky).\u00a0<strong>V\u00fdklad tohoto z\u00e1kona justi\u010dn\u00ed praxe \u010dasem roz\u0161\u00ed\u0159ila i na kritiku \u017did\u016f a \u017eidovsk\u00e9ho n\u00e1roda jako celku<\/strong>, podpo\u0159ena dal\u0161\u00edmi z\u00e1kony o \u201ehanoben\u00ed, pop\u00edr\u00e1n\u00ed, nen\u00e1visti\u201c atd.<\/p>\n<p><strong>V\u011bt\u0161ina t\u011bchto z\u00e1kon\u016f je p\u0159itom v rozporu s verdikty Evropsk\u00e9ho soudu pro lidsk\u00e1 pr\u00e1va (ECHR), kter\u00fd je jako posledn\u00ed instance \u010desk\u00fdm soud\u016fm nad\u0159azen<\/strong>. Za pozornost stoj\u00ed p\u0159edev\u0161\u00edm <strong>n\u00e1lezy soudu v souvislosti s p\u0159\u00edpadem tureck\u00e9ho politika Do\u011fu Perin\u00e7eka.<\/strong><\/p>\n<p><a href=\"https:\/\/stranapro.cz\/\"><img decoding=\"async\" loading=\"lazy\" class=\"alignnone wp-image-40285 aligncenter\" src=\"http:\/\/www.infokuryr.cz\/n\/wp-content\/uploads\/2023\/11\/11pro-300x79.png\" alt=\"\" width=\"615\" height=\"162\" srcset=\"https:\/\/www.infokuryr.cz\/n\/wp-content\/uploads\/2023\/11\/11pro-300x79.png 300w, https:\/\/www.infokuryr.cz\/n\/wp-content\/uploads\/2023\/11\/11pro.png 363w\" sizes=\"(max-width: 615px) 100vw, 615px\" \/><\/a><\/p>\n<p>Do\u011fu Perin\u00e7ek je\u00a0<a href=\"https:\/\/en.m.wikipedia.org\/wiki\/Do%C4%9Fu_Perin%C3%A7ek\">tureck\u00fd nacionalista<\/a>, kter\u00fd ve\u0159ejn\u011b zpochybnil tzv. \u201egenocidu Arm\u00e9n\u016f\u201c po konce 1. sv\u011btov\u00e9 v\u00e1lky<strong>. V roce 2007 byl odsouzen \u0161v\u00fdcarsk\u00fdm soudem za pop\u00edr\u00e1n\u00ed genocidy Arm\u00e9n\u016f k pokut\u011b 12 000 frank\u016f. Perin\u00e7ek se obr\u00e1til na ECHR a jeho verdikt z roku 2013 byl n\u00e1sledovn\u00fd, Soud \u0159ekl, \u017ee \u0161v\u00fdcarsk\u00fd soud poru\u0161il svobodu slova a Perin\u00e7ekovi n\u00e1zory jsou sou\u010d\u00e1st\u00ed historick\u00e9, pr\u00e1vn\u00ed a politick\u00e9 diskuze ke kontroverzn\u00edmu t\u00e9matu. <\/strong>Proto\u017ee nijak nevyz\u00fdval k n\u00e1sil\u00ed ani likvidaci etnick\u00e9 skupiny,\u00a0<strong>pak jeho v\u00fdroky mus\u00ed b\u00fdt zahrnuty do svobody slova a projevu. \u0160v\u00fdcarsko se odvolalo, ale ECHR sv\u016fj verdikt v roce 2015 potvrdil. Do\u011fu Perin\u00e7ek byl osvobozen.<\/strong><\/p>\n<p>Soud se de facto nezab\u00fdval posuzov\u00e1n\u00edm on\u00e9 historick\u00e9 ud\u00e1losti, by\u0165 se z\u00e1stupci \u0160v\u00fdcarska sna\u017eili takovou interpretaci n\u00e1sledn\u011b p\u0159edlo\u017eit medi\u00edm,\u00a0<strong>kdy\u017e u soudu ECHR opakovan\u011b prohr\u00e1li.<\/strong><\/p>\n<p><strong>Z v\u00fd\u0161e uveden\u00e9ho plyne, \u017ee pokud n\u011bkdo zve\u0159ejn\u00ed jin\u00fd n\u00e1zor na \u017eidovsk\u00fd holocaust a nevyz\u00fdv\u00e1 k sou\u010dasn\u011b k likvidaci \u017eidovsk\u00e9ho etnika, pak se jedn\u00e1 o svobodu slova stejn\u011b jako ve v\u00fd\u0161e uveden\u00edm p\u0159\u00edpad\u011b. Je skoro s podivem, \u017ee se o tomto p\u0159\u00edpadu v \u010desk\u00fdch pr\u00e1vnick\u00fdch kruz\u00edch velmi m\u00e1lo mluv\u00ed a p\u00ed\u0161e. P\u0159itom je zn\u00e1m ji\u017e 10 let!<\/strong><\/p>\n<p><strong>Tento verdikt ECHR d\u00e1v\u00e1 novou nad\u011bji v\u0161em politicky perzekuovan\u00fdm \u010cech\u016fm, kte\u0159\u00ed b\u00fdvaj\u00ed \u00fa\u010delov\u011b trest\u00e1ni za jin\u00fd n\u00e1zor na historickou ud\u00e1lost, kter\u00e1 prob\u011bhla ji\u017e p\u0159ed 80 lety!<\/strong><\/p>\n<p><a href=\"https:\/\/ceskavec.com\/2024\/03\/nadeje-pro-justicne-perzekuovane-cechy-odsouzene-za-neschvalene-nazory-na-zidovsky-holocaust-valku-s-ruskem-atd-pripad-dogu-perincek-a-evropsky-soud-pro-lidska-prava\">Student pr\u00e1v<\/a><\/p>\n<p><img decoding=\"async\" loading=\"lazy\" class=\"wp-image-47634 aligncenter\" src=\"http:\/\/www.infokuryr.cz\/n\/wp-content\/uploads\/2024\/02\/Pozvanka_Praha-_23.3.24-300x229.jpg\" alt=\"\" width=\"797\" height=\"608\" srcset=\"https:\/\/www.infokuryr.cz\/n\/wp-content\/uploads\/2024\/02\/Pozvanka_Praha-_23.3.24-300x229.jpg 300w, https:\/\/www.infokuryr.cz\/n\/wp-content\/uploads\/2024\/02\/Pozvanka_Praha-_23.3.24.jpg 595w\" sizes=\"(max-width: 797px) 100vw, 797px\" \/><\/p>\n","protected":false},"excerpt":{"rendered":"<p>Nad\u011bje pro justi\u010dn\u011b perzekuovan\u00e9 \u010cechy odsouzen\u00e9 za \u201eneschv\u00e1len\u00e9 n\u00e1zory\u201c na \u017eidovsk\u00fd holocaust, v\u00e1lku s Ruskem&#8230;<\/p>\n","protected":false},"author":2,"featured_media":22411,"comment_status":"closed","ping_status":"closed","sticky":false,"template":"","format":"standard","meta":[],"categories":[6],"tags":[144,520,324],"_links":{"self":[{"href":"https:\/\/www.infokuryr.cz\/n\/wp-json\/wp\/v2\/posts\/49726"}],"collection":[{"href":"https:\/\/www.infokuryr.cz\/n\/wp-json\/wp\/v2\/posts"}],"about":[{"href":"https:\/\/www.infokuryr.cz\/n\/wp-json\/wp\/v2\/types\/post"}],"author":[{"embeddable":true,"href":"https:\/\/www.infokuryr.cz\/n\/wp-json\/wp\/v2\/users\/2"}],"replies":[{"embeddable":true,"href":"https:\/\/www.infokuryr.cz\/n\/wp-json\/wp\/v2\/comments?post=49726"}],"version-history":[{"count":1,"href":"https:\/\/www.infokuryr.cz\/n\/wp-json\/wp\/v2\/posts\/49726\/revisions"}],"predecessor-version":[{"id":49732,"href":"https:\/\/www.infokuryr.cz\/n\/wp-json\/wp\/v2\/posts\/49726\/revisions\/49732"}],"wp:featuredmedia":[{"embeddable":true,"href":"https:\/\/www.infokuryr.cz\/n\/wp-json\/wp\/v2\/media\/22411"}],"wp:attachment":[{"href":"https:\/\/www.infokuryr.cz\/n\/wp-json\/wp\/v2\/media?parent=49726"}],"wp:term":[{"taxonomy":"category","embeddable":true,"href":"https:\/\/www.infokuryr.cz\/n\/wp-json\/wp\/v2\/categories?post=49726"},{"taxonomy":"post_tag","embeddable":true,"href":"https:\/\/www.infokuryr.cz\/n\/wp-json\/wp\/v2\/tags?post=49726"}],"curies":[{"name":"wp","href":"https:\/\/api.w.org\/{rel}","templated":true}]}}