{"id":49721,"date":"2024-03-19T00:50:26","date_gmt":"2024-03-18T23:50:26","guid":{"rendered":"https:\/\/www.infokuryr.cz\/n\/?p=49721"},"modified":"2024-03-18T19:13:55","modified_gmt":"2024-03-18T18:13:55","slug":"evropa-spousti-vojenska-cviceni-simulujici-ocekavanou-globalni-potravinovou-krize","status":"publish","type":"post","link":"https:\/\/www.infokuryr.cz\/n\/2024\/03\/19\/evropa-spousti-vojenska-cviceni-simulujici-ocekavanou-globalni-potravinovou-krize\/","title":{"rendered":"Evropa spou\u0161t\u00ed \u201evojensk\u00e1 cvi\u010den\u00ed\u201c simuluj\u00edc\u00ed o\u010dek\u00e1vanou glob\u00e1ln\u00ed potravinovou krize"},"content":{"rendered":"<div id=\"fb-root\"><\/div>\n<p><span style=\"font-size: 18pt;\"><strong>Sm\u011b\u0159uje sv\u011bt k velk\u00e9mu glob\u00e1ln\u00edmu potravinov\u00e9mu kolapsu?\u00a0Zd\u00e1 se, \u017ee vl\u00e1dy Evropsk\u00e9 unie (EU) si to ur\u010dit\u011b mysl\u00ed.<\/strong><\/span><\/p>\n<p><span>Vl\u00e1dy EU aktu\u00e1ln\u011b za\u010daly realizovat velk\u00e9 simulace v\u00e1le\u010dn\u00fdch her v oblasti potravinov\u00e9 krize, kter\u00e9 p\u0159edpov\u00eddaj\u00ed v\u00e1\u017en\u00e9 probl\u00e9my s dod\u00e1vkami potravin a logistick\u00e9 probl\u00e9my, a to ji\u017e v leto\u0161n\u00edm a p\u0159\u00ed\u0161t\u00edm roce.<\/span><\/p>\n<p><span>Krom\u011b vlivu rusko-ukrajinsk\u00e9 v\u00e1lky na dod\u00e1vky obil\u00ed jsou sou\u010d\u00e1st\u00ed simulac\u00ed i pov\u011btrnostn\u00ed ud\u00e1losti jako El Ni\u00f1o a La Ni\u00f1a a jejich vliv na produkci s\u00f3ji v Latinsk\u00e9 Americe.\u00a0Do simula\u010dn\u00edho mixu jsou zahrnuty i protesty farm\u00e1\u0159\u016f s traktory v cel\u00e9 Evrop\u011b.<\/span><\/p>\n<p><span>Dal\u0161\u00ed hlavn\u00ed slo\u017ekou v\u00e1le\u010dn\u00fdch her EU v oblasti potravinov\u00e9 krize je vliv, kter\u00fd m\u016f\u017ee m\u00edt velk\u00e1 pandemie (a\u0165 u\u017e skute\u010dn\u00e1 nebo zinscenovan\u00e1) na dodavatelsk\u00e9 \u0159et\u011bzce, tedy n\u011bco podobn\u00e9ho, \u200b\u200bco sv\u011bt za\u017eil b\u011bhem pandemie koronaviru (Covid-19).<\/span><\/p>\n<p><span>Minul\u00fd m\u011bs\u00edc se v Bruselu konala konference, kter\u00e1 p\u0159edpov\u011bd\u011bla v\u00e1\u017enou krizi nedostatku potravin v Evrop\u011b v leto\u0161n\u00edm roce.<\/span><\/p>\n<p><span>P\u0159ibli\u017en\u011b 60 z\u00e1stupc\u016f EU a vl\u00e1d, odborn\u00edk\u016f na zaji\u0161\u0165ov\u00e1n\u00ed potravin a z\u00e1stupc\u016f pr\u016fmyslu se se\u0161lo na dva dny, aby \u010delili re\u00e1ln\u00e9 mo\u017enosti, \u017ee se b\u011bhem n\u011bkolika m\u011bs\u00edc\u016f rozvine velk\u00e1 potravinov\u00e1 krize.<\/span><\/p>\n<p><em><span>\u201eO\u010dek\u00e1vejte vysokou \u00farove\u0148 chaosu,\u201c<\/span><\/em><span>\u00a0varoval Piotr Magnuszewski, syst\u00e9mov\u00fd model\u00e1\u0159 a v\u00fdvoj\u00e1\u0159 her, kter\u00fd p\u0159isp\u011bl k \u010d\u00e1sti hern\u00edho sc\u00e9n\u00e1\u0159e na t\u00e9to konferenci.\u00a0<\/span><em><span>\u201eM\u016f\u017eete z\u016fstat zmateni a nebudete m\u00edt dostatek informac\u00ed.\u201c<\/span><\/em><\/p>\n<p><span>(Souvisej\u00edc\u00ed: O\u010dek\u00e1v\u00e1 se, \u017ee v roce 2030 bude sv\u011bt \u010delit\u00a0<\/span><a href=\"https:\/\/www.naturalnews.com\/2023-10-05-2030-severe-cold-food-shortages-solar-researchers.html\" target=\"_blank\" rel=\"noopener\"><span>siln\u00e9mu ochlazen\u00ed<\/span><\/a><span>\u00a0a nedostatku potravin v d\u016fsledku velk\u00e9ho slune\u010dn\u00edho minima.)<\/span><\/p>\n<h2><span>Evropa b\u00fdvala nejl\u00e9pe \u017eiven\u00fdm kontinentem na sv\u011bt\u011b<\/span><\/h2>\n<p><span>Sly\u0161et slova \u201eEvropa\u201c a \u201epotravinov\u00e1 krize\u201c v t\u00e9\u017ee v\u011bt\u011b m\u016f\u017ee b\u00fdt pro mnoh\u00e9 p\u0159ekvapen\u00edm, zejm\u00e9na pro ty, kte\u0159\u00ed si pamatuj\u00ed na star\u00e9 dobr\u00e9 \u010dasy, kdy byla Evropa nejprosperuj\u00edc\u00edm a nejbohat\u0161\u00edm kontinentem na sv\u011bt\u011b.<\/span><\/p>\n<p><span>V\u011bci se v\u0161ak v posledn\u00edch letech o\u010dividn\u011b zm\u011bnily.\u00a0Globalist\u00e9, kte\u0159\u00ed ovl\u00e1daj\u00ed EU, ji p\u0159evedli na temnou a o\u0161klivou cestu kolapsu, v\u010detn\u011b kolapsu kontinent\u00e1ln\u00edch z\u00e1sob potravin.<\/span><\/p>\n<p><span>Pro simulaci potravinov\u00e9 krize se my\u0161lenka \u201ene\u00farody\u201c hned po roce 2025 prezentuje jako mo\u017en\u00fd skute\u010dn\u00fd probl\u00e9m, kter\u00fd za\u010dne ji\u017e v nadch\u00e1zej\u00edc\u00edch m\u011bs\u00edc\u00edch.<\/span><\/p>\n<p><em><span>\u201eCeny krmiv pro zv\u00ed\u0159ata stoupaj\u00ed, produkce skotu a ryb kles\u00e1 a to m\u00e1lo potravin, kter\u00e9 z\u016fst\u00e1v\u00e1, se pos\u00edl\u00e1 do z\u00e1mo\u0159\u00ed t\u011bm, kte\u0159\u00ed nab\u00edzej\u00ed nejvy\u0161\u0161\u00ed cenu.\u00a0V\u00fdvoz palmov\u00e9ho oleje se dramaticky sni\u017euje, tak\u017ee Evropan\u016fm z\u016fst\u00e1v\u00e1 jen fale\u0161n\u00fd margar\u00edn a chl\u00e9b n\u00edzk\u00e9 kvality.<\/span><\/em><\/p>\n<p><em><span>Obvin\u011bn\u00ed o korpor\u00e1tn\u00ed chamtivosti, dezinformac\u00edch a konspira\u010dn\u00edch teori\u00edch se \u0161\u00ed\u0159\u00ed,\u201c<\/span><\/em><span>\u00a0p\u0159edstavuje simulace to, co se o\u010dek\u00e1v\u00e1.<\/span><\/p>\n<p><em><span>\u201eN\u00e1klady na hnojiva a energii pot\u0159ebnou k p\u011bstov\u00e1n\u00ed plodin a udr\u017eov\u00e1n\u00ed provozu sklen\u00edk\u016f prudce vzrostly po rusk\u00e9 invazi na Ukrajinu,\u201c<\/span><\/em><span>\u00a0pokra\u010duje simulace az velk\u00e9 \u010d\u00e1sti obvi\u0148uje z krize, jako obvykle, Rusko.<\/span><\/p>\n<p><span>Jak pokra\u010duje rok 2025, situace se zhor\u0161uje.\u00a0Zoufal\u00ed lid\u00e9 za\u010d\u00ednaj\u00ed rabovat supermarkety a na v ulic\u00edch je jen velmi mal\u00e1 p\u0159\u00edtomnost policie, kter\u00e1 by je zastavila.\u00a0N\u011bmci \u017eij\u00edc\u00ed v b\u00fdval\u00e9 hospod\u00e1\u0159sk\u00e9 mocnosti Evropy u\u017e v obchodech s potravinami nedok\u00e1\u017eou sehnat ryby ani maso.\u00a0Pr\u016fmysl \u017eivo\u010di\u0161n\u00e9 v\u00fdroby se zcela zhrout\u00ed.<\/span><\/p>\n<p><em><span>\u201eMezit\u00edm se pozornost ve\u0159ejnosti p\u0159esouv\u00e1 na profitov\u00e1n\u00ed obchodn\u00edk\u016f s komoditami,\u201c<\/span><\/em><span>\u00a0pokra\u010duje simulace a varuje, \u017ee lid\u00e9 \u010dasem pochop\u00ed skute\u010dnost, \u017ee vin\u00edky tohoto tot\u00e1ln\u00edho\u00a0<\/span><a href=\"https:\/\/www.badatel.net\/s-cenami-zlata-striebra-a-bitcoinu-na-historickych-maximach-je-americke-imperium-blizko-menoveho-kolapsu\/\"><span>kolapsu<\/span><\/a><span>\u00a0jsou z velk\u00e9 \u010d\u00e1sti chamtiv\u00ed finan\u010dn\u00edci z Wall Street a soukrom\u00e9 centr\u00e1ln\u00ed bankovnictv\u00ed.<\/span><\/p>\n<p><em><span>\u201eMal\u00e9 farmy padaj\u00ed jako domino, zat\u00edmco \u00fatoky na imigranty se za\u010d\u00ednaj\u00ed st\u00e1le v\u00edce roz\u0161i\u0159ovat.\u00a0Je Evropsk\u00e1 unie pot\u00e1p\u011bj\u00edc\u00ed se lod\u00ed?\u201c<\/span><\/em><span>\u00a0pt\u00e1 se n\u011bkdo ve video-\u010d\u00e1sti simulace.<\/span><\/p>\n<p><span>N\u00e1sledky simulace samoz\u0159ejm\u011b uv\u00e1d\u011bj\u00ed i n\u00e1pady, jak zastavit nebo alespo\u0148 minimalizovat dopady tohoto v\u0161eho, p\u0159i\u010dem\u017e jednou z hlavn\u00edch my\u0161lenek je, \u017ee lid\u00e9 se nyn\u00ed mus\u00ed odklonit od j\u00eddla masa a jin\u00fdch potravin \u201ezne\u010di\u0161\u0165uj\u00edc\u00edch klima\u201c, aby se budouc\u00ed nedostatky projevily m\u00e9n\u011b intenzivn\u011b.<\/span><\/p>\n<p><span>Autor: Ethan Huff, Zdroj:\u00a0<\/span><a href=\"https:\/\/www.naturalnews.com\/2024-03-15-europe-food-crisis-war-games-global-crisis.html\" target=\"_blank\" rel=\"noopener\"><span>naturalnews.com<\/span><\/a><\/p>\n<p>&nbsp;<\/p>\n","protected":false},"excerpt":{"rendered":"<p>Sm\u011b\u0159uje sv\u011bt k velk\u00e9mu glob\u00e1ln\u00edmu potravinov\u00e9mu kolapsu?\u00a0Zd\u00e1 se, \u017ee vl\u00e1dy Evropsk\u00e9 unie (EU) si to&#8230;<\/p>\n","protected":false},"author":2,"featured_media":49722,"comment_status":"closed","ping_status":"closed","sticky":false,"template":"","format":"standard","meta":[],"categories":[7],"tags":[283,1384,750,21],"_links":{"self":[{"href":"https:\/\/www.infokuryr.cz\/n\/wp-json\/wp\/v2\/posts\/49721"}],"collection":[{"href":"https:\/\/www.infokuryr.cz\/n\/wp-json\/wp\/v2\/posts"}],"about":[{"href":"https:\/\/www.infokuryr.cz\/n\/wp-json\/wp\/v2\/types\/post"}],"author":[{"embeddable":true,"href":"https:\/\/www.infokuryr.cz\/n\/wp-json\/wp\/v2\/users\/2"}],"replies":[{"embeddable":true,"href":"https:\/\/www.infokuryr.cz\/n\/wp-json\/wp\/v2\/comments?post=49721"}],"version-history":[{"count":0,"href":"https:\/\/www.infokuryr.cz\/n\/wp-json\/wp\/v2\/posts\/49721\/revisions"}],"wp:featuredmedia":[{"embeddable":true,"href":"https:\/\/www.infokuryr.cz\/n\/wp-json\/wp\/v2\/media\/49722"}],"wp:attachment":[{"href":"https:\/\/www.infokuryr.cz\/n\/wp-json\/wp\/v2\/media?parent=49721"}],"wp:term":[{"taxonomy":"category","embeddable":true,"href":"https:\/\/www.infokuryr.cz\/n\/wp-json\/wp\/v2\/categories?post=49721"},{"taxonomy":"post_tag","embeddable":true,"href":"https:\/\/www.infokuryr.cz\/n\/wp-json\/wp\/v2\/tags?post=49721"}],"curies":[{"name":"wp","href":"https:\/\/api.w.org\/{rel}","templated":true}]}}