{"id":49711,"date":"2024-03-19T00:50:43","date_gmt":"2024-03-18T23:50:43","guid":{"rendered":"https:\/\/www.infokuryr.cz\/n\/?p=49711"},"modified":"2024-03-18T18:24:51","modified_gmt":"2024-03-18T17:24:51","slug":"cina-komentuje-mirova-jednani-s-ukrajinou-navrzena-svycarskem","status":"publish","type":"post","link":"https:\/\/www.infokuryr.cz\/n\/2024\/03\/19\/cina-komentuje-mirova-jednani-s-ukrajinou-navrzena-svycarskem\/","title":{"rendered":"\u010c\u00edna komentuje m\u00edrov\u00e1 jedn\u00e1n\u00ed s Ukrajinou navr\u017een\u00e1 \u0160v\u00fdcarskem"},"content":{"rendered":"<div id=\"fb-root\"><\/div>\n<p><span style=\"font-size: 18pt;\"><strong>Peking podle sv\u00e9ho velvyslance v Bernu zva\u017euje \u00fa\u010dast na m\u00edrov\u00e9 konferenci<\/strong><\/span><\/p>\n<p><span>\u010c\u00edna prov\u011b\u0159uje mo\u017enost z\u00fa\u010dastnit se navrhovan\u00e9 m\u00edrov\u00e9 konference o ukrajinsk\u00e9m konfliktu po\u0159\u00e1dan\u00e9 \u0160v\u00fdcarskem, \u0159ekl v pond\u011bl\u00ed den\u00edku Neue Zuercher Zeitung pekingsk\u00fd velvyslanec v Bernu Wang Shihting.<\/span><\/p>\n<p><span>Minul\u00fd m\u011bs\u00edc \u0160v\u00fdcarsko ozn\u00e1milo pl\u00e1ny na uspo\u0159\u00e1d\u00e1n\u00ed m\u00edrov\u00e9ho summitu, kter\u00fd se bude konat\u00a0<\/span><em><span>\u201edo l\u00e9ta\u201c.\u00a0<\/span><\/em><span>Nebylo stanoveno \u017e\u00e1dn\u00e9 konkr\u00e9tn\u00ed datum a nebyl zve\u0159ejn\u011bn ani seznam \u00fa\u010dastn\u00edk\u016f.\u00a0Ukrajina v\u0161ak nazna\u010dila, \u017ee Rusko m\u016f\u017ee b\u00fdt pozv\u00e1no pouze tehdy, bude-li p\u0159edem souhlasit s litani\u00ed p\u0159edb\u011b\u017en\u00fdch podm\u00ednek.<\/span><\/p>\n<p><span>Peking \u00fadajn\u011b prosazuje pozv\u00e1n\u00ed Moskvy na m\u00edrov\u00e1 jedn\u00e1n\u00ed, p\u0159i\u010dem\u017e Wang v pond\u011bl\u00ed prohl\u00e1sil, \u017ee k ukon\u010den\u00ed prob\u00edhaj\u00edc\u00edho konfliktu se mus\u00ed zapojit v\u0161echny strany.<\/span><\/p>\n<p><em><span>&#8222;Je t\u0159eba zabr\u00e1nit tomu, aby se krize je\u0161t\u011b zhor\u0161ila nebo se dokonce vymkla kontrole,&#8220;<\/span><\/em><span>\u00a0\u0159ekl vyslanec s t\u00edm, \u017ee \u010c\u00edna ji\u017e p\u0159edlo\u017eila strategii politick\u00e9ho ukon\u010den\u00ed konfliktu a dodal, \u017ee Peking postupuje podle \u0161v\u00fdcarsk\u00e9ho n\u00e1vrhu. a zva\u017euje \u00fa\u010dast.<\/span><\/p>\n<p><em><span>\u201eMus\u00ed b\u00fdt respektov\u00e1na \u00fazemn\u00ed suverenita v\u0161ech zem\u00ed a mus\u00ed b\u00fdt dodr\u017eov\u00e1na Charta OSN,\u201c<\/span><\/em><span>\u00a0zd\u016fraznil Wang.\u00a0<\/span><em><span>\u201eM\u011bli bychom podpo\u0159it Rusko a Ukrajinu v co nejrychlej\u0161\u00edm obnoven\u00ed p\u0159\u00edm\u00e9ho dialogu, aby mohla b\u00fdt situace postupn\u011b deeskalov\u00e1na,\u201c<\/span><\/em><span>\u00a0doporu\u010dil diplomat.<\/span><\/p>\n<p><span>Moskva ozna\u010dila navrhovan\u00fd pl\u00e1n m\u00edrov\u00e9 konference za\u00a0<\/span><em><span>\u201ebezp\u0159edm\u011btn\u00fd\u201c<\/span><\/em><span>\u00a0a nazna\u010dila, \u017ee se nehodl\u00e1 z\u00fa\u010dastnit, i kdyby byla ofici\u00e1ln\u011b pozv\u00e1na.<\/span><\/p>\n<p><span>Mluv\u010d\u00ed rusk\u00e9ho ministerstva zahrani\u010d\u00ed Maria Zacharovov\u00e1 minul\u00fd t\u00fdden \u0159ekla, \u017ee navrhovan\u00e9 f\u00f3rum bude v\u011bnov\u00e1no propagaci \u201eZelensk\u00e9ho m\u00edrov\u00e9ho vzorce\u201c, kter\u00fd Moskva ozna\u010dila za nerealistick\u00fd.<\/span><\/p>\n<p><span>Zelensk\u00e9ho pl\u00e1n zahrnuje \u00fapln\u00e9 sta\u017een\u00ed rusk\u00fdch jednotek a n\u00e1vrat k ukrajinsk\u00fdm hranic\u00edm z roku 1991, \u010d\u00edm\u017e mimo jin\u00e9 po\u017eene Moskvu k odpov\u011bdnosti a donut\u00ed ji zaplatit reparace.\u00a0Z\u00e1kladn\u00ed po\u017eadavky Kyjeva z\u016fst\u00e1vaj\u00ed stejn\u00e9, zat\u00edmco legitimn\u00ed rusk\u00e9 z\u00e1jmy jsou podle Zacharov\u00e9 ignorov\u00e1ny.\u00a0Trvala na tom, \u017ee \u0160v\u00fdcarsko\u00a0<\/span><em><span>\u201eztratilo\u201c<\/span><\/em><span>\u00a0sv\u016fj neutr\u00e1ln\u00ed status a nem\u016f\u017ee slou\u017eit jako platforma pro m\u00edrov\u00e9 \u00fasil\u00ed.<\/span><\/p>\n<p><span>Z\u00e1padn\u00ed podporovatel\u00e9 Ukrajiny trvaj\u00ed na tom, \u017ee m\u00edrov\u00e9ho urovn\u00e1n\u00ed lze dos\u00e1hnout pouze za podm\u00ednek Kyjeva, a sl\u00edbili, \u017ee budou pokra\u010dovat v dod\u00e1vk\u00e1ch zbran\u00ed\u00a0<\/span><em><span>\u201etak dlouho, jak to bude pot\u0159eba\u201c.\u00a0<\/span><\/em><span>Rusko mezit\u00edm zd\u016fraznilo, \u017ee \u017e\u00e1dn\u00e9 mno\u017estv\u00ed zahrani\u010dn\u00ed pomoci nezm\u011bn\u00ed pr\u016fb\u011bh konfliktu.<\/span><\/p>\n<p><span>M\u00edrov\u00e1 jedn\u00e1n\u00ed mezi Moskvou a Kyjevem se konala v Istanbulu na ja\u0159e 2022, ale zkrachovala a ob\u011b strany obvinily druhou z nerealistick\u00fdch po\u017eadavk\u016f.\u00a0Rusk\u00fd prezident Vladimir Putin od t\u00e9 doby prohl\u00e1sil, \u017ee ukrajinsk\u00e1 delegace p\u016fvodn\u011b souhlasila s n\u011bkter\u00fdmi podm\u00ednkami Moskvy, ale pak od dohody n\u00e1hle ustoupila.<\/span><\/p>\n<p><span>Kreml \u0159ekl, \u017ee z\u016fst\u00e1v\u00e1 otev\u0159en\u00fd diskus\u00edm, ale pouze pokud Kyjev uzn\u00e1\u00a0<\/span><em><span>\u201erealitu na m\u00edst\u011b\u201c.<\/span><\/em><\/p>\n<p><img decoding=\"async\" loading=\"lazy\" class=\"alignnone size-full wp-image-1185\" src=\"http:\/\/www.infokuryr.cz\/n\/wp-content\/uploads\/2021\/04\/kuryr-podpis.png\" alt=\"\" width=\"84\" height=\"24\" \/><\/p>\n<p>&nbsp;<\/p>\n","protected":false},"excerpt":{"rendered":"<p>Peking podle sv\u00e9ho velvyslance v Bernu zva\u017euje \u00fa\u010dast na m\u00edrov\u00e9 konferenci \u010c\u00edna prov\u011b\u0159uje mo\u017enost z\u00fa\u010dastnit&#8230;<\/p>\n","protected":false},"author":2,"featured_media":3807,"comment_status":"closed","ping_status":"closed","sticky":false,"template":"","format":"standard","meta":[],"categories":[7],"tags":[30,758,467,26],"_links":{"self":[{"href":"https:\/\/www.infokuryr.cz\/n\/wp-json\/wp\/v2\/posts\/49711"}],"collection":[{"href":"https:\/\/www.infokuryr.cz\/n\/wp-json\/wp\/v2\/posts"}],"about":[{"href":"https:\/\/www.infokuryr.cz\/n\/wp-json\/wp\/v2\/types\/post"}],"author":[{"embeddable":true,"href":"https:\/\/www.infokuryr.cz\/n\/wp-json\/wp\/v2\/users\/2"}],"replies":[{"embeddable":true,"href":"https:\/\/www.infokuryr.cz\/n\/wp-json\/wp\/v2\/comments?post=49711"}],"version-history":[{"count":0,"href":"https:\/\/www.infokuryr.cz\/n\/wp-json\/wp\/v2\/posts\/49711\/revisions"}],"wp:featuredmedia":[{"embeddable":true,"href":"https:\/\/www.infokuryr.cz\/n\/wp-json\/wp\/v2\/media\/3807"}],"wp:attachment":[{"href":"https:\/\/www.infokuryr.cz\/n\/wp-json\/wp\/v2\/media?parent=49711"}],"wp:term":[{"taxonomy":"category","embeddable":true,"href":"https:\/\/www.infokuryr.cz\/n\/wp-json\/wp\/v2\/categories?post=49711"},{"taxonomy":"post_tag","embeddable":true,"href":"https:\/\/www.infokuryr.cz\/n\/wp-json\/wp\/v2\/tags?post=49711"}],"curies":[{"name":"wp","href":"https:\/\/api.w.org\/{rel}","templated":true}]}}