{"id":49709,"date":"2024-03-19T00:49:29","date_gmt":"2024-03-18T23:49:29","guid":{"rendered":"https:\/\/www.infokuryr.cz\/n\/?p=49709"},"modified":"2024-03-18T18:21:39","modified_gmt":"2024-03-18T17:21:39","slug":"ve-francii-zatcena-ukrajinska-spionka","status":"publish","type":"post","link":"https:\/\/www.infokuryr.cz\/n\/2024\/03\/19\/ve-francii-zatcena-ukrajinska-spionka\/","title":{"rendered":"Ve Francii zat\u010dena ukrajinsk\u00e1 \u201e\u0161pionka\u201c"},"content":{"rendered":"<div id=\"fb-root\"><\/div>\n<p><span style=\"font-size: 18pt;\"><strong>33let\u00e1 \u017eena sledovala ruskou lo\u010f vykl\u00e1daj\u00edc\u00ed \u010dpavek na \u201ecitliv\u00e9m m\u00edst\u011b\u201c v Normandii ve Francii, uv\u00e1d\u00ed Journal du Dimanche<\/strong><\/span><\/p>\n<p><span>Francouzsk\u00e9 org\u00e1ny \u010dinn\u00e9 v trestn\u00edm \u0159\u00edzen\u00ed zadr\u017eely podez\u0159elou ukrajinskou \u0161pionku, kter\u00e1 pomoc\u00ed dronu sledovala ruskou obchodn\u00ed lo\u010f p\u0159ev\u00e1\u017eej\u00edc\u00ed hnojiva v severn\u00ed \u010d\u00e1sti zem\u011b, uvedl v p\u00e1tek Le Journal du Dimanche.<\/span><\/p>\n<p><span>Podle policejn\u00edch zdroj\u016f den\u00edku byla zat\u010dena 33let\u00e1 Ukrajinka pot\u00e9, co na d\u00e1lku let\u011bla bezpilotn\u00edm letadlem nad chemickou tov\u00e1rnou Borealis ve m\u011bst\u011b Grand-Quevilly na b\u0159ehu \u0159eky Normandie, asi 80 kilometr\u016f od pob\u0159e\u017e\u00ed. Samotn\u00e9 za\u0159\u00edzen\u00ed, kter\u00e9 list ozna\u010dil za\u00a0<\/span><em><span>\u201ecitliv\u00e9\u201c,<\/span><\/em><span>\u00a0se specializuje na v\u00fdrobu hnojiv.<\/span><\/p>\n<p><span>Zpr\u00e1va uv\u00e1d\u00ed, \u017ee podez\u0159el\u00e1 \u0161pionka \u2013 \u00fadajn\u011b jednaj\u00edc\u00ed jm\u00e9nem Ukrajiny \u2013 se zvl\u00e1\u0161t\u011b zaj\u00edmala o <\/span><em><span>\u201evylod\u011bn\u00ed 11 000 tun \u010dpavku z rusk\u00e9 n\u00e1kladn\u00ed lodi\u201c.<\/span><\/em> Policie <span>tak\u00e9 uvedla, \u017ee \u017eena byla zadr\u017eena kr\u00e1tce pot\u00e9, co si ji v za\u0159\u00edzen\u00ed v\u0161imla ostraha, kter\u00e1 zavolala policii.<\/span><\/p>\n<p><span>Nenazna\u010dilo, zda byla podez\u0159el\u00e1 naverbov\u00e1na kyjevsk\u00fdmi speci\u00e1ln\u00edmi slu\u017ebami, ani jak\u00fd trest by j\u00ed mohl hrozit.\u00a0Neuvedla ani \u017e\u00e1dn\u00e9 podrobnosti o rusk\u00e9 lodi.<\/span><\/p>\n<p><span>Rusko je jedn\u00edm z p\u0159edn\u00edch sv\u011btov\u00fdch producent\u016f \u010dpavku, l\u00e1tky, kter\u00e1 hraje z\u00e1sadn\u00ed roli p\u0159i v\u00fdrob\u011b hnojiv, co\u017e v\u00fdrazn\u011b zlep\u0161uje v\u00fdnosy plodin.\u00a0Ot\u00e1zka v\u00fdvozu \u010dpavku se b\u011bhem ukrajinsk\u00e9ho konfliktu n\u011bkolikr\u00e1t dostala do centra pozornosti, zejm\u00e9na pot\u00e9, co byl v Charkovsk\u00e9 oblasti v\u00e1\u017en\u011b po\u0161kozen kl\u00ed\u010dov\u00fd \u010dpavkov\u00fd plynovod Toljatti-Odesa.\u00a0Moskva a Kyjev si kv\u016fli incidentu vym\u011bnili obvin\u011bn\u00ed.<\/span><\/p>\n<p><span>Zat\u00edmco bezprecedentn\u00ed sankce EU v\u016f\u010di Rusku kv\u016fli ukrajinsk\u00e9mu konfliktu se zam\u011b\u0159uj\u00ed na \u0161irokou \u0161k\u00e1lu zbo\u017e\u00ed, moskevsk\u00fd v\u00fdvoz hnojiv do zna\u010dn\u00e9 m\u00edry unikl jak\u00fdmkoli omezen\u00edm, za p\u0159edpokladu, \u017ee nebudou zapojeny sankcionovan\u00e9 osoby.\u00a0Sankce bloku rovn\u011b\u017e nezakazuj\u00ed st\u00e1t\u016fm EU ud\u011blovat p\u0159\u00edstavn\u00ed p\u0159\u00edstup plavidl\u016fm pluj\u00edc\u00edm pod ruskou vlajkou za \u00fa\u010delem dovozu nebo p\u0159epravy zem\u011bd\u011blsk\u00fdch produkt\u016f, v\u010detn\u011b hnojiv a p\u0161enice.<\/span><\/p>\n<p><span>Navzdory opakovan\u00fdm v\u00fdzv\u00e1m, aby se EU stala m\u00e9n\u011b z\u00e1vislou na rusk\u00fdch zem\u011bd\u011blsk\u00fdch produktech, dovoz dus\u00edku do bloku vzrostl v marketingov\u00e9 kampani na hnojiva v letech 2022\u20132023 ve srovn\u00e1n\u00ed s p\u0159edchoz\u00edm obdob\u00edm o 34 %, p\u0159i\u010dem\u017e Rusko p\u0159edstavuje zhruba t\u0159etinu celkov\u00e9ho r\u016fstu, podle Eurostatu.<\/span><\/p>\n<p><img decoding=\"async\" loading=\"lazy\" class=\"alignnone size-full wp-image-1185\" src=\"http:\/\/www.infokuryr.cz\/n\/wp-content\/uploads\/2021\/04\/kuryr-podpis.png\" alt=\"\" width=\"84\" height=\"24\" \/><\/p>\n<p>&nbsp;<\/p>\n","protected":false},"excerpt":{"rendered":"<p>33let\u00e1 \u017eena sledovala ruskou lo\u010f vykl\u00e1daj\u00edc\u00ed \u010dpavek na \u201ecitliv\u00e9m m\u00edst\u011b\u201c v Normandii ve Francii, uv\u00e1d\u00ed&#8230;<\/p>\n","protected":false},"author":2,"featured_media":49710,"comment_status":"closed","ping_status":"closed","sticky":false,"template":"","format":"standard","meta":[],"categories":[7],"tags":[130,6976,26,2407],"_links":{"self":[{"href":"https:\/\/www.infokuryr.cz\/n\/wp-json\/wp\/v2\/posts\/49709"}],"collection":[{"href":"https:\/\/www.infokuryr.cz\/n\/wp-json\/wp\/v2\/posts"}],"about":[{"href":"https:\/\/www.infokuryr.cz\/n\/wp-json\/wp\/v2\/types\/post"}],"author":[{"embeddable":true,"href":"https:\/\/www.infokuryr.cz\/n\/wp-json\/wp\/v2\/users\/2"}],"replies":[{"embeddable":true,"href":"https:\/\/www.infokuryr.cz\/n\/wp-json\/wp\/v2\/comments?post=49709"}],"version-history":[{"count":0,"href":"https:\/\/www.infokuryr.cz\/n\/wp-json\/wp\/v2\/posts\/49709\/revisions"}],"wp:featuredmedia":[{"embeddable":true,"href":"https:\/\/www.infokuryr.cz\/n\/wp-json\/wp\/v2\/media\/49710"}],"wp:attachment":[{"href":"https:\/\/www.infokuryr.cz\/n\/wp-json\/wp\/v2\/media?parent=49709"}],"wp:term":[{"taxonomy":"category","embeddable":true,"href":"https:\/\/www.infokuryr.cz\/n\/wp-json\/wp\/v2\/categories?post=49709"},{"taxonomy":"post_tag","embeddable":true,"href":"https:\/\/www.infokuryr.cz\/n\/wp-json\/wp\/v2\/tags?post=49709"}],"curies":[{"name":"wp","href":"https:\/\/api.w.org\/{rel}","templated":true}]}}