{"id":49694,"date":"2024-03-19T00:44:21","date_gmt":"2024-03-18T23:44:21","guid":{"rendered":"https:\/\/www.infokuryr.cz\/n\/?p=49694"},"modified":"2024-03-18T17:44:05","modified_gmt":"2024-03-18T16:44:05","slug":"164-den-izraelska-armada-znovu-zautocila-na-al-shifa-pomoc-dorazila-do-jabalie-poprve-za-nekolik-mesicu","status":"publish","type":"post","link":"https:\/\/www.infokuryr.cz\/n\/2024\/03\/19\/164-den-izraelska-armada-znovu-zautocila-na-al-shifa-pomoc-dorazila-do-jabalie-poprve-za-nekolik-mesicu\/","title":{"rendered":"164. den: Izraelsk\u00e1 arm\u00e1da znovu za\u00fato\u010dila na al-Shifa, pomoc dorazila do Jabalie poprv\u00e9 za n\u011bkolik m\u011bs\u00edc\u016f"},"content":{"rendered":"<div id=\"fb-root\"><\/div>\n<p><span style=\"font-size: 18pt;\"><strong>18. b\u0159ezna 2024<\/strong><\/span><\/p>\n<p><span style=\"font-size: 14pt;\"><strong>V\u00edce ne\u017e milion lid\u00ed v Gaze \u010del\u00ed \u201ebezprost\u0159edn\u00edmu\u201c hladomoru, kdy\u017e do severn\u00ed Gazy poprv\u00e9 za n\u011bkolik m\u011bs\u00edc\u016f doraz\u00ed pomocn\u00e1 vozidla UNRWA.\u00a0Mezit\u00edm n\u00e1\u010deln\u00edk gener\u00e1ln\u00edho \u0161t\u00e1bu izraelsk\u00e9 arm\u00e1dy \u0159\u00edk\u00e1, \u017ee \u201eje\u0161t\u011b dlouh\u00e1 cesta\u201c, ne\u017e budou izraelsk\u00e9 vojensk\u00e9 c\u00edle dosa\u017eeny.<\/strong><\/span><\/p>\n<h2 class=\"wp-block-heading\"><strong>Ztr\u00e1ty<\/strong><\/h2>\n<ul>\n<li>31 726 + zabit\u00fdch* a nejm\u00e9n\u011b 73 792 zran\u011bn\u00fdch v p\u00e1smu Gazy.<\/li>\n<li>Na okupovan\u00e9m Z\u00e1padn\u00edm b\u0159ehu a ve v\u00fdchodn\u00edm Jeruzal\u00e9m\u011b bylo zabito v\u00edce ne\u017e 435 Palestinc\u016f.**<\/li>\n<li>Izrael reviduje sv\u016fj odhadovan\u00fd po\u010det ob\u011bt\u00ed ze 7. \u0159\u00edjna na 1 400 na 1 147.<\/li>\n<li>Od 7. \u0159\u00edjna bylo zabito 591 izraelsk\u00fdch voj\u00e1k\u016f a nejm\u00e9n\u011b 3 221 zran\u011bno.***<\/li>\n<\/ul>\n<p><em>*Ministerstvo zdravotnictv\u00ed Gazy potvrdilo toto \u010d\u00edslo na sv\u00e9m kan\u00e1lu Telegram.\u00a0N\u011bkter\u00e9 organizace na ochranu lidsk\u00fdch pr\u00e1v uv\u00e1d\u011bj\u00ed po\u010det ob\u011bt\u00ed bl\u00ed\u017ee k 40 000, kdy\u017e po\u010d\u00edtaj\u00ed s t\u011bmi, o kter\u00fdch se p\u0159edpokl\u00e1d\u00e1, \u017ee jsou mrtv\u00ed.<\/em><\/p>\n<p><em>** Po\u010det ob\u011bt\u00ed na Z\u00e1padn\u00edm b\u0159ehu Jord\u00e1nu a v Jeruzal\u00e9m\u011b nen\u00ed pravideln\u011b aktualizov\u00e1n.\u00a0Podle ministerstva zdravotnictv\u00ed PA ze 17. b\u0159ezna je to nejnov\u011bj\u0161\u00ed \u00fadaj.<\/em><\/p>\n<p><em>*** Tento \u00fadaj zve\u0159ejnila izraelsk\u00e1 arm\u00e1da a ukazuje voj\u00e1ky, jejich\u017e jm\u00e9na \u201esm\u011bla b\u00fdt zve\u0159ejn\u011bna\u201c.<\/em><\/p>\n<h2 class=\"wp-block-heading\"><strong>Kl\u00ed\u010dov\u00fd v\u00fdvoj<\/strong><\/h2>\n<ul>\n<li>Ministerstvo zdravotnictv\u00ed Gazy: Izraelsk\u00e1 arm\u00e1da po\u010dtvrt\u00e9 za\u00fato\u010dila na nemocnici al-Shifa a zabila a zranila \u0159adu lid\u00ed.<\/li>\n<li>30 000 lid\u00ed v nemocnici al-Shifa na\u0159\u00eddilo evakuaci do Khan Younis.<\/li>\n<li><a href=\"https:\/\/www.ppsmo.ps\/home\/news\/12582?culture=ar-SA\">Spole\u010dnost palestinsk\u00fdch v\u011bz\u0148\u016f:<\/a>\u00a0T\u0159in\u00e1ct\u00fd palestinsk\u00fd v\u011bze\u0148 um\u00edr\u00e1 v izraelsk\u00e9 vazb\u011b od 7. \u0159\u00edjna.<\/li>\n<li>Britsk\u00e1 charitativn\u00ed organizace\u00a0<a href=\"https:\/\/www.oxfam.org\/en\/press-releases\/israel-government-continues-block-aid-response-despite-icj-genocide-court-rulinghttps:\/\/www.oxfam.org\/en\/press-releases\/israel-government-continues-block-aid-response-despite-icj-genocide-court-ruling\">Oxfam<\/a>\u00a0obvi\u0148uje Izrael z \u201eaktivn\u00edho naru\u0161ov\u00e1n\u00ed\u201c humanit\u00e1rn\u00edch operac\u00ed v Gaze.<\/li>\n<li><a href=\"https:\/\/twitter.com\/PalestineRCS\/status\/1769463276948095433?ref_src=twsrc%5Etfw%7Ctwcamp%5Etweetembed%7Ctwterm%5E1769463276948095433%7Ctwgr%5Ee28b7dfebc45869952333a51661a55694aa121bf%7Ctwcon%5Es1_&amp;ref_url=https%3A%2F%2Fwww.aljazeera.com%2Fnews%2Fliveblog%2F2024%2F3%2F17%2Fisraels-war-on-gaza-live-13-aid-trucks-reach-north-malnutrition-doubles\">PRCS<\/a>\u00a0poskytuje skupiny du\u0161evn\u00ed podpory pro traumatizovan\u00e9 palestinsk\u00e9 d\u011bti, zdravotn\u00edky.<\/li>\n<li><a href=\"https:\/\/www.ipcinfo.org\/ipcinfo-website\/alerts-archive\/issue-97\/en\/\">IPC<\/a>\u00a0: 1,1 milionu lid\u00ed, asi polovina Gazy, \u010del\u00ed \u201ebezprost\u0159edn\u00edmu\u201c hladomoru.<\/li>\n<li>Devaten\u00e1ct n\u00e1kladn\u00edch voz\u016f s humanit\u00e1rn\u00ed pomoc\u00ed dorazilo do D\u017eabalie, ani\u017e by je izraelsk\u00e9 s\u00edly b\u011bhem m\u011bs\u00edc\u016f zablokovaly nebo na n\u011b st\u0159\u00edlely.<\/li>\n<li>\u0160\u00e9fka UNICEF\u00a0<a href=\"https:\/\/www.cbsnews.com\/news\/catherine-russell-unicef-executive-director-face-the-nation-transcript-03-17-2024\/\">Catherine Russell:<\/a>\u00a0V\u00fdsadky a n\u00e1mo\u0159n\u00ed dod\u00e1vky jsou \u201ekapkou v k\u00fdblu\u201c ve srovn\u00e1n\u00ed s rozsahem humanit\u00e1rn\u00edch pot\u0159eb.<\/li>\n<li><a href=\"https:\/\/www.unicef.org\/press-releases\/acute-malnutrition-has-doubled-one-month-north-gaza-strip-unicef\">UNICEF<\/a>\u00a0: ka\u017ed\u00e9 t\u0159et\u00ed d\u00edt\u011b do dvou let v severn\u00ed Gaze trp\u00ed akutn\u00ed podv\u00fd\u017eivou.<\/li>\n<li>Ministerstvo zdravotnictv\u00ed Gazy: Izraelsk\u00e9 \u00fatoky zabily b\u011bhem posledn\u00edch 24 hodin v Gaze 81 Palestinc\u016f a 116 jich zranilo.<\/li>\n<li>Podle\u00a0<a href=\"https:\/\/www.nbcnews.com\/politics\/2024-election\/biden-anger-rcna143729\">NBC News Biden \u00fadajn\u011b k\u0159i\u010d\u00ed a p\u0159\u00edsah\u00e1, kdy\u017e se dozv\u011bd\u011bl, \u017ee \u010d\u00edsla z pr\u016fzkum\u016f v Michiganu a Georgii klesla kv\u016fli \u0159e\u0161en\u00ed v\u00e1lky v Gaze.<\/a><\/li>\n<\/ul>\n<h2 class=\"wp-block-heading\"><strong>Izraelsk\u00e1 arm\u00e1da za\u00fato\u010dila na nemocnici al-Shifa\u2026 znovu\u00a0<\/strong><\/h2>\n<p>V pond\u011bln\u00edch \u010dasn\u00fdch rann\u00edch hodin\u00e1ch za\u00fato\u010dily izraelsk\u00e9 s\u00edly na nemocnici al-Shifa v severn\u00ed Gaze s tanky a silnou st\u0159elbou.\u00a0V pokra\u010duj\u00edc\u00edm izraelsk\u00e9m n\u00e1poru, kter\u00fd za\u010dal kolem 2:00 r\u00e1no, ji\u017e byla \u201e\u0159ada mu\u010dedn\u00edk\u016f a ran\u011bn\u00fdch\u201c<\/p>\n<p>Ministerstvo zdravotnictv\u00ed Gazy uvedlo, \u017ee uvnit\u0159 komplexu je uv\u011bzn\u011bno asi 30 000 lid\u00ed, v\u010detn\u011b vys\u00eddlen\u00fdch civilist\u016f, zran\u011bn\u00fdch pacient\u016f a zdravotnick\u00e9ho person\u00e1lu.\u00a0Odst\u0159elovac\u00ed kulky a kvadrokopt\u00e9ry se zam\u011b\u0159uj\u00ed na ka\u017ed\u00e9ho, kdo se pokus\u00ed pohnout.<\/p>\n<p>Po\u017e\u00e1r vypukl tak\u00e9 u vchodu do nemocnice a mezi vys\u00eddlen\u00fdmi \u017eenami a d\u011btmi uvnit\u0159 do\u0161lo k p\u0159\u00edpad\u016fm udu\u0161en\u00ed.<\/p>\n<p>M\u00e9n\u011b ne\u017e dv\u011b hodiny po za\u010d\u00e1tku \u00fatoku izraelsk\u00e1 arm\u00e1da ozn\u00e1mila, \u017ee prov\u00e1d\u00ed \u201ep\u0159esnou operaci\u201c v nemocnici al-Shifa ve m\u011bst\u011b Gaza, p\u0159i\u010dem\u017e tvrdila, \u017ee Ham\u00e1s vyu\u017e\u00edv\u00e1 zdravotnick\u00e9 za\u0159\u00edzen\u00ed k \u201eprov\u00e1d\u011bn\u00ed a podpo\u0159e teroristick\u00e9 \u010dinnosti\u201c.<\/p>\n<p>\u201eV\u00edme, \u017ee vysoc\u00ed terorist\u00e9 Hamasu se p\u0159eskupili v nemocnici [al-Shifa] a pou\u017e\u00edvaj\u00ed ji k velen\u00ed \u00fatok\u016fm proti Izraeli,\u201c uvedl mluv\u010d\u00ed izraelsk\u00e9 arm\u00e1dy Daniel Hagari ve videu zve\u0159ejn\u011bn\u00e9m na\u00a0<a href=\"https:\/\/twitter.com\/IDF\/status\/1769536658838311060\">X.<\/a><\/p>\n<p>Izraelsk\u00e1 arm\u00e1da pou\u017eila podobn\u00e1\u00a0<a href=\"https:\/\/www.youtube.com\/watch?v=HntDvDq_x7w\">neov\u011b\u0159en\u00e1<\/a>\u00a0tvrzen\u00ed k ospravedln\u011bn\u00ed t\u0159\u00ed p\u0159edchoz\u00edch \u00fatok\u016f na l\u00e9ka\u0159sk\u00fd komplex, p\u0159i nich\u017e zahynuly des\u00edtky Palestinc\u016f.<\/p>\n<p>Hagari ve sv\u00e9m anglick\u00e9m videoprohl\u00e1\u0161en\u00ed dodal, \u017ee izraelsk\u00e1 arm\u00e1da bude b\u011bhem pl\u00e1novan\u00e9ho \u00fatoku prov\u00e1d\u011bt \u201ehumanit\u00e1rn\u00ed \u00fasil\u00ed\u201c a poskytovat j\u00eddlo a vodu.\u00a0Z\u00e1rove\u0148 zd\u016fraznil, \u017ee pacienti a zdravotnick\u00fd person\u00e1l nemaj\u00ed \u201e\u017e\u00e1dnou povinnost\u201c evakuovat nemocnici.<\/p>\n<p>Mluv\u010d\u00ed izraelsk\u00e9 arm\u00e1dy Avichay Adraee v\u0161ak v arab\u0161tin\u011b vyzval Palestince, aby evakuovali nemocnici a jej\u00ed okol\u00ed\u00a0<a href=\"https:\/\/twitter.com\/AvichayAdraee\/status\/1769613852021231856\">dne X<\/a>\u00a0: \u201eAbyste zachovali svou bezpe\u010dnost, mus\u00edte okam\u017eit\u011b evakuovat oblast na z\u00e1pad a pot\u00e9 p\u0159ej\u00edt Al-Ra\u0161\u00edd (Al- Bahr) Ulice na jih do humanit\u00e1rn\u00ed oblasti v Al-Mawasi.<\/p>\n<p>Al-Mawasi, \u201ehumanit\u00e1rn\u00ed z\u00f3na\u201c v z\u00e1padn\u00ed \u010d\u00e1sti Khan Younis, je siln\u011b p\u0159elidn\u011bn\u00fd p\u00e1s zem\u011b na z\u00e1pad\u011b p\u00e1sma Gazy, kter\u00fd slou\u017e\u00ed jako jedna z m\u00e1la vyhrazen\u00fdch bezpe\u010dn\u00fdch oblast\u00ed v Gaze, p\u0159esto\u017ee byl vystaven izraelsk\u00e9 palb\u011b.<\/p>\n<p>Podle korespondenta\u00a0<a href=\"https:\/\/aje.io\/ckq1oq?update=2780266\">al-D\u017eaz\u00edry<\/a>\u00a0Haniho Mahm\u00fada z Gazy \u201elet\u00e1ky, kter\u00e9 izraelsk\u00e1 arm\u00e1da shodila, \u0159ekli lidem v nemocnici al-Shifa, v jej\u00edm okol\u00ed a v cel\u00fdch obytn\u00fdch bloc\u00edch obklopuj\u00edc\u00edch l\u00e9ka\u0159sk\u00fd komplex, aby se okam\u017eit\u011b evakuovali\u201c.<\/p>\n<p>\u201eLid\u00e9 jsou chyceni mezi t\u00edm, zda odej\u00edt a v\u011b\u0159it prohl\u00e1\u0161en\u00ed, nebo z\u016fstat tam, kde jsou.\u00a0Hovo\u0159\u00edme o tis\u00edc\u00edch Palestinc\u016f, kte\u0159\u00ed se v komplexu ukr\u00fdvali od za\u010d\u00e1tku v\u00e1lky,\u201c pokra\u010doval Mahm\u00fad.<\/p>\n<p>\u201eZa\u010d\u00e1tkem prosince izraelsk\u00e1 arm\u00e1da sepsala seznam obvin\u011bn\u00ed a za\u00fato\u010dila na nemocnici al-Shifa, zni\u010dila velkou v\u011bt\u0161inu jej\u00edho majetku a v\u00e1\u017en\u011b po\u0161kodila hlavn\u00ed budovy a l\u00e9ka\u0159sk\u00e9 vybaven\u00ed uvnit\u0159 nemocnice.\u00a0Z nemocnice bylo zat\u010deno asi 250 lid\u00ed,\u201c \u0159ekl Mahm\u00fad.<\/p>\n<p><a href=\"https:\/\/www.timesofisrael.com\/idf-troops-raid-gaza-citys-shifa-hospital-battle-hamas-members-holed-up-inside\/\">The Times of Israel<\/a>\u00a0s odvol\u00e1n\u00edm na izraelskou arm\u00e1du uv\u00e1d\u00ed, \u017ee arm\u00e1da od za\u010d\u00e1tku posledn\u00edho \u00fatoku p\u0159evzala kontrolu nad nemocnic\u00ed al-Shifa a zadr\u017eela 80 lid\u00ed.<\/p>\n<p>&#8222;Zlo\u010diny [izraelsk\u00e9] okupace nevytvo\u0159\u00ed \u017e\u00e1dn\u00fd obraz v\u00edt\u011bzstv\u00ed Netanjahua a jeho nacistick\u00e9 arm\u00e1dy,&#8220; \u0159ekl Hamas, jak cituje\u00a0<a href=\"https:\/\/aje.io\/ckq1oq?update=2780226\">Al Jazeera<\/a>\u00a0.\u00a0&#8222;Zlo\u010diny okupace vyjad\u0159uj\u00ed zmatek a ztr\u00e1tu nad\u011bje na dosa\u017een\u00ed vojensk\u00e9ho \u00fasp\u011bchu.&#8220;<\/p>\n<p>Ve spole\u010dn\u00e9m prohl\u00e1\u0161en\u00ed palestinsk\u00e9 frakce uvedly, \u017ee \u00fatok na nemocnice \u201eje pokra\u010dov\u00e1n\u00edm vyhlazovac\u00ed v\u00e1lky veden\u00e9 okupac\u00ed proti palestinsk\u00e9mu lidu a flagrantn\u00edm poru\u0161en\u00edm v\u0161ech mezin\u00e1rodn\u00edch konvenc\u00ed a z\u00e1kon\u016f,\u201c uvedla\u00a0<a href=\"https:\/\/aje.io\/ckq1oq?update=2780226\">Al Jazeera.<\/a><\/p>\n<p>Ministerstvo zdravotnictv\u00ed Gazy popsalo \u00fatok jako \u201emasakr proti nemocn\u00fdm, zran\u011bn\u00fdm, vys\u00eddlen\u00fdm\u201c a vyzvalo v\u0161echny mezin\u00e1rodn\u00ed instituce, aby invazi okam\u017eit\u011b zastavily.<\/p>\n<p>\u201eTo, co d\u011blaj\u00ed okupa\u010dn\u00ed s\u00edly, je flagrantn\u00ed poru\u0161en\u00ed mezin\u00e1rodn\u00edho humanit\u00e1rn\u00edho pr\u00e1va,\u201c pokra\u010dovalo ministerstvo.\u00a0&#8222;Izraelsk\u00e1 okupace st\u00e1le pou\u017e\u00edv\u00e1 sv\u00e9 smy\u0161len\u00e9 p\u0159\u00edb\u011bhy, aby oklamala sv\u011bt a ospravedlnila \u00fatok na al-Shifa Medical Complex.&#8220;<\/p>\n<h2 class=\"wp-block-heading\"><strong>&#8222;Miminka nemaj\u00ed ani s\u00edlu plakat&#8220;<\/strong><\/h2>\n<p>Mezit\u00edm jsou Palestinci v oble\u017een\u00e9 enkl\u00e1v\u011b st\u00e1le hladov\u011bni pokra\u010duj\u00edc\u00ed izraelskou blok\u00e1dou, zejm\u00e9na ti, kte\u0159\u00ed \u017eij\u00ed na severu, kde izraelsk\u00e9 s\u00edly opakovan\u011b blokuj\u00ed vstup pomoci.<\/p>\n<p>V nov\u00e9\u00a0<a href=\"https:\/\/www.oxfam.org\/en\/press-releases\/israel-government-continues-block-aid-response-despite-icj-genocide-court-rulinghttps:\/\/www.oxfam.org\/en\/press-releases\/israel-government-continues-block-aid-response-despite-icj-genocide-court-ruling\">zpr\u00e1v\u011b<\/a>\u00a0britsk\u00e1 charitativn\u00ed organizace Oxfam obvinila Izrael z \u201eaktivn\u00edho zabra\u0148ov\u00e1n\u00ed\u201c humanit\u00e1rn\u00edm operac\u00edm v Gaze, \u010d\u00edm\u017e vzdoruje p\u0159\u00edkaz\u016fm Mezin\u00e1rodn\u00edho soudn\u00edho dvora zabr\u00e1nit genocid\u011b v oble\u017een\u00e9 palestinsk\u00e9 enkl\u00e1v\u011b.<\/p>\n<p>Oxfam nast\u00ednil sedm zp\u016fsob\u016f, jak Izrael br\u00e1n\u00ed dod\u00e1vk\u00e1m pomoci, v\u010detn\u011b otev\u0159en\u00ed pouze dvou p\u0159echod\u016f do Gazy, zaveden\u00ed nefunk\u010dn\u00edho inspek\u010dn\u00edho syst\u00e9mu, kter\u00fd udr\u017euje pomoc v z\u00e1sob\u00e1ch, a z\u00e1tah\u016f proti humanit\u00e1rn\u00edm mis\u00edm.<\/p>\n<p>&#8222;Na\u0159\u00edzen\u00ed ICJ m\u011blo \u0161okovat izraelsk\u00e9 v\u016fdce, aby zm\u011bnili kurz, ale od t\u00e9 doby se podm\u00ednky v Gaze skute\u010dn\u011b zhor\u0161ily,&#8220; \u0159ekla Sally Abi Khalil, \u0159editelka Oxfamu pro Bl\u00edzk\u00fd v\u00fdchod a severn\u00ed Afriku.<\/p>\n<p>Jedno ze t\u0159\u00ed d\u011bt\u00ed do dvou let v severn\u00ed Gaze trp\u00ed akutn\u00ed podv\u00fd\u017eivou, uv\u00e1d\u00ed\u00a0<a href=\"https:\/\/www.unicef.org\/press-releases\/acute-malnutrition-has-doubled-one-month-north-gaza-strip-unicef\">UNICEF<\/a>\u00a0.<\/p>\n<p>Catherine Russell, v\u00fdkonn\u00e1 \u0159editelka d\u011btsk\u00e9 agentury OSN, \u0159\u00edk\u00e1, \u017ee akutn\u00ed podv\u00fd\u017eiva je, kdy\u017e \u201et\u011blo za\u010dne po\u017e\u00edrat samo sebe, proto\u017ee nem\u00e1 nic jin\u00e9ho, \u200b\u200ba pro d\u011bti je to bolestiv\u00e1, bolestiv\u00e1 smrt.\u00a0Byl jsem na odd\u011blen\u00edch, kde d\u011bti trp\u00ed podv\u00fd\u017eivou.\u00a0Na cel\u00e9m odd\u011blen\u00ed je absolutn\u00ed klid, proto\u017ee miminka ani nemaj\u00ed energii plakat.\u201c<\/p>\n<p>&#8222;Pokud jim dok\u00e1\u017eeme zajistit terapeutick\u00e9 krmen\u00ed, mohou p\u0159e\u017e\u00edt, ale \u010dasto jsou zakrn\u011bl\u00e9 na cel\u00fd \u017eivot a zakrn\u011bl\u00e9 znamen\u00e1, \u017ee jsou ovlivn\u011bny i va\u0161e kognitivn\u00ed schopnosti, tak\u017ee je to pro tyto d\u011bti celo\u017eivotn\u00ed v\u00fdzva &#8211; pokud p\u0159e\u017eij\u00ed,&#8220; \u0159ekla. pokra\u010doval v rozhovoru pro\u00a0<a href=\"https:\/\/www.cbsnews.com\/news\/catherine-russell-unicef-executive-director-face-the-nation-transcript-03-17-2024\/\">CBS News<\/a>\u00a0.<\/p>\n<p>I kdy\u017e je ur\u010dit\u00e1 pomoc shazov\u00e1na nebo dod\u00e1v\u00e1na po mo\u0159i, odborn\u00edci, nevl\u00e1dn\u00ed organizace a obyvatel\u00e9 tvrd\u00ed, \u017ee to zdaleka nen\u00ed dost na to, aby uspokojilo pot\u0159eby milion\u016f Palestinc\u016f.\u00a0Russell \u0159\u00edk\u00e1, \u017ee pomoc p\u0159ich\u00e1zej\u00edc\u00ed p\u0159es v\u00fdsadky a n\u00e1mo\u0159n\u00ed cestu je \u201ev obou p\u0159\u00edpadech kapkou v k\u00fdblu\u201c.<\/p>\n<p>\u201ePr\u00e1v\u011b te\u010f m\u00e1me tak mal\u00fd p\u0159\u00edstup a je to velmi n\u00e1ro\u010dn\u00e9.\u00a0\u010cel\u00edme tak\u00e9 velk\u00fdm byrokratick\u00fdm v\u00fdzv\u00e1m p\u0159i p\u0159esunu kamion\u016f po zemi, co\u017e je zdaleka nej\u00fa\u010dinn\u011bj\u0161\u00ed a nejefektivn\u011bj\u0161\u00ed zp\u016fsob, jak z\u00edskat pomoc,\u201c dodala.<\/p>\n<p>\u201ePokud maj\u00ed v\u011bci dvoj\u00ed pou\u017eit\u00ed, n\u011bkdy jsou odm\u00edtnuty.\u00a0Tak\u017ee nem\u016f\u017eeme dostat plastov\u00e9 trubky, nem\u016f\u017eeme tam dostat n\u011bjak\u00e9 l\u00e9ka\u0159sk\u00e9 soupravy, pokud maj\u00ed mal\u00e9 n\u016f\u017eky.\u00a0Je to skoro kafkovsk\u00e9, n\u011bkdy se sna\u017e\u00ed p\u0159ij\u00edt na to, jak dostat v\u011bci do tohoto byrokratick\u00e9ho zmatku.\u201c<\/p>\n<p>Podobn\u011b vys\u00eddlen\u00fd Palestinec Zahr Saqr \u0159ekl\u00a0<a href=\"https:\/\/aje.io\/5fimki?update=2778424\">Al-D\u017eaz\u00ed\u0159e<\/a>\u00a0: \u201eSituace je tak \u0161patn\u00e1, \u017ee si to nikdo nedok\u00e1\u017ee p\u0159edstavit, a lo\u010f, i kdy\u017e pom\u016f\u017ee, bude kapkou v mo\u0159i, proto\u017ee cel\u00fd region pot\u0159ebuje pomoc. a lid\u00e9 sout\u011b\u017e\u00ed o pomoc ze b\u0159ehu.&#8220;<\/p>\n<p>V\u00fdsadky zp\u016fsobily chaos a zabily n\u011bkolik lid\u00ed padaj\u00edc\u00edmi paletami, kdy\u017e se nepoda\u0159ilo otev\u0159\u00edt pad\u00e1ky.<\/p>\n<p>&#8222;Po\u0159\u00e1d \u010dek\u00e1me na pomoc.&#8220;\u00a0To nen\u00ed \u0159e\u0161en\u00ed, a\u0165 u\u017e lod\u00ed nebo letadlem.\u00a0Vid\u011bli jsme letadla shazuj\u00edc\u00ed pomoc a lidi bojuj\u00edc\u00ed o ni.\u00a0N\u011bkter\u00e9 d\u011bti se kv\u016fli pomoci utopily v mo\u0159i,\u201c \u0159ekl Wael Miqdad, obyvatel Khan Younis.<\/p>\n<p>OSN\u00a0<a href=\"https:\/\/press.un.org\/en\/2024\/sc15604.doc.htm\">varuje<\/a>\u00a0, \u017ee t\u00e9m\u011b\u0159 600 000 lid\u00ed je na pokraji hladomoru.<\/p>\n<p>\u201e\u017divotn\u00ed situace je velmi \u0161patn\u00e1.\u00a0Nem\u016f\u017eeme j\u00edst ani p\u00edt a pomoc je velmi vz\u00e1cn\u00e1.\u00a0\u0158ekli n\u00e1m, \u017ee na jihu je pomoc, ale je velmi vz\u00e1cn\u00e1,\u201c \u0159ekl\u00a0<a href=\"https:\/\/aje.io\/5fimki?update=2778424\">Al-D\u017eaz\u00ed\u0159e Iman Wadi, dal\u0161\u00ed vys\u00eddlen\u00fd Palestinec.<\/a><\/p>\n<p>\u201eIzraelsk\u00e9 \u00fa\u0159ady nejen\u017ee selh\u00e1vaj\u00ed v usnad\u0148ov\u00e1n\u00ed mezin\u00e1rodn\u00ed pomoci, ale aktivn\u011b j\u00ed br\u00e1n\u00ed.\u00a0Jsme p\u0159esv\u011bd\u010deni, \u017ee Izrael nepodnikne v\u0161echna opat\u0159en\u00ed, kter\u00e1 jsou v jeho sil\u00e1ch, aby zabr\u00e1nil genocid\u011b,\u201c pokra\u010doval Abi Khalil.<\/p>\n<p>Izrael vytvo\u0159il \u201edokonalou bou\u0159i pro humanit\u00e1rn\u00ed kolaps a pouze st\u00e1t Izrael to m\u016f\u017ee napravit,\u201c dodala.<\/p>\n<h2 class=\"wp-block-heading\">V\u00edce ne\u017e milion Gazan\u016f \u010del\u00ed \u201ebezprost\u0159edn\u00edmu hladomoru\u201c, ikdy\u017e se pomoc dost\u00e1v\u00e1 do Jabalie<\/h2>\n<p>V ned\u011bli ve\u010der zachytily kamery\u00a0<a href=\"https:\/\/aje.io\/5fimki?update=2779689\">al-D\u017eaz\u00edry<\/a>\u00a0konvoj 19 n\u00e1kladn\u00edch aut s humanit\u00e1rn\u00ed pomoc\u00ed vj\u00ed\u017ed\u011bj\u00edc\u00ed do uprchlick\u00e9ho t\u00e1bora Jabalia na severu Gazy.\u00a0Kamiony vezly mouku, r\u00fd\u017ei a dal\u0161\u00ed potraviny na cest\u011b do distribu\u010dn\u00edho centra UNRWA.<\/p>\n<p>Dod\u00e1vka p\u0159edstavuje prvn\u00ed konvoje, kter\u00e9 za \u010dty\u0159i m\u011bs\u00edce bez incident\u016f cestuj\u00ed z jihu na sever p\u00e1sma Gazy.<\/p>\n<p>Integrovan\u00e1 klasifikace potravinov\u00e9 bezpe\u010dnosti (IPC), org\u00e1n odpov\u011bdn\u00fd za hodnocen\u00ed a sledov\u00e1n\u00ed hladomoru, uvedl, \u017ee p\u0159ibli\u017en\u011b polovina Gazy \u010del\u00ed \u201ebezprost\u0159edn\u00edmu\u201c hladomoru.<\/p>\n<p>\u201eOd poloviny b\u0159ezna do poloviny \u010dervence se podle nejpravd\u011bpodobn\u011bj\u0161\u00edho sc\u00e9n\u00e1\u0159e a za p\u0159edpokladu eskalace konfliktu v\u010detn\u011b pozemn\u00ed ofenzivy v Raf\u00e1hu o\u010dek\u00e1v\u00e1, \u017ee polovina obyvatel P\u00e1sma Gazy (1,11 milionu lid\u00ed) bude \u010delit katastrof\u00e1m. podm\u00ednky (IPC f\u00e1ze 5), nejz\u00e1va\u017en\u011bj\u0161\u00ed \u00farove\u0148 na stupnici akutn\u00ed potravinov\u00e9 nejistoty IPC,\u201c\u00a0<a href=\"https:\/\/www.ipcinfo.org\/ipcinfo-website\/alerts-archive\/issue-97\/en\/\">uvedl IPC v prohl\u00e1\u0161en\u00ed<\/a>\u00a0.\u00a0&#8222;To je n\u00e1r\u016fst o 530 000 lid\u00ed (92 procent) ve srovn\u00e1n\u00ed s p\u0159edchoz\u00ed anal\u00fdzou.&#8220;<\/p>\n<p>IPC tak\u00e9 uvedl, \u017ee zbytek Gazy bude pravd\u011bpodobn\u011b v \u010dervenci 2024 \u010delit \u201eriziku hladomoru\u201c v p\u0159\u00edpad\u011b \u201enejhor\u0161\u00edho sc\u00e9n\u00e1\u0159e\u201c.<\/p>\n<p>&#8222;Ji\u017en\u00ed guvernor\u00e1ty Deir al-Balah a Khan Younis a guvernor\u00e1t Rafah jsou klasifikov\u00e1ny ve f\u00e1zi 4 IPC (nouzov\u00fd stav),&#8220; uvedl IPC.<\/p>\n<h2 class=\"wp-block-heading\"><strong>K dosa\u017een\u00ed izraelsk\u00fdch vojensk\u00fdch c\u00edl\u016f zb\u00fdv\u00e1 je\u0161t\u011b dlouh\u00e1 cesta<\/strong><\/h2>\n<p>Netanjahuova administrativa neprojevuje \u017e\u00e1dn\u00fd \u00famysl ukon\u010dit svou v\u00e1lku v Gaze v brzk\u00e9 dob\u011b, navzdory rostouc\u00edmu sboru hlas\u016f, v\u010detn\u011b izraelsk\u00fdch spojenc\u016f, volaj\u00edc\u00edch po ukon\u010den\u00ed pokra\u010duj\u00edc\u00edho \u00fatoku.<\/p>\n<p>N\u00e1\u010deln\u00edk gener\u00e1ln\u00edho \u0161t\u00e1bu izraelsk\u00e9 arm\u00e1dy Herzi Halevi v tiskov\u00e9m prohl\u00e1\u0161en\u00ed uvedl, \u017ee b\u011bhem \u201ev\u00edce frontov\u00e9 a slo\u017eit\u00e9 v\u00e1lky\u201c bylo dosa\u017eeno mnoh\u00e9ho, ale dosa\u017een\u00ed v\u00edce bude podle\u00a0<a href=\"https:\/\/www.aljazeera.com\/news\/liveblog\/2024\/3\/17\/israels-war-on-gaza-live-13-aid-trucks-reach-north-malnutrition-doubles?update=2779537\">Al-D\u017eaz\u00edry<\/a>\u00a0n\u011bjakou dobu trvat .<\/p>\n<p>&#8222;M\u00e1me p\u0159ed sebou je\u0161t\u011b dlouhou cestu, ne\u017e budou v\u00e1le\u010dn\u00e9 c\u00edle dosa\u017eeny,&#8220; \u0159ekl.<\/p>\n<p>Halevi tak\u00e9 \u0159ekl, \u017ee arm\u00e1da pokra\u010duje v pl\u00e1nov\u00e1n\u00ed operac\u00ed v \u201eoblastech, kde jsme je\u0161t\u011b neoperovali\u201c, s odkazem na Rafah v ji\u017en\u00ed Gaze, kde se ukr\u00fdv\u00e1 v\u00edce ne\u017e 1,5 milionu Palestinc\u016f.<\/p>\n<p>&#8222;Arm\u00e1da se p\u0159ipravuje na \u00fatoky v dal\u0161\u00edch oblastech a spole\u010dn\u011b s politick\u00fdmi skupinami rozhodneme o na\u010dasov\u00e1n\u00ed a vhodn\u00fdch podm\u00ednk\u00e1ch,&#8220; \u0159ekl.<\/p>\n<p>\u201eJsme odhodl\u00e1ni jednat v\u0161ude tam, kde Ham\u00e1s buduje svou s\u00edlu.\u00a0Je \u0161patn\u00e9 nechat brig\u00e1dy Ham\u00e1su a prapory Ham\u00e1su fungovat.&#8220;<\/p>\n<p>B\u00fdval\u00fd vojensk\u00fd velitel Jicchak Brick v\u0161ak \u0159\u00edk\u00e1, \u017ee Izrael ji\u017e prohr\u00e1l v\u00e1lku proti Hamasu v p\u00e1smu Gazy.<\/p>\n<p>&#8222;Nem\u016f\u017eete lh\u00e1t mnoha lidem po dlouhou dobu,&#8220; \u0159ekl Yitzhak Brick v \u010dl\u00e1nku v izraelsk\u00fdch novin\u00e1ch Maariv, jak uv\u00e1d\u00ed\u00a0<a href=\"https:\/\/aje.io\/5fimki?update=2778416\">Al Jazeera<\/a>\u00a0.\u00a0&#8222;To, co se d\u011bje v p\u00e1smu Gazy a proti Hizball\u00e1hu v Libanonu, n\u00e1m d\u0159\u00edve nebo pozd\u011bji vybuchne do tv\u00e1\u0159\u00ed.&#8220;<\/p>\n<p>Brick \u0159ekl, \u017ee izraelsk\u00e1 dom\u00e1c\u00ed fronta \u201enen\u00ed p\u0159ipravena na region\u00e1ln\u00ed v\u00e1lku, kter\u00e1 bude tis\u00edckr\u00e1t t\u011b\u017e\u0161\u00ed a v\u00e1\u017en\u011bj\u0161\u00ed ne\u017e v\u00e1lka v p\u00e1smu Gazy\u201c.<\/p>\n<h2 class=\"wp-block-heading\"><strong>Biden se ob\u00e1v\u00e1 nadch\u00e1zej\u00edc\u00edch voleb<\/strong><\/h2>\n<p>Nekone\u010dn\u00e1 podpora americk\u00e9ho prezidenta Joe Bidena pro izraelskou genocidu v Gaze ohrozila jeho \u0161ance na v\u00edt\u011bzstv\u00ed ve volb\u00e1ch v roce 2024 a \u00fadajn\u011b ho p\u0159ivedla do \u0161\u00edlenstv\u00ed.<\/p>\n<p><a href=\"https:\/\/www.nbcnews.com\/politics\/2024-election\/biden-anger-rcna143729\">Podle NBC News<\/a>\u00a0za\u010dal Biden k\u0159i\u010det a nad\u00e1vat pot\u00e9, co se dozv\u011bd\u011bl, \u017ee po\u010det jeho pr\u016fzkum\u016f v boji\u0161t\u00edch ve st\u00e1tech Michigan a Georgia klesl kv\u016fli jeho \u0159e\u0161en\u00ed v\u00e1lky v Gaze .<\/p>\n<p>Zpr\u00e1va citovala z\u00e1konod\u00e1rce obezn\u00e1men\u00e9ho se soukrom\u00fdm setk\u00e1n\u00edm v lednu v B\u00edl\u00e9m dom\u011b, kde se sc\u00e9na odehr\u00e1la.<\/p>\n<p>V\u011b\u0159il, \u017ee i p\u0159es politick\u00fd dopad d\u011blal to, co bylo spr\u00e1vn\u00e9, \u0159ekl Biden skupin\u011b podle z\u00e1konod\u00e1rce.<\/p>\n<p>Kdy\u017e se mluv\u010d\u00ed B\u00edl\u00e9ho domu Andrew Bates zeptal na epizodu, \u0159ekl: \u201ePrezident Biden \u010din\u00ed rozhodnut\u00ed o n\u00e1rodn\u00ed bezpe\u010dnosti pouze na z\u00e1klad\u011b pot\u0159eb n\u00e1rodn\u00ed bezpe\u010dnosti zem\u011b \u2013 \u017e\u00e1dn\u00fd jin\u00fd faktor.<\/p>\n<p>Amnesty International v\u00a0<a href=\"https:\/\/twitter.com\/amnesty\/status\/1769302730680476046?ref_src=twsrc%5Etfw%7Ctwcamp%5Etweetembed%7Ctwterm%5E1769302730680476046%7Ctwgr%5E94eee9b09ec59df2c25614dd56297067bd5171e7%7Ctwcon%5Es1_&amp;ref_url=https%3A%2F%2Fwww.aljazeera.com%2Fnews%2Fliveblog%2F2024%2F3%2F17%2Fisraels-war-on-gaza-live-13-aid-trucks-reach-north-malnutrition-doubles\">p\u0159\u00edsp\u011bvku na X<\/a>\u00a0p\u0159ipomn\u011bla prezidentu Bidenovi, \u017ee Izrael pou\u017eil munici vyrobenou v USA k zabit\u00ed v\u00edce ne\u017e 30 000 lid\u00ed v Gaze, a vyzvala prezidenta, aby po\u017eadoval p\u0159\u00edm\u011b\u0159\u00ed a zastavil p\u0159esuny zbran\u00ed do Izraele.<\/p>\n<p>V ned\u011bli, b\u011bhem ceremonie trojl\u00edstku v B\u00edl\u00e9m dom\u011b, americk\u00fd prezident \u0159ekl, \u017ee souhlas\u00ed s irsk\u00fdm premi\u00e9rem Leo Varadkarem na pot\u0159eb\u011b dohody o p\u0159\u00edm\u011b\u0159\u00ed v Gaze, st\u00e1le nenab\u00edz\u00ed \u017e\u00e1dn\u00e9 pl\u00e1ny na vyv\u00edjen\u00ed materi\u00e1ln\u00edho tlaku na Izrael.<\/p>\n<p>\u201eTaoiseach [irsk\u00fd v\u016fdce] a j\u00e1 souhlas\u00edme s nal\u00e9havou pot\u0159ebou zv\u00fd\u0161it humanit\u00e1rn\u00ed pomoc v Gaze a dos\u00e1hnout dohody o p\u0159\u00edm\u011b\u0159\u00ed, kter\u00e1 p\u0159ivede rukojm\u00ed dom\u016f a posune se k \u0159e\u0161en\u00ed zalo\u017een\u00e9mu na dvou st\u00e1tech, co\u017e je jedin\u00e1 cesta k trval\u00e9mu m\u00edru a bezpe\u010dnosti,\u201c \u0159ekl Biden podle CNN.<\/p>\n<p>Varadkar \u0159\u00edk\u00e1, \u017ee Irov\u00e9 maj\u00ed takovou empatii k palestinsk\u00e9mu lidu, proto\u017ee: \u201eV jejich o\u010d\u00edch vid\u00edme na\u0161i historii, p\u0159\u00edb\u011bh o vys\u00eddlen\u00ed, vyvlastn\u011bn\u00ed, zpochyb\u0148ov\u00e1n\u00ed a pop\u00edr\u00e1n\u00ed n\u00e1rodn\u00ed identity, nucen\u00e9 emigraci, diskriminaci a nyn\u00ed hladu,\u201c \u0159ekl.<\/p>\n<p>Irsk\u00fd v\u016fdce, kter\u00fd d\u0159\u00edve kritizoval americk\u00e9 transfery zbran\u00ed do Izraele, \u0159ekl, \u017ee \u201enen\u00ed \u0161okov\u00e1n\u201c, \u017ee se Washington rozhodl pokra\u010dovat ve vyzbrojov\u00e1n\u00ed Izraele.<\/p>\n<p><span style=\"font-size: 10pt;\"><em><strong>\u00davodn\u00ed fotografie:<\/strong> PALESTINCI SE SHROMA\u017d\u010eUJ\u00cd P\u0158ED BUDOVOU AGENTURY OSN PRO PALESTINSK\u00c9 UPRCHL\u00cdKY (UNRWA), ABY P\u0158IJALI MOUKU V JABALIA, M\u011aSTO GAZA, 17. B\u0158EZNA 2024. (FOTO: ASHRAF AMRA\/APA IMAGES)<\/em><\/span><\/p>\n<p><span class=\"by\">AUTOR:\u00a0<\/span><a class=\"author url fn\" title=\"P\u0159\u00edsp\u011bvky od Leily Warah\" href=\"https:\/\/mondoweiss.net\/author\/leila-warah\/\" rel=\"author\">LEILA WARAH<\/a><\/p>\n<p>&nbsp;<\/p>\n","protected":false},"excerpt":{"rendered":"<p>18. b\u0159ezna 2024 V\u00edce ne\u017e milion lid\u00ed v Gaze \u010del\u00ed \u201ebezprost\u0159edn\u00edmu\u201c hladomoru, kdy\u017e do severn\u00ed&#8230;<\/p>\n","protected":false},"author":2,"featured_media":49695,"comment_status":"closed","ping_status":"closed","sticky":false,"template":"","format":"standard","meta":[],"categories":[7],"tags":[348,178,107,6518],"_links":{"self":[{"href":"https:\/\/www.infokuryr.cz\/n\/wp-json\/wp\/v2\/posts\/49694"}],"collection":[{"href":"https:\/\/www.infokuryr.cz\/n\/wp-json\/wp\/v2\/posts"}],"about":[{"href":"https:\/\/www.infokuryr.cz\/n\/wp-json\/wp\/v2\/types\/post"}],"author":[{"embeddable":true,"href":"https:\/\/www.infokuryr.cz\/n\/wp-json\/wp\/v2\/users\/2"}],"replies":[{"embeddable":true,"href":"https:\/\/www.infokuryr.cz\/n\/wp-json\/wp\/v2\/comments?post=49694"}],"version-history":[{"count":0,"href":"https:\/\/www.infokuryr.cz\/n\/wp-json\/wp\/v2\/posts\/49694\/revisions"}],"wp:featuredmedia":[{"embeddable":true,"href":"https:\/\/www.infokuryr.cz\/n\/wp-json\/wp\/v2\/media\/49695"}],"wp:attachment":[{"href":"https:\/\/www.infokuryr.cz\/n\/wp-json\/wp\/v2\/media?parent=49694"}],"wp:term":[{"taxonomy":"category","embeddable":true,"href":"https:\/\/www.infokuryr.cz\/n\/wp-json\/wp\/v2\/categories?post=49694"},{"taxonomy":"post_tag","embeddable":true,"href":"https:\/\/www.infokuryr.cz\/n\/wp-json\/wp\/v2\/tags?post=49694"}],"curies":[{"name":"wp","href":"https:\/\/api.w.org\/{rel}","templated":true}]}}