{"id":4964,"date":"2021-09-24T05:23:26","date_gmt":"2021-09-24T03:23:26","guid":{"rendered":"http:\/\/www.infokuryr.cz\/n\/?p=4964"},"modified":"2021-09-24T05:23:26","modified_gmt":"2021-09-24T03:23:26","slug":"kdo-nebude-ockovany-nedostane-podporu-v-nezamestnanosti","status":"publish","type":"post","link":"https:\/\/www.infokuryr.cz\/n\/2021\/09\/24\/kdo-nebude-ockovany-nedostane-podporu-v-nezamestnanosti\/","title":{"rendered":"Kdo nebude o\u010dkovan\u00fd, nedostane podporu v nezam\u011bstnanosti!"},"content":{"rendered":"<div id=\"fb-root\"><\/div>\n<h4>Kdo nebude o\u010dkovan\u00fd, nedostane podporu v nezam\u011bstnanosti! Kdo si nep\u0159ijde pro booster d\u00e1vku ka\u017ed\u00fdch 6 m\u011bs\u00edc\u016f, bude pova\u017eovan\u00fd za neo\u010dkovan\u00e9ho a vy v Evrop\u011b a v USA se tomu mus\u00edte p\u0159izp\u016fsobit! Izraelsk\u00e9 ministerstvo zdravotnictv\u00ed p\u0159edlo\u017eilo nov\u00fd z\u00e1kon do Knessetu, kter\u00fdm se ustanovuje v Izraeli trval\u00e9 o\u010dkov\u00e1n\u00ed a ztr\u00e1ta n\u00e1roku na podporu v nezam\u011bstnanosti pro neo\u010dkovan\u00e9 osoby! A gener\u00e1ln\u00ed \u0159editel Moderny prohl\u00e1sil, \u017ee pandemie skon\u010d\u00ed p\u0159\u00ed\u0161t\u00ed rok jen v p\u0159\u00edpad\u011b, pokud se lid\u00e9 budou trvale a ji\u017e napo\u0159\u00e1d o\u010dkovat! Zam\u011bstnanec FDA v unikl\u00e9m z\u00e1znamu navrhuje, aby odm\u00edta\u010di vakc\u00edn a zejm\u00e9na \u010derno\u0161i byli st\u0159\u00edleni vakcina\u010dn\u00edmi \u0161ipkami z pu\u0161ek!<\/h4>\n<p>Kdo \u010dte Aeronet, ten u\u017e je na to d\u00e1vno p\u0159ipraven, v\u00ed o tom a nen\u00ed to pro n\u011bj tud\u00ed\u017e \u017e\u00e1dn\u00e1 novinka. Jen\u017ee v\u017eijte se do rolu konzument\u016f mainstreamu, do pocit\u016f lid\u00ed, kte\u0159\u00ed v konceptu\u00e1ln\u00edm bezv\u011bdom\u00ed v\u011b\u0159ili poh\u00e1dce o tom, \u017ee vakc\u00edna osvobozuje. V\u0161echny informace, kter\u00e9 se nyn\u00ed val\u00ed na lidi z mainstreamov\u00fdch m\u00e9di\u00ed, jsou doslova jako okop\u00edrovan\u00e9 z na\u0161ich \u010dl\u00e1nk\u016f na Aeronetu publikovan\u00fdch p\u0159ed zhruba rokem a p\u016fl.<\/p>\n<p>V\u0161echno to, p\u0159ed \u010d\u00edm jsme varovali, se st\u00e1v\u00e1 anebo u\u017e stalo realitou a lid\u00e9 jen nev\u011b\u0159\u00edcn\u011b z\u00edraj\u00ed, jak je tohle v\u0161echno mo\u017en\u00e9. Situace je toti\u017e natolik drastick\u00e1, \u017ee ve\u0159ejnost u\u017e ani nem\u00e1 s\u00edlu na odpor.\u00a0<strong>Izraelsk\u00e9 ministerstvo zdravotnictv\u00ed ozn\u00e1milo, \u017ee poslalo do Knessetu n\u00e1vrh z\u00e1kona [<a href=\"https:\/\/href.li\/?https:\/\/www.timesofisrael.com\/new-bill-would-limit-unemployment-benefits-from-those-fired-for-refusing-vaccine\/\" target=\"_blank\" rel=\"nofollow noopener\">1<\/a>], kter\u00fd by odebral lidem v nezam\u011bstnanosti n\u00e1rok na podporu, pokud nebudou o\u010dkov\u00e1ni<\/strong>, p\u0159\u00edpadn\u011b pokud jejich Zelen\u00fd pas bude propadl\u00fd kv\u016fli tomu, \u017ee nep\u0159i\u0161li po 6 m\u011bs\u00edc\u00edch od posledn\u00ed d\u00e1vky na booster injekci.<\/p>\n<figure id=\"attachment_48486\" class=\"wp-caption aligncenter\" style=\"width: 602px;\"><a href=\"https:\/\/aeronet.cz\/news\/wp-content\/uploads\/IsraelArmyVax.jpg\"><img decoding=\"async\" loading=\"lazy\" class=\"wp-image-48486 \" src=\"https:\/\/aeronet.cz\/news\/wp-content\/uploads\/IsraelArmyVax-1024x682.jpg\" sizes=\"(max-width: 700px) 100vw, 700px\" srcset=\"https:\/\/aeronet.cz\/news\/wp-content\/uploads\/IsraelArmyVax-1024x682.jpg 1024w, https:\/\/aeronet.cz\/news\/wp-content\/uploads\/IsraelArmyVax-300x200.jpg 300w, https:\/\/aeronet.cz\/news\/wp-content\/uploads\/IsraelArmyVax-768x512.jpg 768w, https:\/\/aeronet.cz\/news\/wp-content\/uploads\/IsraelArmyVax-700x466.jpg 700w, https:\/\/aeronet.cz\/news\/wp-content\/uploads\/IsraelArmyVax-536x357.jpg 536w, https:\/\/aeronet.cz\/news\/wp-content\/uploads\/IsraelArmyVax-725x483.jpg 725w, https:\/\/aeronet.cz\/news\/wp-content\/uploads\/IsraelArmyVax.jpg 1280w\" alt=\"\" width=\"602\" height=\"401\" \/><\/a><figcaption class=\"wp-caption-text\">O\u010dkov\u00e1n\u00ed v Izraeli zaji\u0161\u0165uje arm\u00e1da IDF a jej\u00ed zdravotnick\u00e9 jednotky<\/figcaption><\/figure>\n<p>S t\u00edm souvis\u00ed dal\u0161\u00ed opat\u0159en\u00ed<strong>\u00a0izraelsk\u00e9ho ministerstva zdravotnictv\u00ed, kter\u00e9 po\u017e\u00e1dalo [<a href=\"https:\/\/href.li\/?https:\/\/www.timesofisrael.com\/israel-said-asking-us-eu-apply-our-new-rules-on-boosters-to-israeli-arrivals\/\" target=\"_blank\" rel=\"nofollow noopener\">2<\/a>]\u00a0USA a Evropskou unii o to, aby p\u0159estaly ozna\u010dovat a pova\u017eovat sv\u00e9 ob\u010dany za o\u010dkovan\u00e9, jestli\u017ee nep\u0159ijdou po 6 m\u011bs\u00edc\u00edch na booster injekci.<\/strong>\u00a0Izrael toti\u017e od 3. \u0159\u00edjna za\u010dne pova\u017eovat v\u0161echny osoby na \u00fazem\u00ed Izraele za neo\u010dkovan\u00e9, pokud nep\u0159ijdou ka\u017ed\u00fdch 6 m\u011bs\u00edc\u016f na booster injekci, co\u017e tedy znamen\u00e1 trval\u00e9 a definitivn\u00ed o\u010dkov\u00e1n\u00ed ka\u017ed\u00e9ho p\u016fl roku. Ministerstvo doslova \u017e\u00e1d\u00e1 EU a USA, aby na sv\u00e9 ob\u010dany aplikovaly toto izraelsk\u00e9 sch\u00e9ma, na v\u0161echny osoby, kter\u00e9 budou cht\u00edt z USA a EU p\u0159icestovat do Izraele. De facto to znamen\u00e1, \u017ee Izrael t\u00edm vys\u00edl\u00e1 podn\u011bt a sign\u00e1l, aby se EU a USA p\u0159izp\u016fsobily a rovn\u011b\u017e zavedly tato opat\u0159en\u00ed u sebe doma.<\/p>\n<h6><span style=\"font-size: 14pt;\">\u0160\u00e9f Moderny \u0159ekl narovinu, \u017ee lid\u00e9 se budou muset o\u010dkovat ji\u017e trvale a napo\u0159\u00e1d, jinak pandemie bude trvat napo\u0159\u00e1d<\/span><\/h6>\n<p>A nemus\u00edm v\u00e1m snad vysv\u011btlovat, \u017ee co doporu\u010d\u00ed Izrael, to je svat\u00e9, a to zejm\u00e9na v zem\u00edch, kde se to doslova hem\u017e\u00ed obdivem a l\u00e1skou k Izraeli, jako nap\u0159. v USA, ale rovn\u011b\u017e i v \u010cR. P\u0159eo\u010dkov\u00e1n\u00ed dvakr\u00e1t do roka znamen\u00e1 jedinou v\u011bc, \u017ee o\u010dkovac\u00ed centra se nikdy nezav\u0159ou, pojedou non-stop a ji\u017e natrvalo, proto\u017ee pr\u00e1v\u011b t\u011bch 6 m\u011bs\u00edc\u016f bude trvat p\u0159eo\u010dkov\u00e1n\u00ed populace. A jakmile se dokon\u010d\u00ed jedno o\u010dkov\u00e1n\u00ed, hned za\u010dne dal\u0161\u00ed kolo, kter\u00e9 bude trvat dal\u0161\u00edch 6 m\u011bs\u00edc\u016f.\u00a0<strong>Mimochodem, gener\u00e1ln\u00ed \u0159editel Moderny\u00a0Stephane Bancel prohl\u00e1sil [<a href=\"https:\/\/href.li\/?https:\/\/www.infowars.com\/posts\/ceo-of-moderna-says-even-young-will-need-to-take-vaccine-booster-shots-indefinitely\/\" target=\"_blank\" rel=\"nofollow noopener\">3<\/a>], \u017ee pandemie by mohla skon\u010dit p\u0159\u00ed\u0161t\u00ed rok, ale pouze v p\u0159\u00edpad\u011b, \u017ee lid\u00e9 se budou pravideln\u011b a natrvalo o\u010dkovat, jinak se pandemie vr\u00e1t\u00ed.<\/strong><\/p>\n<figure id=\"attachment_48483\" class=\"wp-caption aligncenter\" style=\"width: 620px;\"><a href=\"https:\/\/aeronet.cz\/news\/wp-content\/uploads\/StephaneBancel.jpg\"><img decoding=\"async\" loading=\"lazy\" class=\"wp-image-48483 \" src=\"https:\/\/aeronet.cz\/news\/wp-content\/uploads\/StephaneBancel-1024x682.jpg\" sizes=\"(max-width: 700px) 100vw, 700px\" srcset=\"https:\/\/aeronet.cz\/news\/wp-content\/uploads\/StephaneBancel-1024x682.jpg 1024w, https:\/\/aeronet.cz\/news\/wp-content\/uploads\/StephaneBancel-300x200.jpg 300w, https:\/\/aeronet.cz\/news\/wp-content\/uploads\/StephaneBancel-768x511.jpg 768w, https:\/\/aeronet.cz\/news\/wp-content\/uploads\/StephaneBancel-700x466.jpg 700w, https:\/\/aeronet.cz\/news\/wp-content\/uploads\/StephaneBancel-536x357.jpg 536w, https:\/\/aeronet.cz\/news\/wp-content\/uploads\/StephaneBancel-726x483.jpg 726w, https:\/\/aeronet.cz\/news\/wp-content\/uploads\/StephaneBancel.jpg 1280w\" alt=\"\" width=\"620\" height=\"413\" \/><\/a><figcaption class=\"wp-caption-text\">Stephane Bancel, \u0159editel Moderna Pharmaceutics<\/figcaption><\/figure>\n<p>Celou dobu budou lid\u00e9 do sebe dost\u00e1vat roztoky, v nich\u017e plavou podivn\u00e9 ciz\u00ed objekty, kontaminanty, kter\u00e9 vypadaj\u00ed jako sondy, sentinely s ant\u00e9nami, ale rovn\u011b\u017e i jako chobotni\u010dky, kter\u00e9 jako paraziti cestuj\u00ed v lidsk\u00e9m t\u011ble a kon\u010d\u00ed v bl\u00edzkosti srdce, plic, ale zejm\u00e9na v mozku. P\u0159edstavte si invazi nep\u0159\u00e1telsk\u00e9 civilizaci z vesm\u00edru, kter\u00e1 by se rozhodla zpacifikovat lidsk\u00fd odpor a do\u0161lo by k projektu napu\u0161t\u011bn\u00ed roztok\u016f do t\u011bl ve\u0161ker\u00e9ho obyvatelstva na Zemi, kter\u00e9 obsahuj\u00ed nanorobotick\u00e9 a parazitick\u00e9 organismy, a to je jedno, jestli organick\u00e9ho nebo anroganick\u00e9ho p\u016fvodu.<\/p>\n<p>Jejich \u00fakolem by bylo us\u00eddlit se v lidsk\u00e9m mozku a ovl\u00e1dat v\u011bdom\u00ed cel\u00e9 populace, usm\u011br\u0148ovat populaci, zbavovat ji vlastn\u00ed v\u016fle, pudu sebez\u00e1chovy, \u010dinit populaci apatickou a nete\u010dnou ve vztahu ke ztr\u00e1t\u00e1m a odeb\u00edr\u00e1n\u00ed svobod pohybu, svobodn\u00e9 volby stravy a j\u00eddla, svobody cestov\u00e1n\u00ed, prost\u011b najednou by populace ztratila ve\u0161ker\u00fd odpor proti bezb\u0159eh\u00e9 tyranii. A te\u010f si p\u0159edstavte, \u017ee by to nebyla invaze z vesm\u00edru, ale tento pl\u00e1n by m\u011bli globalist\u00e9 s c\u00edlem ovl\u00e1dnut\u00ed a zotro\u010den\u00ed v\u0161ech lid\u00ed.<\/p>\n<h6><span style=\"font-size: 14pt;\">O\u010dkovan\u00ed lid\u00e9 smrd\u00ed a p\u00e1chnou neo\u010dkovan\u00fdm osob\u00e1m. Teorie o parazitick\u00fdch roztoc\u00edch nab\u00edr\u00e1 na konkr\u00e9tn\u00edch obrysech po tiskovce rakousk\u00fdch patolog\u016f<\/span><\/h6>\n<p><strong>Znovu se zamyslete, pro\u010d tiskov\u00e1 konference [<a href=\"https:\/\/aeronet.cz\/news\/ve-vakcinach-proti-covid-19-byla-oficialne-objevena-cizoroda-telesa-podobna-sondam-sentinelum-s-antenami-diamantum-chobotnickam-a-dalsim-nano-a-mikro-objektum-sokujici-tiskovou-konferenci\/\">4<\/a>] v n\u011bmeck\u00e9m Reutlingenu vzbudila takov\u00fd odpor a vztek n\u011bmeck\u00e9 vl\u00e1dy.<\/strong>\u00a0Soudn\u00ed patologov\u00e9 uk\u00e1zali sv\u011btu, \u017ee v o\u010dkovac\u00edch vakc\u00edn\u00e1ch plavou kontaminanty, kter\u00e9 se pohybuj\u00ed, kter\u00e9 rostou a pouze s velkou silou sebezap\u0159en\u00ed a kv\u016fli obav\u00e1m z propuknut\u00ed paniky mezi obyvatelstvem nezazn\u011blo slovo, kter\u00e9 by tyto kontaminanty nejl\u00e9pe ozna\u010dily. To slovo je \u201c<em>paraziti<\/em>\u201c. Ve vakc\u00edn\u00e1ch se nach\u00e1z\u00ed v nanometrick\u00e9m a mikroskopick\u00e9m spektru objekty, kter\u00e9 maj\u00ed animaci, pohybuj\u00ed se samy a zjevn\u011b autonomn\u011b n\u011bjakou formou samo\u0159\u00edzen\u00ed, nebo samonav\u00e1d\u011bn\u00ed, n\u011bkter\u00e9 polymerov\u00e9 objekty manifestuj\u00ed neuv\u011b\u0159iteln\u011b rychl\u00fd parazitick\u00fd r\u016fst a o\u010dkovan\u00ed lid\u00e9 se m\u011bn\u00ed. M\u011bn\u00ed se na d\u011bsiv\u00e9 objekty, kter\u00e9 p\u0159\u00edbuzn\u00ed pomalu ani nepozn\u00e1vaj\u00ed.<\/p>\n<figure id=\"attachment_48445\" class=\"wp-caption aligncenter\" style=\"width: 669px;\"><a href=\"https:\/\/aeronet.cz\/news\/wp-content\/uploads\/Chobotnicka.jpg\"><img decoding=\"async\" loading=\"lazy\" class=\"wp-image-48445 \" src=\"https:\/\/aeronet.cz\/news\/wp-content\/uploads\/Chobotnicka-1024x664.jpg\" sizes=\"(max-width: 700px) 100vw, 700px\" srcset=\"https:\/\/aeronet.cz\/news\/wp-content\/uploads\/Chobotnicka-1024x664.jpg 1024w, https:\/\/aeronet.cz\/news\/wp-content\/uploads\/Chobotnicka-300x195.jpg 300w, https:\/\/aeronet.cz\/news\/wp-content\/uploads\/Chobotnicka-768x498.jpg 768w, https:\/\/aeronet.cz\/news\/wp-content\/uploads\/Chobotnicka-700x454.jpg 700w, https:\/\/aeronet.cz\/news\/wp-content\/uploads\/Chobotnicka-100x65.jpg 100w, https:\/\/aeronet.cz\/news\/wp-content\/uploads\/Chobotnicka-551x357.jpg 551w, https:\/\/aeronet.cz\/news\/wp-content\/uploads\/Chobotnicka-745x483.jpg 745w, https:\/\/aeronet.cz\/news\/wp-content\/uploads\/Chobotnicka.jpg 1280w\" alt=\"\" width=\"669\" height=\"434\" \/><\/a><figcaption class=\"wp-caption-text\">Chobotni\u010dka zachycen\u00e1 na sn\u00edmku v lidsk\u00e9 krvi soudn\u00edmi patology z Rakouska<\/figcaption><\/figure>\n<p>Prvn\u00ed zm\u011bnou je z\u00e1pach.\u00a0<strong>O\u010dkovan\u00fdm lidem p\u00e1chne pot jinak, ne\u017e jak byli lid\u00e9 v jejich okol\u00ed zvykl\u00ed. Je to ostr\u00fd z\u00e1pach popisovan\u00fd jako \u010dpavek nebo s\u00edra, co\u017e je dokladem toho, \u017ee po o\u010dkov\u00e1n\u00ed lidsk\u00e9 t\u011blo za\u010dalo syntetizovat organick\u00e9 estery<\/strong>\u00a0a za pomoc\u00ed hydroxyl\u016f doch\u00e1z\u00ed v t\u011ble o\u010dkovan\u00fdch osob k r\u016fstu vl\u00e1knov\u00fdch parazit\u016f (morgellon\u016f) na polymer-ester plastov\u00e9 b\u00e1zi.<\/p>\n<p>Vedlej\u0161\u00edm produktem synt\u00e9zy je potom \u010dpavek, kter\u00fd t\u011blo vylu\u010duje a nen\u00ed proto divu, \u017ee o\u010dkovan\u00ed lid\u00e9 neo\u010dkovan\u00fdm stra\u0161n\u011b smrd\u00ed a p\u00e1chnou v p\u0159\u00edpad\u011b, \u017ee se za\u010dnou potit. O\u010dkovan\u00ed lid\u00e9 nejsou schopni na sob\u011b tento z\u00e1pach poznat, proto\u017ee jde o klasickou organickou nete\u010dnost, \u010dichov\u00e9 receptory sice \u010dpavek zachycuj\u00ed, ale mozek pachy ignoruje a nevyhodnocuje je. Je to podobn\u00e9 jako s jak\u00fdmkoliv lidsk\u00fdm pachem, kter\u00fd mozek nereflektuje, pokud se jedn\u00e1 o vlastn\u00ed pach.<\/p>\n<h6><span style=\"font-size: 14pt;\">Kdyby n\u011bkdo cht\u011bl ovl\u00e1dnout lidskou civilizaci s c\u00edlem invaze, napustil by do t\u011bl obr\u00e1nc\u016f planety (lid\u00ed) roztoky s parazity podobn\u00fdmi toxoplazm\u011b<\/span><\/h6>\n<p>Dal\u0161\u00ed zm\u011bnou je chov\u00e1n\u00ed o\u010dkovan\u00fdch osob. Charakterov\u011b se postupn\u011b prom\u011b\u0148uj\u00ed. V\u0161imn\u011bte si i naprost\u00e9 oddanosti o\u010dkovan\u00fdch lid\u00ed, jak br\u00e1n\u00ed vakc\u00ednu, i kdy\u017e ta jim ubl\u00ed\u017eila. Norm\u00e1ln\u011b by \u010dlov\u011bk za\u010dal nad\u00e1vat, jak\u00fd \u0161mejd si to \u010dlov\u011bk nechal p\u00edchnout, ale v tomto p\u0159\u00edpad\u011b ne. Lid\u00e9 le\u017e\u00ed v nemocnici, po o\u010dkov\u00e1n\u00ed u nich propukla nemoc a lid\u00e9 o\u010dkov\u00e1n\u00ed br\u00e1n\u00ed, \u017ee to nen\u00ed chyba vakc\u00edny, \u017ee je to chyba jejich t\u011bla, jejich organismu. Tohle by se dalo ozna\u010dit za projev idiocie a debility, jen\u017ee pozor s un\u00e1hlen\u00fdmi z\u00e1v\u011bry. Ti lid\u00e9 mohou prost\u011b b\u00fdt pod kontrolou parazita, kter\u00fd \u0159\u00edd\u00ed jejich mozek a my\u0161len\u00ed.<\/p>\n<figure id=\"attachment_48449\" class=\"wp-caption aligncenter\" style=\"width: 608px;\"><a href=\"https:\/\/aeronet.cz\/news\/wp-content\/uploads\/SentinelPfizer.jpg\"><img decoding=\"async\" loading=\"lazy\" class=\"wp-image-48449 \" src=\"https:\/\/aeronet.cz\/news\/wp-content\/uploads\/SentinelPfizer-1024x636.jpg\" sizes=\"(max-width: 700px) 100vw, 700px\" srcset=\"https:\/\/aeronet.cz\/news\/wp-content\/uploads\/SentinelPfizer-1024x636.jpg 1024w, https:\/\/aeronet.cz\/news\/wp-content\/uploads\/SentinelPfizer-300x186.jpg 300w, https:\/\/aeronet.cz\/news\/wp-content\/uploads\/SentinelPfizer-768x477.jpg 768w, https:\/\/aeronet.cz\/news\/wp-content\/uploads\/SentinelPfizer-700x435.jpg 700w, https:\/\/aeronet.cz\/news\/wp-content\/uploads\/SentinelPfizer-575x357.jpg 575w, https:\/\/aeronet.cz\/news\/wp-content\/uploads\/SentinelPfizer-778x483.jpg 778w, https:\/\/aeronet.cz\/news\/wp-content\/uploads\/SentinelPfizer.jpg 1280w\" alt=\"\" width=\"608\" height=\"378\" \/><\/a><figcaption class=\"wp-caption-text\">Sonda s ant\u00e9nou v krvi o\u010dkovan\u00e9 osoby, sn\u00edmek z tiskov\u00e9 konference patolog\u016f v Reutlingenu<\/figcaption><\/figure>\n<p>A nemysl\u00edme t\u00edm parazitem toxoplazmu, tedy zn\u00e1m\u00e9ho parazita, kter\u00fd ovl\u00e1d\u00e1 lidsk\u00fd mozek, zpomaluje reflexy, m\u011bn\u00ed rysy obli\u010deje \u010dlov\u011bka, a to s c\u00edlem, aby byl \u010dlov\u011bk se\u017er\u00e1n tygrem, resp. jakoukoliv ko\u010dkovitou \u0161elmou, proto\u017ee jenom ve st\u0159evech ko\u010dkovit\u00e9 \u0161elmy se m\u016f\u017ee toxoplazma rozmno\u017eovat.\u00a0<strong>Jen\u017ee toxoplazma je primitivn\u00ed parazit, zat\u00edmco tyhle chobotni\u010dky zachycen\u00e9 na sn\u00edmc\u00edch rakousk\u00fdch patolog\u016f mohou b\u00fdt mnohem schopn\u011bj\u0161\u00ed.<\/strong><\/p>\n<p>Sami se zamyslete a nemus\u00edte b\u00fdt odborn\u00edci, sta\u010d\u00ed v\u00e1m selsk\u00fd rozum. Soudn\u00ed patologov\u00e9 objev\u00ed v krvi o\u010dkovan\u00fdch osob kontaminanty, kter\u00e9 se h\u00fdbou, kter\u00e9 cestuj\u00ed. Vypadaj\u00ed jako sondy s ant\u00e9nami, jako moduly, jin\u00e9 vypadaj\u00ed jako olihn\u011b nebo chobotni\u010dky. Co v\u00e1s napadne? Jak\u00e9 slovo? Ano, paraziti. A co je ter\u010dem t\u011bchto parazit\u016f? Podle soudn\u00edch patolog\u016f z Rakouska jsou to zejm\u00e9na pl\u00edce, srde\u010dn\u00ed sval a mozek.<\/p>\n<h6><span style=\"font-size: 14pt;\">Podivn\u00e9 kontaminanty ve vakc\u00edn\u00e1ch se zam\u011b\u0159uj\u00ed hlavn\u011b na pl\u00edce, srdce a mozek<\/span><\/h6>\n<p>Co maj\u00ed tyto t\u0159i org\u00e1ny spole\u010dn\u00e9ho? No, v\u0161echny t\u0159i org\u00e1ny p\u0159edstavuj\u00ed hlavn\u00ed org\u00e1ny podpory \u017eivota lidsk\u00e9ho hostitele. Pl\u00edce filtruj\u00ed kysl\u00edk, kter\u00fd pot\u0159ebuje krev, aby srdce mohlo pumpovat okysli\u010denou krev do mozku. A tito parazit\u00e9 jsou nach\u00e1zeni pr\u00e1v\u011b v t\u011bchto 3 org\u00e1nech.\u00a0 Jenom n\u00e1hoda? Invaze nep\u0159\u00edtele by touto cestou prob\u00edhala tak, \u017ee mus\u00ed b\u00fdt nao\u010dkov\u00e1ni, rozum\u011bj parazity inkubov\u00e1ni, v\u0161ichni lid\u00e9, bez ohledu na v\u011bk, v\u010detn\u011b d\u011bt\u00ed. Nikdo se nesm\u00ed o\u010dkov\u00e1n\u00ed vyhnout, p\u0159edstavoval by hrozbu pro invazn\u00ed sbory.<\/p>\n<p>Proto neo\u010dkovan\u00ed mus\u00ed b\u00fdt internov\u00e1ni v kempech, p\u0159\u00edpadn\u011b izolov\u00e1ni doma se z\u00e1kazem vych\u00e1zen\u00ed.\u00a0<strong>A te\u010f si p\u0159edstavte, \u017ee ten nep\u0159\u00edtel nen\u00ed z kosmu, ale jsou to globalist\u00e9 a spr\u00e1vci t\u00e9to planety, kte\u0159\u00ed pot\u0159ebuj\u00ed zotro\u010dit celou populaci<\/strong>, aby se nemohla u\u017e nikdy vzbou\u0159it a postavit na odpor, bez ohledu na to, kdy se na tuto planetu vr\u00e1t\u00ed z dalek\u00fdch cest vesm\u00edrem p\u016fvodn\u00ed majitel\u00e9 tohoto planet\u00e1rn\u00edho nosi\u010de.<\/p>\n<figure id=\"attachment_48485\" class=\"wp-caption aligncenter\" style=\"width: 663px;\"><a href=\"https:\/\/aeronet.cz\/news\/wp-content\/uploads\/IsraelCovidVaxMan.jpg\"><img decoding=\"async\" loading=\"lazy\" class=\"wp-image-48485 \" src=\"https:\/\/aeronet.cz\/news\/wp-content\/uploads\/IsraelCovidVaxMan-1024x576.jpg\" sizes=\"(max-width: 700px) 100vw, 700px\" srcset=\"https:\/\/aeronet.cz\/news\/wp-content\/uploads\/IsraelCovidVaxMan-1024x576.jpg 1024w, https:\/\/aeronet.cz\/news\/wp-content\/uploads\/IsraelCovidVaxMan-300x169.jpg 300w, https:\/\/aeronet.cz\/news\/wp-content\/uploads\/IsraelCovidVaxMan-768x432.jpg 768w, https:\/\/aeronet.cz\/news\/wp-content\/uploads\/IsraelCovidVaxMan-700x394.jpg 700w, https:\/\/aeronet.cz\/news\/wp-content\/uploads\/IsraelCovidVaxMan-635x357.jpg 635w, https:\/\/aeronet.cz\/news\/wp-content\/uploads\/IsraelCovidVaxMan-859x483.jpg 859w, https:\/\/aeronet.cz\/news\/wp-content\/uploads\/IsraelCovidVaxMan.jpg 1280w\" alt=\"\" width=\"663\" height=\"373\" \/><\/a><figcaption class=\"wp-caption-text\">O\u010dkov\u00e1n\u00ed v Izraeli<\/figcaption><\/figure>\n<p>Proto neo\u010dkovan\u00ed nesm\u00ed cestovat, pohybovat se, shroma\u017e\u010fovat se, st\u00fdkat se.\u00a0<strong>Najednou se v\u0161ude objevuj\u00ed stroje Syndik\u00e1tu, stroje TR-3B vid\u00edte na obloze u\u017e i v \u010cR. Za\u010dala pr\u00e1v\u011b skryt\u00e1 invaze, kterou nevid\u00edme?<\/strong>\u00a0A mezit\u00edm vl\u00e1dy n\u00e1rod\u016f zav\u00e1d\u011bj\u00ed re\u017eim Total Control a Izrael jde v \u010dele a neo\u010dkovan\u00ed nebudou m\u00edt n\u00e1rok na podporu v nezam\u011bstnanosti, to znamen\u00e1, \u017ee um\u0159ou hlady. A Izrael oznamuje, \u017ee lid\u00e9 se budou muset natrvalo nechat napou\u0161t\u011bt t\u011bmito parazitick\u00fdmi roztoky. Napo\u0159\u00e1d, trvale. Ch\u00e1pete? Pod\u00edvejte se znovu na ty obr\u00e1zky od patolog\u016f z Reutlingenu. Sondy s ant\u00e9nami, chobotni\u010dky, doslova parazitick\u00e9 struktury, kter\u00e9 ale nemaj\u00ed dlouhou \u017eivotnost. Ne d\u00e9le ne\u017e 6 m\u011bs\u00edc\u016f? Kdo by si dobrovoln\u011b nechal vst\u0159\u00edknout do \u017eil takov\u00fd bordel s pohybuj\u00edc\u00edmi se objekty, doslova tedy s n\u011b\u010d\u00edm, co vypad\u00e1 jako paraziti?<\/p>\n<h6><span style=\"font-size: 14pt;\">Pracovn\u00edk americk\u00e9 FDA navrhuje st\u0159\u00edlet neo\u010dkovan\u00e9 odp\u00edra\u010de vakcina\u010dn\u00edmi \u0161ipkami z pu\u0161ek, podobn\u011b by se mohly pou\u017e\u00edt i drony<\/span><\/h6>\n<p>A te\u010f si p\u0159edstavte, \u017ee zam\u011bstnanec americk\u00e9 FDA si na skrytou kameru nebral \u017e\u00e1dn\u00e9 serv\u00edtky a vyzval k n\u00e1siln\u00e9mu o\u010dkov\u00e1n\u00ed \u010dernoch\u016f. Americk\u00e1 organizace Project Veritas nato\u010dila\u00a0<strong>[<a href=\"https:\/\/href.li\/?https:\/\/www.rt.com\/usa\/535645-fda-blow-dart-vaccine-veritas\/\" target=\"_blank\" rel=\"nofollow noopener\">5<\/a>]<\/strong>\u00a0skrytou kamerou rozhovor s ekonomick\u00fdm poradcem FDA Taylorem Lee, kter\u00fd v rozhovoru \u0159ekl, \u017ee\u00a0<strong>nejlep\u0161\u00ed by bylo, aby d\u016fm od domu chodily vakcina\u010dn\u00ed hl\u00eddky, kter\u00e9 by kontrolovaly status obyvatel a pokud by narazily na neo\u010dkovanou osobu, st\u0159elily by j\u00ed o\u010dkovac\u00ed \u0161ipkou z pistole nebo pu\u0161ky jako zv\u011b\u0159.<\/strong><\/p>\n<p>Zam\u011bstnanec FDA tak otev\u0159en\u011b popisoval, \u017ee by hl\u00eddky st\u0159\u00edlely z foukac\u00edch \u010di plynov\u00fdch pu\u0161ek vakc\u00edny stejn\u011b, jako veterin\u00e1\u0159i st\u0159\u00edlej\u00ed \u0161ipky se sedativy na usp\u00e1n\u00ed divok\u00fdch zv\u00ed\u0159at. Svoji my\u0161lenku ale je\u0161t\u011b rozvinul, kdy\u017e report\u00e9rovi Project Veritas \u0159ekl, \u017ee by lid\u00e9 mohli b\u00fdt o\u010dkov\u00e1ni z dron\u016f, kter\u00e9 by v komunit\u00e1ch vyhled\u00e1valy neo\u010dkovan\u00e9 osoby a ze vzduchu by drony do t\u011bchto lid\u00ed st\u0159\u00edlely o\u010dkovac\u00ed \u0161ipky.<\/p>\n<figure id=\"attachment_48484\" class=\"wp-caption aligncenter\" style=\"width: 659px;\"><a href=\"https:\/\/aeronet.cz\/news\/wp-content\/uploads\/TaylorLeeFDA.jpg\"><img decoding=\"async\" loading=\"lazy\" class=\"wp-image-48484 \" src=\"https:\/\/aeronet.cz\/news\/wp-content\/uploads\/TaylorLeeFDA-1024x569.jpg\" sizes=\"(max-width: 700px) 100vw, 700px\" srcset=\"https:\/\/aeronet.cz\/news\/wp-content\/uploads\/TaylorLeeFDA-1024x569.jpg 1024w, https:\/\/aeronet.cz\/news\/wp-content\/uploads\/TaylorLeeFDA-300x167.jpg 300w, https:\/\/aeronet.cz\/news\/wp-content\/uploads\/TaylorLeeFDA-768x427.jpg 768w, https:\/\/aeronet.cz\/news\/wp-content\/uploads\/TaylorLeeFDA-700x389.jpg 700w, https:\/\/aeronet.cz\/news\/wp-content\/uploads\/TaylorLeeFDA-643x357.jpg 643w, https:\/\/aeronet.cz\/news\/wp-content\/uploads\/TaylorLeeFDA-870x483.jpg 870w, https:\/\/aeronet.cz\/news\/wp-content\/uploads\/TaylorLeeFDA.jpg 1280w\" alt=\"\" width=\"659\" height=\"366\" \/><\/a><figcaption class=\"wp-caption-text\">Taylor Lee, zam\u011bstnanec FDA<\/figcaption><\/figure>\n<p>Sv\u00e9 pov\u00edd\u00e1n\u00ed nav\u00edc doplnil t\u00edm, \u017ee by bylo nezbytn\u00e9 zav\u00e9st seznam, resp. datab\u00e1zi neo\u010dkovan\u00fdch osob. A jak s\u00e1m p\u0159iznal, bylo by to trochu jako v nacistick\u00e9m N\u011bmecku. Takto uva\u017euje zam\u011bstnanec americk\u00e9 Agentury pro kontrolu potravin a l\u00e9k\u016f (FDA). Jsme ve v\u00e1lce, d\u00e1my a p\u00e1nov\u00e9. Cht\u011bj\u00ed do n\u00e1s st\u0159\u00edlet, zat\u00edm jenom vakcina\u010dn\u00ed \u0161ipky, a to i za pomoci dron\u016f. Cht\u011bj\u00ed zav\u00e1d\u011bt seznamy, jako byly seznam \u017did\u016f v N\u011bmecku.<\/p>\n<p>V\u0161ichni lid\u00e9 mus\u00ed m\u00edt roztok, v\u010detn\u011b mal\u00fdch d\u011bt\u00ed. A n\u00e1sledn\u011b v\u0161ichni mus\u00ed m\u00edt pasy, elektronick\u00e9 povolenky a jako v koncentr\u00e1ku mus\u00ed b\u00fdt sledov\u00e1ni. A v\u0161imn\u011bte si, pouze neo\u010dkovan\u00ed lid\u00e9 maj\u00ed je\u0161t\u011b s\u00edlu stav\u011bt se na odpor proti odeb\u00edr\u00e1n\u00ed pr\u00e1v a svobod.\u00a0<strong>Av\u0161ak jednou ovcovan\u00fd, nav\u017edy zpracovan\u00fd!<\/strong>\u00a0A kdy\u017e jsme o tom psali p\u0159ed rokem a p\u016fl, byly to pr\u00fd hoaxy a konspirace. Dnes je to d\u011bsiv\u00e1 realita, kter\u00e1 i t\u011bm nejv\u011bt\u0161\u00edm optimist\u016fm bere zbytky iluz\u00ed.<\/p>\n<p>-VK- \u0160\u00e9fredaktor AE News<\/p>\n<p><a href=\"https:\/\/aeronet.cz\/news\/kdo-nebude-ockovany-nedostane-podporu-v-nezamestnanosti-kdo-si-neprijde-pro-booster-davku-kazdych-6-mesicu-bude-povazovany-za-neockovaneho-a-vy-v-evrope-a-v-usa-se-tomu-musite-prizpusobit\/\">ZDROJ<\/a><\/p>\n<p>&nbsp;<\/p>\n","protected":false},"excerpt":{"rendered":"<p>Kdo nebude o\u010dkovan\u00fd, nedostane podporu v nezam\u011bstnanosti! Kdo si nep\u0159ijde pro booster d\u00e1vku ka\u017ed\u00fdch 6&#8230;<\/p>\n","protected":false},"author":2,"featured_media":4965,"comment_status":"closed","ping_status":"closed","sticky":false,"template":"","format":"standard","meta":[],"categories":[7],"tags":[107,144,213,1242,48,651],"_links":{"self":[{"href":"https:\/\/www.infokuryr.cz\/n\/wp-json\/wp\/v2\/posts\/4964"}],"collection":[{"href":"https:\/\/www.infokuryr.cz\/n\/wp-json\/wp\/v2\/posts"}],"about":[{"href":"https:\/\/www.infokuryr.cz\/n\/wp-json\/wp\/v2\/types\/post"}],"author":[{"embeddable":true,"href":"https:\/\/www.infokuryr.cz\/n\/wp-json\/wp\/v2\/users\/2"}],"replies":[{"embeddable":true,"href":"https:\/\/www.infokuryr.cz\/n\/wp-json\/wp\/v2\/comments?post=4964"}],"version-history":[{"count":0,"href":"https:\/\/www.infokuryr.cz\/n\/wp-json\/wp\/v2\/posts\/4964\/revisions"}],"wp:featuredmedia":[{"embeddable":true,"href":"https:\/\/www.infokuryr.cz\/n\/wp-json\/wp\/v2\/media\/4965"}],"wp:attachment":[{"href":"https:\/\/www.infokuryr.cz\/n\/wp-json\/wp\/v2\/media?parent=4964"}],"wp:term":[{"taxonomy":"category","embeddable":true,"href":"https:\/\/www.infokuryr.cz\/n\/wp-json\/wp\/v2\/categories?post=4964"},{"taxonomy":"post_tag","embeddable":true,"href":"https:\/\/www.infokuryr.cz\/n\/wp-json\/wp\/v2\/tags?post=4964"}],"curies":[{"name":"wp","href":"https:\/\/api.w.org\/{rel}","templated":true}]}}