{"id":4960,"date":"2021-09-24T04:58:44","date_gmt":"2021-09-24T02:58:44","guid":{"rendered":"http:\/\/www.infokuryr.cz\/n\/?p=4960"},"modified":"2021-09-24T04:58:44","modified_gmt":"2021-09-24T02:58:44","slug":"francouzsky-ministr-evropa-by-mela-usa-prokouknout","status":"publish","type":"post","link":"https:\/\/www.infokuryr.cz\/n\/2021\/09\/24\/francouzsky-ministr-evropa-by-mela-usa-prokouknout\/","title":{"rendered":"Francouzsk\u00fd ministr: Evropa by m\u011bla USA prokouknout!"},"content":{"rendered":"<div id=\"fb-root\"><\/div>\n<p>Odstaven\u00ed Evropy Spojen\u00fdmi st\u00e1ty a Brit\u00e1ni\u00ed na vedlej\u0161\u00ed koleji ponorkov\u00fdm mega-byznysem a vojensk\u00fdm paktem v Tichomo\u0159\u00ed je pro EU opravdu ho\u0159k\u00e1 pilulka. Francouzsk\u00fd ministr hospod\u00e1\u0159stv\u00ed Bruno Le Maire ve \u010dtvrtek <strong>vyzval Evropany, aby stran USA otev\u0159eli o\u010di a nahl\u00e9dli, \u017ee Evropa u\u017e nem\u016f\u017ee se Spojen\u00fdmi st\u00e1ty po\u010d\u00edtat(!!)<\/strong>.<\/p>\n<p>\u0160\u00e9fka EU ji\u017e p\u0159ed n\u00edm konstatovala, \u017ee s Franci\u00ed a pota\u017emo EU\u00a0<strong>Spojen\u00e9 st\u00e1ty jednaj\u00ed &#8222;nep\u0159ijateln\u00fdm&#8220; zp\u016fsobem(!!!).<\/strong>\u00a0Prezident Evropsk\u00e9 rady Charles Michel\u00a0<strong>odsoudil USA za &#8222;absenci loajality&#8220;(!!!).\u00a0<\/strong><\/p>\n<p>Z ponorkov\u00e9ho vy\u0161achov\u00e1n\u00ed EU je pot\u0159eba si vz\u00edt ponau\u010den\u00ed, \u017ee Evropa pot\u0159ebuje budovat svoji strategickou nez\u00e1vislost, uvedl d\u00e1le francouzsk\u00fd ministr. Jak epizoda s ponorkami, tak epizoda s Afgh\u00e1nist\u00e1nem uk\u00e1zaly, \u017ee u\u017e <strong>nem\u016f\u017eeme spol\u00e9hat an USA v na\u0161\u00ed strategick\u00e9 obran\u011b.<\/strong><\/p>\n<p>A za t\u00e9to poni\u017euj\u00edc\u00ed situace, kdy USA odsunuli EU stranou, je\u0161t\u011b st\u00e1le n\u011bkter\u00e9 televize v \u010cR protiunijn\u011b vys\u00edlaj\u00ed Bidena v OSN jako div ne n\u00e1\u0161 vzor. To i rusk\u00fd z\u00e1stupce v OSN N\u011bbenzja chv\u00e1lil Biden\u016fv projev.<\/p>\n<p><a href=\"https:\/\/www.dn.pt\/internacional\/franca-diz-que-caso-dos-submarinos-mostra-que-europa-ja-nao-pode-contar-com-eua-14150748.html\">ZDROJ<\/a><\/p>\n<p>&nbsp;<\/p>\n","protected":false},"excerpt":{"rendered":"<p>Odstaven\u00ed Evropy Spojen\u00fdmi st\u00e1ty a Brit\u00e1ni\u00ed na vedlej\u0161\u00ed koleji ponorkov\u00fdm mega-byznysem a vojensk\u00fdm paktem v&#8230;<\/p>\n","protected":false},"author":2,"featured_media":1673,"comment_status":"closed","ping_status":"closed","sticky":false,"template":"","format":"standard","meta":[],"categories":[7],"tags":[41,130,37],"_links":{"self":[{"href":"https:\/\/www.infokuryr.cz\/n\/wp-json\/wp\/v2\/posts\/4960"}],"collection":[{"href":"https:\/\/www.infokuryr.cz\/n\/wp-json\/wp\/v2\/posts"}],"about":[{"href":"https:\/\/www.infokuryr.cz\/n\/wp-json\/wp\/v2\/types\/post"}],"author":[{"embeddable":true,"href":"https:\/\/www.infokuryr.cz\/n\/wp-json\/wp\/v2\/users\/2"}],"replies":[{"embeddable":true,"href":"https:\/\/www.infokuryr.cz\/n\/wp-json\/wp\/v2\/comments?post=4960"}],"version-history":[{"count":0,"href":"https:\/\/www.infokuryr.cz\/n\/wp-json\/wp\/v2\/posts\/4960\/revisions"}],"wp:featuredmedia":[{"embeddable":true,"href":"https:\/\/www.infokuryr.cz\/n\/wp-json\/wp\/v2\/media\/1673"}],"wp:attachment":[{"href":"https:\/\/www.infokuryr.cz\/n\/wp-json\/wp\/v2\/media?parent=4960"}],"wp:term":[{"taxonomy":"category","embeddable":true,"href":"https:\/\/www.infokuryr.cz\/n\/wp-json\/wp\/v2\/categories?post=4960"},{"taxonomy":"post_tag","embeddable":true,"href":"https:\/\/www.infokuryr.cz\/n\/wp-json\/wp\/v2\/tags?post=4960"}],"curies":[{"name":"wp","href":"https:\/\/api.w.org\/{rel}","templated":true}]}}