{"id":49599,"date":"2024-03-18T00:34:34","date_gmt":"2024-03-17T23:34:34","guid":{"rendered":"https:\/\/www.infokuryr.cz\/n\/?p=49599"},"modified":"2024-03-17T16:49:54","modified_gmt":"2024-03-17T15:49:54","slug":"izraelske-udery-zasahly-horsky-retez-na-syrsko-libanonske-hranici-videa","status":"publish","type":"post","link":"https:\/\/www.infokuryr.cz\/n\/2024\/03\/18\/izraelske-udery-zasahly-horsky-retez-na-syrsko-libanonske-hranici-videa\/","title":{"rendered":"Izraelsk\u00e9 \u00fadery zas\u00e1hly horsk\u00fd \u0159et\u011bz na syrsko-libanonsk\u00e9 hranici (videa)"},"content":{"rendered":"<div id=\"fb-root\"><\/div>\n<p><strong><span>S\u00e9rie izraelsk\u00fdch \u00fader\u016f zas\u00e1hla S\u00fdrii po\u010d\u00e1tkem 17. b\u0159ezna a zam\u011b\u0159ovala se na poho\u0159\u00ed nach\u00e1zej\u00edc\u00ed se pod\u00e9l hranice zem\u011b s Libanonem.<\/span><\/strong><\/p>\n<p><span>Ofici\u00e1ln\u00ed syrsk\u00e1 arabsk\u00e1 tiskov\u00e1 agentura s odvol\u00e1n\u00edm na prohl\u00e1\u0161en\u00ed vojensk\u00e9ho zdroje uvedla, \u017ee \u201eizraelsk\u00fd nep\u0159\u00edtel provedl leteck\u00fd \u00fatok ze sm\u011bru okupovan\u00fdch syrsk\u00fdch Golan s c\u00edlem zam\u011b\u0159it se na n\u011bkolik bod\u016f v ji\u017en\u00ed oblasti\u201c, ani\u017e by up\u0159esnil kde.<\/span><\/p>\n<p><span>Uvedla, \u017ee p\u0159i \u00fatoku byl zran\u011bn voj\u00e1k a hl\u00e1silo \u201emateri\u00e1ln\u00ed ztr\u00e1ty\u201c a dodalo, \u017ee syst\u00e9my protivzdu\u0161n\u00e9 obrany sest\u0159elily n\u011bkter\u00e9 z raket.<\/span><\/p>\n<p><span>Pozd\u011bji Syrsk\u00e1 observato\u0159 pro lidsk\u00e1 pr\u00e1va (SOHR) ve zpr\u00e1v\u011b uvedla, \u017ee \u201eizraelsk\u00e9 rakety\u201c zam\u00ed\u0159ily na sklad zbran\u00ed, kter\u00fd pat\u0159\u00ed syrsk\u00e9 arm\u00e1d\u011b a kter\u00fd pou\u017e\u00edv\u00e1 libanonsk\u00fd Hizball\u00e1h v horsk\u00e9m \u0159et\u011bzci al-Qalamoun na z\u00e1pad od syrsk\u00e9ho hlavn\u00edho m\u011bsta Dama\u0161ku. .<\/span><\/p>\n<p><span>C\u00edlem bylo tak\u00e9 dal\u0161\u00ed m\u00edsto pobl\u00ed\u017e vojensk\u00e9 z\u00e1kladny ve stejn\u00e9 oblasti, dodala monitorovac\u00ed skupina se s\u00eddlem v Lond\u00fdn\u011b a nahl\u00e1sila po\u017e\u00e1r na jednom z m\u00edst.<\/span><\/p>\n<p><span>Skupina, kterou vede jedin\u00e1 osoba, byla pravideln\u011b obvi\u0148ov\u00e1na syrsk\u00fdmi v\u00e1le\u010dn\u00fdmi analytiky z nepravdiv\u00fdch a nep\u0159esn\u00fdch zpr\u00e1v, zejm\u00e9na pokud jde o izraelsk\u00e9 \u00fatoky na S\u00fdrii.<\/span><\/p>\n<p><iframe loading=\"lazy\" src=\"https:\/\/s2.cdnstatic.space\/wp-content\/uploads\/2024\/03\/twitsave.com_-ZdQnzAmqvyGBC11.mp4\" width=\"600\" height=\"338\" data-mce-fragment=\"1\"><\/iframe><\/p>\n<p><iframe loading=\"lazy\" src=\"https:\/\/s2.cdnstatic.space\/wp-content\/uploads\/2024\/03\/twitsave.com_T31ilJQvdYG0G98w.mp4\" width=\"600\" height=\"338\" data-mce-fragment=\"1\"><\/iframe><\/p>\n<p><span>O den d\u0159\u00edve SOHR a dal\u0161\u00ed proopozi\u010dn\u00ed zpravodajsk\u00e9 zdroje uvedly, \u017ee ze S\u00fdrie byla odp\u00e1lena raketa sm\u011brem ke Golansk\u00fdm v\u00fd\u0161in\u00e1m a Izrael odpov\u011bd\u011bl odp\u00e1len\u00edm raket na syrsk\u00e9 vojensk\u00e9 stanovi\u0161t\u011b na kopci al-Jumu&#8216; v z\u00e1padn\u00ed krajin\u011b ji\u017en\u00edho guvernor\u00e1tu. z Daraa.\u00a0To v\u0161ak izraelsk\u00e1 arm\u00e1da nepotvrdila.<\/span><\/p>\n<p><span>Izrael od vypuknut\u00ed v\u00e1lky v p\u00e1smu Gazy v\u00fdrazn\u011b eskaloval sv\u00e9 \u00fatoky na S\u00fdrii a zam\u011b\u0159oval se p\u0159edev\u0161\u00edm na m\u00edsta SAA a na person\u00e1l \u00edr\u00e1nsk\u00fdch isl\u00e1msk\u00fdch revolu\u010dn\u00edch gard, Hizball\u00e1hu a dal\u0161\u00edch p\u0159idru\u017een\u00fdch sil.<\/span><\/p>\n<p><span>Navzdory ned\u00e1vn\u00e9mu n\u00e1r\u016fstu raketov\u00fdch \u00fatok\u016f zam\u011b\u0159en\u00fdch na Golansk\u00e9 v\u00fd\u0161iny S\u00fdrie dosud ofici\u00e1ln\u011b nereagovala na opakovan\u00e9 \u00fatoky Izraele, pravd\u011bpodobn\u011b se vyhne nebezpe\u010dn\u00e9 konfrontaci.<\/span><\/p>\n<p><img decoding=\"async\" loading=\"lazy\" class=\"alignnone size-full wp-image-1185\" src=\"http:\/\/www.infokuryr.cz\/n\/wp-content\/uploads\/2021\/04\/kuryr-podpis.png\" alt=\"\" width=\"84\" height=\"24\" \/><\/p>\n<p>&nbsp;<\/p>\n","protected":false},"excerpt":{"rendered":"<p>S\u00e9rie izraelsk\u00fdch \u00fader\u016f zas\u00e1hla S\u00fdrii po\u010d\u00e1tkem 17. b\u0159ezna a zam\u011b\u0159ovala se na poho\u0159\u00ed nach\u00e1zej\u00edc\u00ed se&#8230;<\/p>\n","protected":false},"author":2,"featured_media":49600,"comment_status":"closed","ping_status":"closed","sticky":false,"template":"","format":"standard","meta":[],"categories":[7],"tags":[6374,107,5135],"_links":{"self":[{"href":"https:\/\/www.infokuryr.cz\/n\/wp-json\/wp\/v2\/posts\/49599"}],"collection":[{"href":"https:\/\/www.infokuryr.cz\/n\/wp-json\/wp\/v2\/posts"}],"about":[{"href":"https:\/\/www.infokuryr.cz\/n\/wp-json\/wp\/v2\/types\/post"}],"author":[{"embeddable":true,"href":"https:\/\/www.infokuryr.cz\/n\/wp-json\/wp\/v2\/users\/2"}],"replies":[{"embeddable":true,"href":"https:\/\/www.infokuryr.cz\/n\/wp-json\/wp\/v2\/comments?post=49599"}],"version-history":[{"count":0,"href":"https:\/\/www.infokuryr.cz\/n\/wp-json\/wp\/v2\/posts\/49599\/revisions"}],"wp:featuredmedia":[{"embeddable":true,"href":"https:\/\/www.infokuryr.cz\/n\/wp-json\/wp\/v2\/media\/49600"}],"wp:attachment":[{"href":"https:\/\/www.infokuryr.cz\/n\/wp-json\/wp\/v2\/media?parent=49599"}],"wp:term":[{"taxonomy":"category","embeddable":true,"href":"https:\/\/www.infokuryr.cz\/n\/wp-json\/wp\/v2\/categories?post=49599"},{"taxonomy":"post_tag","embeddable":true,"href":"https:\/\/www.infokuryr.cz\/n\/wp-json\/wp\/v2\/tags?post=49599"}],"curies":[{"name":"wp","href":"https:\/\/api.w.org\/{rel}","templated":true}]}}