{"id":49594,"date":"2024-03-18T00:33:04","date_gmt":"2024-03-17T23:33:04","guid":{"rendered":"https:\/\/www.infokuryr.cz\/n\/?p=49594"},"modified":"2024-03-17T16:45:47","modified_gmt":"2024-03-17T15:45:47","slug":"syrske-a-ruske-udery-zlikvidovaly-desitky-militantu-v-idlibu-a-aleppu","status":"publish","type":"post","link":"https:\/\/www.infokuryr.cz\/n\/2024\/03\/18\/syrske-a-ruske-udery-zlikvidovaly-desitky-militantu-v-idlibu-a-aleppu\/","title":{"rendered":"Syrsk\u00e9 a rusk\u00e9 \u00fadery zlikvidovaly des\u00edtky militant\u016f v Idlibu a Aleppu"},"content":{"rendered":"<div id=\"fb-root\"><\/div>\n<p><strong><span>Syrsk\u00e9 ministerstvo obrany v sobotu ozn\u00e1milo\u00a0 \u00fadery na militanty<\/span><\/strong><\/p>\n<p><span>V prohl\u00e1\u0161en\u00ed ministerstvo uvedlo, \u017ee spole\u010dn\u00e9 operace byly provedeny v reakci na ned\u00e1vn\u00e9 poru\u0161ov\u00e1n\u00ed a \u00fatoky militant\u016f.<\/span><\/p>\n<p><span>\u201eOperace vedly k \u00fapln\u00e9mu zni\u010den\u00ed teroristick\u00fdch m\u00edst a velitelstv\u00ed a k zabit\u00ed a zran\u011bn\u00ed des\u00edtek z nich,\u201c stoj\u00ed v prohl\u00e1\u0161en\u00ed.<\/span><\/p>\n<p><span>Ministerstvo tak\u00e9 zve\u0159ejnilo video ukazuj\u00edc\u00ed n\u00e1lety VKS proti pozic\u00edm Hay&#8217;at Tahrir al-Sham (HTS), kter\u00e9 jsou de facto vl\u00e1dcem Velk\u00e9ho Idlibu, hnut\u00edm Ahrar al-Sham a dal\u0161\u00edmi skupinami spojen\u00fdmi s al-K\u00e1idou.\u00a0Video tak\u00e9 obsahovalo z\u00e1b\u011bry z ned\u00e1vn\u00fdch \u00fatok\u016f dron\u016f FPV ze strany SAA proti vozidl\u016fm a vybaven\u00ed militant\u016f.<\/span><\/p>\n<p><iframe loading=\"lazy\" title=\"P\u0159ehr\u00e1va\u010d videa YouTube\" src=\"https:\/\/www.youtube.com\/embed\/7mmgvQUTixM?si=AfIeCSHbPlQL7L2m\" width=\"600\" height=\"338\" frameborder=\"0\" allowfullscreen=\"allowfullscreen\" data-mce-fragment=\"1\"><\/iframe><\/p>\n<p><span>V posledn\u00edch t\u00fddnech HTS a jej\u00ed spojenci zintenzivnili \u00fatoky z Velk\u00e9ho Idlibu na nedalek\u00e9 vl\u00e1dou ovl\u00e1dan\u00e9 oblasti v rozporu s dohodou o p\u0159\u00edm\u011b\u0159\u00ed, kterou p\u0159ed v\u00edce ne\u017e t\u0159emi lety zprost\u0159edkovalo Rusko a Turecko.<\/span><\/p>\n<p><span>14. b\u0159ezna syrsk\u00e9 ministerstvo obrany ozn\u00e1milo, \u017ee p\u011bt pr\u016fzkumn\u00fdch a \u00fato\u010dn\u00fdch dron\u016f vypu\u0161t\u011bn\u00fdch militanty bylo sest\u0159eleno SAA nad krajinou Aleppa.<\/span><\/p>\n<p><img decoding=\"async\" loading=\"lazy\" class=\"wp-image-49595 aligncenter\" src=\"http:\/\/www.infokuryr.cz\/n\/wp-content\/uploads\/2024\/03\/dron1-203x300.jpg\" alt=\"\" width=\"406\" height=\"600\" srcset=\"https:\/\/www.infokuryr.cz\/n\/wp-content\/uploads\/2024\/03\/dron1-203x300.jpg 203w, https:\/\/www.infokuryr.cz\/n\/wp-content\/uploads\/2024\/03\/dron1-692x1024.jpg 692w, https:\/\/www.infokuryr.cz\/n\/wp-content\/uploads\/2024\/03\/dron1.jpg 720w\" sizes=\"(max-width: 406px) 100vw, 406px\" \/><\/p>\n<p><img decoding=\"async\" loading=\"lazy\" class=\"wp-image-49596 aligncenter\" src=\"http:\/\/www.infokuryr.cz\/n\/wp-content\/uploads\/2024\/03\/dron2-270x300.jpg\" alt=\"\" width=\"512\" height=\"569\" srcset=\"https:\/\/www.infokuryr.cz\/n\/wp-content\/uploads\/2024\/03\/dron2-270x300.jpg 270w, https:\/\/www.infokuryr.cz\/n\/wp-content\/uploads\/2024\/03\/dron2-768x855.jpg 768w, https:\/\/www.infokuryr.cz\/n\/wp-content\/uploads\/2024\/03\/dron2.jpg 816w\" sizes=\"(max-width: 512px) 100vw, 512px\" \/><\/p>\n<p><span>Celkov\u011b z\u016fst\u00e1v\u00e1 situace v Greater Idlib velmi napjat\u00e1.\u00a0<\/span><span>Navzdory tomu SAA a jej\u00ed spojenci pravd\u011bpodobn\u011b v dohledn\u00e9 dob\u011b nezah\u00e1j\u00ed pozemn\u00ed operaci v regionu, proto\u017ee takov\u00fd krok by mohl v\u00e9st k nebezpe\u010dn\u00e9 konfrontaci s Tureckem, kter\u00e9 tam udr\u017euje velk\u00e9 s\u00edly.<\/span><\/p>\n<p><img decoding=\"async\" loading=\"lazy\" class=\"alignnone size-full wp-image-1185\" src=\"http:\/\/www.infokuryr.cz\/n\/wp-content\/uploads\/2021\/04\/kuryr-podpis.png\" alt=\"\" width=\"84\" height=\"24\" \/><\/p>\n<p>&nbsp;<\/p>\n","protected":false},"excerpt":{"rendered":"<p>Syrsk\u00e9 ministerstvo obrany v sobotu ozn\u00e1milo\u00a0 \u00fadery na militanty V prohl\u00e1\u0161en\u00ed ministerstvo uvedlo, \u017ee spole\u010dn\u00e9&#8230;<\/p>\n","protected":false},"author":2,"featured_media":49597,"comment_status":"closed","ping_status":"closed","sticky":false,"template":"","format":"standard","meta":[],"categories":[7],"tags":[6698,3535,22,147],"_links":{"self":[{"href":"https:\/\/www.infokuryr.cz\/n\/wp-json\/wp\/v2\/posts\/49594"}],"collection":[{"href":"https:\/\/www.infokuryr.cz\/n\/wp-json\/wp\/v2\/posts"}],"about":[{"href":"https:\/\/www.infokuryr.cz\/n\/wp-json\/wp\/v2\/types\/post"}],"author":[{"embeddable":true,"href":"https:\/\/www.infokuryr.cz\/n\/wp-json\/wp\/v2\/users\/2"}],"replies":[{"embeddable":true,"href":"https:\/\/www.infokuryr.cz\/n\/wp-json\/wp\/v2\/comments?post=49594"}],"version-history":[{"count":1,"href":"https:\/\/www.infokuryr.cz\/n\/wp-json\/wp\/v2\/posts\/49594\/revisions"}],"predecessor-version":[{"id":49598,"href":"https:\/\/www.infokuryr.cz\/n\/wp-json\/wp\/v2\/posts\/49594\/revisions\/49598"}],"wp:featuredmedia":[{"embeddable":true,"href":"https:\/\/www.infokuryr.cz\/n\/wp-json\/wp\/v2\/media\/49597"}],"wp:attachment":[{"href":"https:\/\/www.infokuryr.cz\/n\/wp-json\/wp\/v2\/media?parent=49594"}],"wp:term":[{"taxonomy":"category","embeddable":true,"href":"https:\/\/www.infokuryr.cz\/n\/wp-json\/wp\/v2\/categories?post=49594"},{"taxonomy":"post_tag","embeddable":true,"href":"https:\/\/www.infokuryr.cz\/n\/wp-json\/wp\/v2\/tags?post=49594"}],"curies":[{"name":"wp","href":"https:\/\/api.w.org\/{rel}","templated":true}]}}