{"id":4959,"date":"2021-09-24T04:57:01","date_gmt":"2021-09-24T02:57:01","guid":{"rendered":"http:\/\/www.infokuryr.cz\/n\/?p=4959"},"modified":"2021-09-24T04:57:01","modified_gmt":"2021-09-24T02:57:01","slug":"rakousky-kancler-vyzval-eu-aby-s-polskem-a-madarskem-hrala-vice-fair-play","status":"publish","type":"post","link":"https:\/\/www.infokuryr.cz\/n\/2021\/09\/24\/rakousky-kancler-vyzval-eu-aby-s-polskem-a-madarskem-hrala-vice-fair-play\/","title":{"rendered":"Rakousk\u00fd kancl\u00e9\u0159 vyzval EU, aby s Polskem a Ma\u010farskem hr\u00e1la v\u00edce fair-play"},"content":{"rendered":"<div id=\"fb-root\"><\/div>\n<p>Rakousk\u00fd kancl\u00e9\u0159 Sebastian Kurz na ot\u00e1zku jak by m\u011bla EU postupovat v\u016f\u010di Polsku a Ma\u010farsku, konstatoval \u017ee v ot\u00e1zce pr\u00e1vn\u00edho \u0159\u00e1du a evropsk\u00fdch hodnot by sice nebylo spr\u00e1vn\u00e9 Polsko a Ma\u010farsko nezm\u00ednit, av\u0161ak m\u011blo by se s nimi ze strany EU hr\u00e1t v\u00edce f\u00e9r-plej a se v\u0161emi zach\u00e1zet stejn\u011b<\/p>\n<p><a href=\"https:\/\/visegradpost.com\/fr\/2021\/09\/22\/le-chancelier-autrichien-demande-plus-de-fair-play-vis-a-vis-de-la-hongrie-et-la-pologne\/\">ZDROJ<\/a><\/p>\n<p>&nbsp;<\/p>\n","protected":false},"excerpt":{"rendered":"<p>Rakousk\u00fd kancl\u00e9\u0159 Sebastian Kurz na ot\u00e1zku jak by m\u011bla EU postupovat v\u016f\u010di Polsku a Ma\u010farsku,&#8230;<\/p>\n","protected":false},"author":2,"featured_media":3072,"comment_status":"closed","ping_status":"closed","sticky":false,"template":"","format":"standard","meta":[],"categories":[7],"tags":[41,78,31,120],"_links":{"self":[{"href":"https:\/\/www.infokuryr.cz\/n\/wp-json\/wp\/v2\/posts\/4959"}],"collection":[{"href":"https:\/\/www.infokuryr.cz\/n\/wp-json\/wp\/v2\/posts"}],"about":[{"href":"https:\/\/www.infokuryr.cz\/n\/wp-json\/wp\/v2\/types\/post"}],"author":[{"embeddable":true,"href":"https:\/\/www.infokuryr.cz\/n\/wp-json\/wp\/v2\/users\/2"}],"replies":[{"embeddable":true,"href":"https:\/\/www.infokuryr.cz\/n\/wp-json\/wp\/v2\/comments?post=4959"}],"version-history":[{"count":0,"href":"https:\/\/www.infokuryr.cz\/n\/wp-json\/wp\/v2\/posts\/4959\/revisions"}],"wp:featuredmedia":[{"embeddable":true,"href":"https:\/\/www.infokuryr.cz\/n\/wp-json\/wp\/v2\/media\/3072"}],"wp:attachment":[{"href":"https:\/\/www.infokuryr.cz\/n\/wp-json\/wp\/v2\/media?parent=4959"}],"wp:term":[{"taxonomy":"category","embeddable":true,"href":"https:\/\/www.infokuryr.cz\/n\/wp-json\/wp\/v2\/categories?post=4959"},{"taxonomy":"post_tag","embeddable":true,"href":"https:\/\/www.infokuryr.cz\/n\/wp-json\/wp\/v2\/tags?post=4959"}],"curies":[{"name":"wp","href":"https:\/\/api.w.org\/{rel}","templated":true}]}}