{"id":49582,"date":"2024-03-17T05:43:08","date_gmt":"2024-03-17T04:43:08","guid":{"rendered":"https:\/\/www.infokuryr.cz\/n\/?p=49582"},"modified":"2024-03-17T05:43:08","modified_gmt":"2024-03-17T04:43:08","slug":"putin-varuje-zapad-ze-jeho-vykoristovani-sveta-odzvonilo-upiri-ples-konci","status":"publish","type":"post","link":"https:\/\/www.infokuryr.cz\/n\/2024\/03\/17\/putin-varuje-zapad-ze-jeho-vykoristovani-sveta-odzvonilo-upiri-ples-konci\/","title":{"rendered":"Putin varuje Z\u00e1pad, \u017ee jeho vyko\u0159is\u0165ov\u00e1n\u00ed sv\u011bta odzvonilo: \u201eUp\u00ed\u0159i ples kon\u010d\u00ed\u201c"},"content":{"rendered":"<div id=\"fb-root\"><\/div>\n<p><span>\u00c9ra z\u00e1padn\u00ed kontroly sv\u011btov\u00fdch z\u00e1le\u017eitost\u00ed se podle rusk\u00e9ho prezidenta Vladimira Putina bl\u00ed\u017e\u00ed ke konci.<\/span><\/p>\n<p><span>V exkluzivn\u00edm rozhovoru, kter\u00fd zve\u0159ejnily televize Rossia 1 a RIA Novosti, Putin upozornil z\u00e1padn\u00ed \u201eelity\u201c na to, \u017ee u\u017e nebudou moci vyko\u0159is\u0165ovat jin\u00e9 n\u00e1rody a jejich obyvatele na z\u00edsk\u00e1v\u00e1n\u00ed moci a zdroj\u016f.<\/span><\/p>\n<p><span>\u201eZlat\u00e1 miliarda\u201c, jak Putin naz\u00fdv\u00e1 z\u00e1padn\u00ed elity, si u\u017e zvykla, \u017ee si m\u016f\u017ee \u201enaplnit sv\u00e9 b\u0159icho lidsk\u00fdm masem a sv\u00e9 kapsy ciz\u00edmi pen\u011bzi\u201c.\u00a0Tomu je v\u0161ak konec, Z\u00e1pad u\u017e v\u00edce nebude \u201eparazitovat\u201c na n\u00e1rodech Afriky, Asie a zejm\u00e9na Latinsk\u00e9 Ameriky.<\/span><\/p>\n<p><em><span>\u201eMus\u00ed pochopit, \u017ee up\u00ed\u0159i ples kon\u010d\u00ed,\u201c<\/span><\/em><span>\u00a0\u0159ekl Putin o t\u011bchto d\u00e9monick\u00fdch z\u00e1padn\u00edch elit\u00e1ch.<\/span><\/p>\n<p><span>Ukazuje se, \u017ee mnoh\u00e9 n\u00e1rody sv\u011bta, kter\u00e9 jsou ji\u017e stovky let zn\u00e1sil\u0148ov\u00e1ny a drancov\u00e1ny z\u00e1padn\u00edmi elitami, se aktu\u00e1ln\u011b spolupod\u00edlej\u00ed na rusk\u00e9m boji za suverenitu, kter\u00fd je j\u00e1drem v\u00e1lky na Ukrajin\u011b.<\/span><\/p>\n<p><span>Tyto vyko\u0159is\u0165ovan\u00e9 n\u00e1rody, vysv\u011btlil Putin, \u201esd\u00edlej\u00ed sv\u00e9 vlastn\u00ed aspirace na suverenitu a nez\u00e1visl\u00fd rozvoj s Ruskem, zat\u00edmco Z\u00e1pad, kter\u00fd prohr\u00e1v\u00e1 v\u00e1lku na Ukrajin\u011b, a t\u00edm i z\u00e1pas o sv\u011btovou nadvl\u00e1du, pad\u00e1 do propasti\u201c.<\/span><\/p>\n<p><span>(Souvisej\u00edc\u00ed: V zoufal\u00e9 snaze pomoci Ukrajin\u011b nep\u0159ehr\u00e1t proti Rusku, chce Joe Biden\u00a0<\/span><a href=\"https:\/\/www.naturalnews.com\/2024-03-08-biden-redirect-us-army-funding-to-ukraine.html\" target=\"_blank\" rel=\"noopener\"><span>p\u0159esm\u011brovat financov\u00e1n\u00ed<\/span><\/a><span>\u00a0americk\u00e9 arm\u00e1dy na Zelensk\u00e9ho.)<\/span><\/p>\n<h2><span>Z\u00e1pad tentokr\u00e1t nevyhraje<\/span><\/h2>\n<p><span>Kdy\u017e z\u00e1padn\u00ed elity, o kter\u00fdch Putin hovo\u0159\u00ed, pomalu p\u0159ich\u00e1zej\u00ed na to, \u017ee jejich hr\u016fzovl\u00e1da kon\u010d\u00ed, mnoz\u00ed se nyn\u00ed zoufale sna\u017e\u00ed \u201ezmrazit sou\u010dasnou situaci\u201c a zachovat \u201enespravedliv\u00fd stav v mezin\u00e1rodn\u00edch z\u00e1le\u017eitostech\u201c.<\/span><\/p>\n<p><span>Putin tuto taktiku registruje a tvrd\u00ed, \u017ee nebude fungovat.\u00a0Ve sv\u00e9m hlavn\u00edm projevu p\u0159ed Feder\u00e1ln\u00edm shrom\u00e1\u017ed\u011bn\u00edm Rusk\u00e9 federace minul\u00fd m\u011bs\u00edc Putin odsoudil \u201ekoloni\u00e1ln\u00ed zvyky Z\u00e1padu zapalovat n\u00e1rodn\u00ed konflikty po cel\u00e9m sv\u011bt\u011b, aby z\u00edskal v\u00edce moci\u201c.<\/span><\/p>\n<p><em><span>&#8222;Tyto snahy v\u0161ak tentokr\u00e1t u\u017e nebudou fungovat,&#8220;<\/span><\/em><span> \u0159ekl Putin.<\/span><\/p>\n<p><em><span>\u201eNam\u00edsto prosperuj\u00edc\u00edho a suver\u00e9nn\u00edho Ruska cht\u011bj\u00ed z\u00e1visl\u00fd, ch\u0159adnouc\u00ed, um\u00edraj\u00edc\u00ed prostor, kde by si mohli d\u011blat, co se jim zachce,\u201c<\/span><\/em><span>\u00a0\u0159ekl Putin o z\u00e1padn\u00edch elit\u00e1ch, kter\u00e9 pr\u00e1v\u011b te\u010f d\u011blaj\u00ed v\u0161e, co je v jejich sil\u00e1ch, aby zastavili rozvoj Ruska a zm\u011bnili jej na um\u00edraj\u00edc\u00ed st\u00e1t, stejn\u00fd jako Ukrajina.<\/span><\/p>\n<p><span>Putin toto t\u00e9ma ve sv\u00e9m ned\u00e1vn\u00e9m rozhovoru rozvinul prohl\u00e1\u0161en\u00edm, \u017ee mnoho z\u00e1padn\u00edch elit je \u201etak zaslepeno svou rusofobi\u00ed, \u017ee byli nad\u0161eni z toho, kdy\u017e donutili Rusko zah\u00e1jit vojenskou ofenz\u00edvu na Ukrajin\u011b s c\u00edlem ukon\u010dit v\u00e1lku, kterou tam Z\u00e1pad rozpoutal u\u017e v roce 2014\u201c.<\/span><\/p>\n<p><em><span>\u201eMysl\u00edm si, \u017ee byli dokonce \u0161\u0165astn\u00ed, proto\u017ee v\u011b\u0159ili, \u017ee n\u00e1s nyn\u00ed doraz\u00ed s pomoc\u00ed uvalen\u00ed z\u00e1plavy sankc\u00ed, kdy\u017e n\u00e1m prakticky vyhl\u00e1sili sank\u010dn\u00ed v\u00e1lku a tak\u00e9 s pomoc\u00ed z\u00e1padn\u00edch zbran\u00ed v rukou ukrajinsk\u00fdch nacionalist\u016f,\u201c vysv\u011btlil\u00a0<\/span><\/em><span>\u00a0Putin.<\/span><\/p>\n<p><span>Rusk\u00fd lid je ve sv\u00e9m boji za suverenitu tak jednotn\u00fd, \u017ee nesjednocen\u00fd a up\u0159\u00edmn\u011b \u0159e\u010deno\u00a0<\/span><a href=\"https:\/\/www.badatel.net\/ak-usa-a-izrael-eskaluju-konflikt-na-blizkom-vychode-zapadne-krajiny-ekonomicky-skolabuju\/\"><span>um\u00edraj\u00edc\u00ed Z\u00e1pad<\/span><\/a><span>\u00a0nem\u00e1 \u017e\u00e1dnou \u0161anci porazit Rusko, bez ohledu na to, jak se z\u00e1padn\u00ed m\u00e9dia a vl\u00e1dn\u00ed apar\u00e1t sna\u017e\u00ed prezentovat v\u011bci.<\/span><\/p>\n<p><em><span>\u201eTi chyt\u0159ej\u0161\u00ed,\u201c<\/span><\/em><span>\u00a0\u0159ekl Putin,\u00a0<\/span><em><span>\u201ep\u0159i\u0161li na to, \u017ee Z\u00e1pad nezv\u00edt\u011bz\u00ed nad Ruskem, kter\u00e9 bojuje o svou ekonomiku, lidi a p\u0159e\u017eit\u00ed tv\u00e1\u0159\u00ed v tv\u00e1\u0159 st\u00e1le sl\u00e1bnouc\u00ed z\u00e1padn\u00ed agresi\u201c<\/span><\/em><span>\u00a0.<\/span><\/p>\n<h2><span>Reakce lid\u00ed na Putin\u016fv projev<\/span><\/h2>\n<p><em><span>\u201eRozhovory pana Putina p\u0159in\u00e1\u0161ej\u00ed mnoho cenn\u00fdch informac\u00ed,\u201c<\/span><\/em><span>\u00a0napsal jeden z komentuj\u00edc\u00edch o lekc\u00edch z historie, kter\u00e9 Putin d\u00e1v\u00e1 sv\u011btu a kter\u00e9 Z\u00e1pad odm\u00edt\u00e1 p\u0159ijmout.<\/span><\/p>\n<p><em><span>\u201ePom\u00e1h\u00e1 n\u00e1m to pochopit minulost a sou\u010dasnost Ruska a m\u011bn\u00edc\u00ed se sv\u011bt, ve kter\u00e9m \u017eijeme.\u00a0D\u011bkuji, pane prezidente.\u201c<\/span><\/em><\/p>\n<p><em><span>\u201eSamo\u00fa\u010deln\u00ed z\u00e1padn\u00ed sionisti\u010dt\u00ed ghulov\u00e9 za\u017e\u00edvaj\u00ed posledn\u00ed smrteln\u00e9 k\u0159e\u010de jejich rozpadaj\u00edc\u00edho se imp\u00e9ria,\u201c<\/span><\/em><span>\u00a0napsal dal\u0161\u00ed.<\/span><\/p>\n<p><em><span>&#8222;Jako \u010dlov\u011bku ze Z\u00e1padu mi dovolte pod\u011bkovat panu Putinovi za to, \u017ee je jedin\u00fdm hlasem zdrav\u00e9ho rozumu nad j\u00e1mou up\u00edr\u016f a sup\u016f,&#8220;<\/span><\/em><span> \u0159ekl dal\u0161\u00ed diskut\u00e9r.<\/span><\/p>\n<p><span>Autor: Ethan Huff, Zdroj:\u00a0<\/span><a href=\"https:\/\/www.naturalnews.com\/2024-03-15-west-vampire-ball-putin-exploitation-elites-end.html\" target=\"_blank\" rel=\"noopener\"><span>naturalnews.com<\/span><\/a><\/p>\n<p>&nbsp;<\/p>\n<p>&nbsp;<\/p>\n","protected":false},"excerpt":{"rendered":"<p>\u00c9ra z\u00e1padn\u00ed kontroly sv\u011btov\u00fdch z\u00e1le\u017eitost\u00ed se podle rusk\u00e9ho prezidenta Vladimira Putina bl\u00ed\u017e\u00ed ke konci. V&#8230;<\/p>\n","protected":false},"author":2,"featured_media":49583,"comment_status":"closed","ping_status":"closed","sticky":false,"template":"","format":"standard","meta":[],"categories":[7],"tags":[102,1402,365],"_links":{"self":[{"href":"https:\/\/www.infokuryr.cz\/n\/wp-json\/wp\/v2\/posts\/49582"}],"collection":[{"href":"https:\/\/www.infokuryr.cz\/n\/wp-json\/wp\/v2\/posts"}],"about":[{"href":"https:\/\/www.infokuryr.cz\/n\/wp-json\/wp\/v2\/types\/post"}],"author":[{"embeddable":true,"href":"https:\/\/www.infokuryr.cz\/n\/wp-json\/wp\/v2\/users\/2"}],"replies":[{"embeddable":true,"href":"https:\/\/www.infokuryr.cz\/n\/wp-json\/wp\/v2\/comments?post=49582"}],"version-history":[{"count":0,"href":"https:\/\/www.infokuryr.cz\/n\/wp-json\/wp\/v2\/posts\/49582\/revisions"}],"wp:featuredmedia":[{"embeddable":true,"href":"https:\/\/www.infokuryr.cz\/n\/wp-json\/wp\/v2\/media\/49583"}],"wp:attachment":[{"href":"https:\/\/www.infokuryr.cz\/n\/wp-json\/wp\/v2\/media?parent=49582"}],"wp:term":[{"taxonomy":"category","embeddable":true,"href":"https:\/\/www.infokuryr.cz\/n\/wp-json\/wp\/v2\/categories?post=49582"},{"taxonomy":"post_tag","embeddable":true,"href":"https:\/\/www.infokuryr.cz\/n\/wp-json\/wp\/v2\/tags?post=49582"}],"curies":[{"name":"wp","href":"https:\/\/api.w.org\/{rel}","templated":true}]}}