{"id":49576,"date":"2024-03-17T00:50:33","date_gmt":"2024-03-16T23:50:33","guid":{"rendered":"https:\/\/www.infokuryr.cz\/n\/?p=49576"},"modified":"2024-03-16T19:27:07","modified_gmt":"2024-03-16T18:27:07","slug":"ukrajinske-ozbrojene-sily-shodily-vybusne-zarizeni-na-volebni-mistnost-v-zaporozske-oblasti","status":"publish","type":"post","link":"https:\/\/www.infokuryr.cz\/n\/2024\/03\/17\/ukrajinske-ozbrojene-sily-shodily-vybusne-zarizeni-na-volebni-mistnost-v-zaporozske-oblasti\/","title":{"rendered":"Ukrajinsk\u00e9 ozbrojen\u00e9 s\u00edly shodily v\u00fdbu\u0161n\u00e9 za\u0159\u00edzen\u00ed na volebn\u00ed m\u00edstnost v Z\u00e1poro\u017esk\u00e9 oblasti"},"content":{"rendered":"<div id=\"fb-root\"><\/div>\n<p class=\"lead\"><strong>Voj\u00e1ci kyjevsk\u00e9ho re\u017eimu shodili v\u00fdbu\u0161n\u00e9 za\u0159\u00edzen\u00ed z dronu pobl\u00ed\u017e volebn\u00ed m\u00edstnosti ve vesnici Blagove\u0161\u010denka v Z\u00e1poro\u017esk\u00e9 oblasti.<\/strong><\/p>\n<p><span>Informovala o tom v sobotu 16. b\u0159ezna agentura TASS s odvol\u00e1n\u00edm na p\u0159edsedkyni okrskov\u00e9 volebn\u00ed komise \u010d. 511\u00a0<\/span><strong><span>Natalju Rjabenkaju<\/span><\/strong><span>\u00a0.<\/span><\/p>\n<p><span>K incidentu podle n\u00ed do\u0161lo v sobotu 16. b\u0159ezna v 7:00 moskevsk\u00e9ho \u010dasu, kdy tam \u201eje\u0161t\u011b nikdo nebyl\u201c.\u00a0Dodala, \u017ee nedo\u0161lo k \u017e\u00e1dn\u00e9mu zran\u011bn\u00ed a ani budova, kde se m\u00edsto nach\u00e1zelo, nebyla po\u0161kozena.<\/span><\/p>\n<p><em>\u201eV\u00fdbu\u0161n\u00e9 za\u0159\u00edzen\u00ed shodili z bezpilotn\u00edho prost\u0159edku doslova p\u011bt nebo \u0161est metr\u016f od budovy Domu kultury, kde se nach\u00e1z\u00ed na\u0161e lokalita.\u00a0Jak \u0159ekla arm\u00e1da, je to n\u011bjak\u00fd druh fosforov\u00e9 sko\u0159\u00e1pky,\u201c<span class=\"after-quote\">\u00a0&#8211; \u0159ekl p\u0159edseda.<\/span><\/em><\/p>\n<p><span>Jak informovala m\u00e9dia<\/span><span>\u00a0, d\u0159\u00edve byli\u00a0ve vesnici Briljovka v Chersonsk\u00e9 oblasti\u00a0<\/span><a href=\"https:\/\/eadaily.com\/ru\/news\/2024\/03\/15\/vsu-obstrelyali-izbiratelnyy-uchastok-v-brilevke-est-ranenye\" target=\"_blank\" rel=\"noopener\"><span>zran\u011bni dva civilist\u00e9, kdy\u017e ukrajin\u0161t\u00ed militanti st\u0159\u00edleli na volebn\u00ed m\u00edstnost.\u00a0<\/span><\/a><span>Ozn\u00e1mil to guvern\u00e9r regionu\u00a0<\/span><strong><span>Vladimir Saldo<\/span><\/strong><span>\u00a0.<\/span><\/p>\n<p><img decoding=\"async\" loading=\"lazy\" class=\"alignnone size-full wp-image-1185\" src=\"http:\/\/www.infokuryr.cz\/n\/wp-content\/uploads\/2021\/04\/kuryr-podpis.png\" alt=\"\" width=\"84\" height=\"24\" \/><\/p>\n<p>&nbsp;<\/p>\n","protected":false},"excerpt":{"rendered":"<p>Voj\u00e1ci kyjevsk\u00e9ho re\u017eimu shodili v\u00fdbu\u0161n\u00e9 za\u0159\u00edzen\u00ed z dronu pobl\u00ed\u017e volebn\u00ed m\u00edstnosti ve vesnici Blagove\u0161\u010denka v&#8230;<\/p>\n","protected":false},"author":2,"featured_media":49577,"comment_status":"closed","ping_status":"closed","sticky":false,"template":"","format":"standard","meta":[],"categories":[7],"tags":[3727,22,26,6959],"_links":{"self":[{"href":"https:\/\/www.infokuryr.cz\/n\/wp-json\/wp\/v2\/posts\/49576"}],"collection":[{"href":"https:\/\/www.infokuryr.cz\/n\/wp-json\/wp\/v2\/posts"}],"about":[{"href":"https:\/\/www.infokuryr.cz\/n\/wp-json\/wp\/v2\/types\/post"}],"author":[{"embeddable":true,"href":"https:\/\/www.infokuryr.cz\/n\/wp-json\/wp\/v2\/users\/2"}],"replies":[{"embeddable":true,"href":"https:\/\/www.infokuryr.cz\/n\/wp-json\/wp\/v2\/comments?post=49576"}],"version-history":[{"count":0,"href":"https:\/\/www.infokuryr.cz\/n\/wp-json\/wp\/v2\/posts\/49576\/revisions"}],"wp:featuredmedia":[{"embeddable":true,"href":"https:\/\/www.infokuryr.cz\/n\/wp-json\/wp\/v2\/media\/49577"}],"wp:attachment":[{"href":"https:\/\/www.infokuryr.cz\/n\/wp-json\/wp\/v2\/media?parent=49576"}],"wp:term":[{"taxonomy":"category","embeddable":true,"href":"https:\/\/www.infokuryr.cz\/n\/wp-json\/wp\/v2\/categories?post=49576"},{"taxonomy":"post_tag","embeddable":true,"href":"https:\/\/www.infokuryr.cz\/n\/wp-json\/wp\/v2\/tags?post=49576"}],"curies":[{"name":"wp","href":"https:\/\/api.w.org\/{rel}","templated":true}]}}