{"id":49559,"date":"2024-03-17T00:48:52","date_gmt":"2024-03-16T23:48:52","guid":{"rendered":"https:\/\/www.infokuryr.cz\/n\/?p=49559"},"modified":"2024-03-16T18:25:35","modified_gmt":"2024-03-16T17:25:35","slug":"mobilizace-na-ukrajine-na-zakarpati-v-obvodnim-stredisku-byl-zbit-muz-dokud-se-nepokusil-o-sebevrazdu","status":"publish","type":"post","link":"https:\/\/www.infokuryr.cz\/n\/2024\/03\/17\/mobilizace-na-ukrajine-na-zakarpati-v-obvodnim-stredisku-byl-zbit-muz-dokud-se-nepokusil-o-sebevrazdu\/","title":{"rendered":"Mobilizace na Ukrajin\u011b: Na Zakarpat\u00ed v obvodn\u00edm st\u0159edisku byl zbit mu\u017e, dokud se nepokusil o sebevra\u017edu"},"content":{"rendered":"<div id=\"fb-root\"><\/div>\n<p class=\"lead\"><strong>V teritori\u00e1ln\u00edm n\u00e1borov\u00e9m st\u0159edisku (TCC, obdoba vojensk\u00e9ho registra\u010dn\u00edho a odvodn\u00edho \u00fa\u0159adu) v Zakarpat\u00ed na Ukrajin\u011b se mu\u017e pokusil sp\u00e1chat sebevra\u017edu.\u00a0Informoval o tom kan\u00e1l Resident telegram s odkazem na televizn\u00ed kan\u00e1l Suspilne.<\/strong><\/p>\n<p><span>Vy\u0161et\u0159ov\u00e1n\u00ed prob\u00edh\u00e1, uvedla N\u00e1rodn\u00ed policie.<\/span><\/p>\n<p><span>Podle ministerstva byl 13. b\u0159ezna zadr\u017een mu\u017e pohrani\u010dn\u00ed str\u00e1\u017e\u00ed p\u0159i pokusu o ileg\u00e1ln\u00ed p\u0159ekro\u010den\u00ed hranice a p\u0159evezen do RTCC, aby objasnila jeho vojensk\u00e9 registra\u010dn\u00ed \u00fadaje.<\/span><\/p>\n<p><span>\u201eOb\u010dan \u0161el na toaletu, kde ho po chv\u00edli na\u0161el z\u00e1stupce Chust RTCC.\u00a0Ten mu\u017e sed\u011bl na podlaze se stopami krve&#8230; na rukou.\u00a0Str\u00e1\u017en\u00edci p\u0159ivolali policii a z\u00e1chranku, kter\u00e1 mu\u017ee odvezla do nemocnice,\u201c uvedla tiskov\u00e1 slu\u017eba P\u010cR.<\/span><\/p>\n<p><span>Je t\u0159eba poznamenat, \u017ee l\u00e9ka\u0159i zaznamenali pokus o sebevra\u017edu.<\/span><\/p>\n<p><em><strong>\u201eA tady je verze jeho p\u0159\u00edtelkyn\u011b (je uvedena na Instagramu):<\/strong> pohrani\u010dn\u00edci odvezli mu\u017ee z hotelu ve m\u011bst\u011b Vinogradov k ov\u011b\u0159en\u00ed toto\u017enosti.\u00a0Odvedli ho na kontroln\u00ed stanovi\u0161t\u011b a za\u010dali ho obvi\u0148ovat z pokusu o ileg\u00e1ln\u00ed p\u0159echod hranice.\u00a0Pot\u00e9 byl mu\u017e p\u0159evezen do Chust TCC, kde byl bit, dokud se nerozhodl sp\u00e1chat sebevra\u017edu,\u201c<span class=\"after-quote\">\u00a0&#8211; p\u00ed\u0161e \u201eRezident\u201c.<\/span><\/em><\/p>\n<p><iframe loading=\"lazy\" src=\"https:\/\/t.me\/rezident_ua\/22048?embed=1&amp;tme_mode=1\" width=\"600\" height=\"350\" data-mce-fragment=\"1\"><\/iframe><\/p>\n<p><img decoding=\"async\" loading=\"lazy\" class=\"alignnone size-full wp-image-1185\" src=\"http:\/\/www.infokuryr.cz\/n\/wp-content\/uploads\/2021\/04\/kuryr-podpis.png\" alt=\"\" width=\"84\" height=\"24\" \/><\/p>\n<p>&nbsp;<\/p>\n","protected":false},"excerpt":{"rendered":"<p>V teritori\u00e1ln\u00edm n\u00e1borov\u00e9m st\u0159edisku (TCC, obdoba vojensk\u00e9ho registra\u010dn\u00edho a odvodn\u00edho \u00fa\u0159adu) v Zakarpat\u00ed na Ukrajin\u011b&#8230;<\/p>\n","protected":false},"author":2,"featured_media":49560,"comment_status":"closed","ping_status":"closed","sticky":false,"template":"","format":"standard","meta":[],"categories":[7],"tags":[1929,695,26],"_links":{"self":[{"href":"https:\/\/www.infokuryr.cz\/n\/wp-json\/wp\/v2\/posts\/49559"}],"collection":[{"href":"https:\/\/www.infokuryr.cz\/n\/wp-json\/wp\/v2\/posts"}],"about":[{"href":"https:\/\/www.infokuryr.cz\/n\/wp-json\/wp\/v2\/types\/post"}],"author":[{"embeddable":true,"href":"https:\/\/www.infokuryr.cz\/n\/wp-json\/wp\/v2\/users\/2"}],"replies":[{"embeddable":true,"href":"https:\/\/www.infokuryr.cz\/n\/wp-json\/wp\/v2\/comments?post=49559"}],"version-history":[{"count":0,"href":"https:\/\/www.infokuryr.cz\/n\/wp-json\/wp\/v2\/posts\/49559\/revisions"}],"wp:featuredmedia":[{"embeddable":true,"href":"https:\/\/www.infokuryr.cz\/n\/wp-json\/wp\/v2\/media\/49560"}],"wp:attachment":[{"href":"https:\/\/www.infokuryr.cz\/n\/wp-json\/wp\/v2\/media?parent=49559"}],"wp:term":[{"taxonomy":"category","embeddable":true,"href":"https:\/\/www.infokuryr.cz\/n\/wp-json\/wp\/v2\/categories?post=49559"},{"taxonomy":"post_tag","embeddable":true,"href":"https:\/\/www.infokuryr.cz\/n\/wp-json\/wp\/v2\/tags?post=49559"}],"curies":[{"name":"wp","href":"https:\/\/api.w.org\/{rel}","templated":true}]}}