{"id":49558,"date":"2024-03-17T00:47:31","date_gmt":"2024-03-16T23:47:31","guid":{"rendered":"https:\/\/www.infokuryr.cz\/n\/?p=49558"},"modified":"2024-03-16T18:20:22","modified_gmt":"2024-03-16T17:20:22","slug":"mexicky-kartel-unesl-30-gruzinskych-obcanu-kteri-se-snazili-prejit-do-spojenych-statu","status":"publish","type":"post","link":"https:\/\/www.infokuryr.cz\/n\/2024\/03\/17\/mexicky-kartel-unesl-30-gruzinskych-obcanu-kteri-se-snazili-prejit-do-spojenych-statu\/","title":{"rendered":"Mexick\u00fd kartel unesl 30 gruz\u00ednsk\u00fdch ob\u010dan\u016f, kte\u0159\u00ed se sna\u017eili p\u0159ej\u00edt do Spojen\u00fdch st\u00e1t\u016f"},"content":{"rendered":"<div id=\"fb-root\"><\/div>\n<p class=\"lead\"><strong>Asi 30 gruz\u00ednsk\u00fdch ob\u010dan\u016f bylo uneseno v Mexiku p\u0159i pokusu dostat se k hranic\u00edm USA.\u00a0Podle zpr\u00e1v m\u00e9di\u00ed je zajal m\u00edstn\u00ed kartel.<\/strong><\/p>\n<p><span>Podle p\u0159\u00edbuzn\u00fdch unesen\u00fdch lid\u00ed po\u017eaduj\u00ed \u00fanosci 90 000 dolar\u016f.<\/span><\/p>\n<p><span>Gruz\u00ednsk\u00fd televizn\u00ed kan\u00e1l Mtavari objas\u0148uje, \u017ee jednomu z unesen\u00fdch Gruz\u00ednc\u016f bylo dovoleno kontaktovat sv\u00e9 p\u0159\u00edbuzn\u00e9, aby jim sd\u011blili jeho po\u017eadavky.\u00a0\u0158ekl, \u017ee byl dr\u017een v suter\u00e9nu spolu se 120 dal\u0161\u00edmi rukojm\u00edmi.<\/span><\/p>\n<p><span>Zdroje stanice Pirveli TV tvrd\u00ed, \u017ee polovina \u010d\u00e1stky ji\u017e byla p\u0159evedena na 15 osob \u2013 45 tis\u00edc dolar\u016f.\u00a0Nyn\u00ed vyjedn\u00e1v\u00e1n\u00ed o zbytku \u00fadajn\u011b pokra\u010duje.<\/span><\/p>\n<p><span>Gruz\u00ednsk\u00e9 ministerstvo zahrani\u010d\u00ed se p\u0159ipojilo k p\u00e1tr\u00e1n\u00ed po unesen\u00fdch gruz\u00ednsk\u00fdch ob\u010danech na mexicko-americk\u00e9 hranici.\u00a0Podle p\u0159edb\u011b\u017en\u00fdch \u00fadaj\u016f k \u00fanosu cizinc\u016f, mezi nimi\u017e bylo asi 30 gruz\u00ednsk\u00fdch ob\u010dan\u016f, do\u0161lo p\u0159ed t\u0159emi dny.<\/span><\/p>\n<p><em>\u201eGruz\u00ednsk\u00e9 velvyslanectv\u00ed je v kontaktu s mexickou migra\u010dn\u00ed slu\u017ebou a zji\u0161\u0165uje mo\u017en\u00e9 m\u00edsto pobytu ob\u010dan\u016f.\u00a0Konzul\u00e1t tak\u00e9 z\u016fst\u00e1v\u00e1 v kontaktu s rodinn\u00fdmi p\u0159\u00edslu\u0161n\u00edky t\u011bch, kte\u0159\u00ed hledali pomoc,\u201c<span class=\"after-quote\">\u00a0\u201c uvedlo ministerstvo v prohl\u00e1\u0161en\u00ed.<\/span><\/em><\/p>\n<p><img decoding=\"async\" loading=\"lazy\" class=\"alignnone size-full wp-image-1185\" src=\"http:\/\/www.infokuryr.cz\/n\/wp-content\/uploads\/2021\/04\/kuryr-podpis.png\" alt=\"\" width=\"84\" height=\"24\" \/><\/p>\n<p>&nbsp;<\/p>\n","protected":false},"excerpt":{"rendered":"<p>Asi 30 gruz\u00ednsk\u00fdch ob\u010dan\u016f bylo uneseno v Mexiku p\u0159i pokusu dostat se k hranic\u00edm USA.\u00a0Podle&#8230;<\/p>\n","protected":false},"author":2,"featured_media":45924,"comment_status":"closed","ping_status":"closed","sticky":false,"template":"","format":"standard","meta":[],"categories":[7],"tags":[2412,729,396,2557],"_links":{"self":[{"href":"https:\/\/www.infokuryr.cz\/n\/wp-json\/wp\/v2\/posts\/49558"}],"collection":[{"href":"https:\/\/www.infokuryr.cz\/n\/wp-json\/wp\/v2\/posts"}],"about":[{"href":"https:\/\/www.infokuryr.cz\/n\/wp-json\/wp\/v2\/types\/post"}],"author":[{"embeddable":true,"href":"https:\/\/www.infokuryr.cz\/n\/wp-json\/wp\/v2\/users\/2"}],"replies":[{"embeddable":true,"href":"https:\/\/www.infokuryr.cz\/n\/wp-json\/wp\/v2\/comments?post=49558"}],"version-history":[{"count":0,"href":"https:\/\/www.infokuryr.cz\/n\/wp-json\/wp\/v2\/posts\/49558\/revisions"}],"wp:featuredmedia":[{"embeddable":true,"href":"https:\/\/www.infokuryr.cz\/n\/wp-json\/wp\/v2\/media\/45924"}],"wp:attachment":[{"href":"https:\/\/www.infokuryr.cz\/n\/wp-json\/wp\/v2\/media?parent=49558"}],"wp:term":[{"taxonomy":"category","embeddable":true,"href":"https:\/\/www.infokuryr.cz\/n\/wp-json\/wp\/v2\/categories?post=49558"},{"taxonomy":"post_tag","embeddable":true,"href":"https:\/\/www.infokuryr.cz\/n\/wp-json\/wp\/v2\/tags?post=49558"}],"curies":[{"name":"wp","href":"https:\/\/api.w.org\/{rel}","templated":true}]}}