{"id":49521,"date":"2024-03-17T00:32:58","date_gmt":"2024-03-16T23:32:58","guid":{"rendered":"https:\/\/www.infokuryr.cz\/n\/?p=49521"},"modified":"2024-03-16T17:08:17","modified_gmt":"2024-03-16T16:08:17","slug":"manipulacni-strategie-jak-drzet-lidi-dal-od-pravdy","status":"publish","type":"post","link":"https:\/\/www.infokuryr.cz\/n\/2024\/03\/17\/manipulacni-strategie-jak-drzet-lidi-dal-od-pravdy\/","title":{"rendered":"Manipula\u010dn\u00ed strategie: Jak dr\u017eet lidi d\u00e1l od pravdy"},"content":{"rendered":"<div id=\"fb-root\"><\/div>\n<p><strong><span>Fakta jsou obvykle na stole rychle \u2013 dlouho p\u0159edt\u00edm, ne\u017e si je v\u011bt\u0161ina uv\u011bdom\u00ed a za\u010dne zpochyb\u0148ovat ofici\u00e1ln\u00ed narativ.\u00a0Jak je to mo\u017en\u00e9?\u00a0Existuje \u0159ada technik, kter\u00e9 mohou vl\u00e1dy a jejich medi\u00e1ln\u00ed komplicov\u00e9 pou\u017e\u00edt k tomu, aby doslova udr\u017eeli lidi daleko od pravdy.\u00a0Iniciativa GGI o tom pojedn\u00e1v\u00e1 v tiskov\u00e9 zpr\u00e1v\u011b.<\/span><\/strong><\/p>\n<p><em><span>Tiskov\u00e1 zpr\u00e1va\u00a0<\/span><a href=\"https:\/\/ggi-initiative.at\/wp\/pm-104-manipulationsstrategien\/\" target=\"_blank\" rel=\"noreferrer noopener\"><span>iniciativy GGI<\/span><\/a><\/em><\/p>\n<p><strong><span>\u0158ada fakt\u016f o koronavirov\u00e9 krizi dodnes nen\u00ed \u0161irok\u00e9 ve\u0159ejnosti zn\u00e1ma.\u00a0N\u00ed\u017ee se pokus\u00edme uk\u00e1zat, jak \u00fasp\u011b\u0161n\u011b se lidem br\u00e1nilo podrobn\u011b a p\u0159edev\u0161\u00edm samostatn\u011b se zab\u00fdvat v\u011bdeck\u00fdmi poznatky a jak\u00e9 manipula\u010dn\u00ed techniky byly pou\u017eity.<\/span><\/strong><\/p>\n<p><span>Corona byla medi\u00e1ln\u00ed a spole\u010densk\u00e1 ud\u00e1lost, kter\u00e9 nikdo nemohl uniknout.\u00a0Logick\u00fdm d\u016fsledkem takov\u00e9 ud\u00e1losti by bylo, \u017ee by se j\u00ed lid\u00e9 zab\u00fdvali \u2013 povrchn\u011b nebo hluboce.\u00a0Ka\u017ed\u00fd, kdo provedl vlastn\u00ed v\u00fdzkum, objevil nespo\u010det nesrovnalost\u00ed a logick\u00fdch chyb.\u00a0V t\u00e9to anal\u00fdze prozkoum\u00e1me, jak se masy lid\u00ed st\u00e1le dok\u00e1zaly zakoupit do chybn\u00e9ho vypr\u00e1v\u011bn\u00ed.<\/span><\/p>\n<h3 id=\"h-techniken-die-menschen-davon-abhalten-eigenstandig-zu-recherchieren\" class=\"wp-block-heading\"><span style=\"font-size: 18pt;\">Techniky, kter\u00e9 lidem br\u00e1n\u00ed v nez\u00e1visl\u00e9m v\u00fdzkumu:<\/span><\/h3>\n<p><strong><span>Pou\u017eit\u00ed odborn\u00e9ho jazyka:<\/span><\/strong><span>\u00a0\u00a0Pou\u017e\u00edvaj\u00ed se slo\u017eit\u00e9 odborn\u00e9 term\u00edny a odborn\u00e1 terminologie, aby se v\u011bc zd\u00e1la zbyte\u010dn\u011b komplikovan\u00e1.\u00a0To v lidech vyvol\u00e1v\u00e1 dojem, \u017ee \u2013 pokud nejsou specialist\u00e9 \u2013 by nebyli schopni samostatn\u011b z\u00edsk\u00e1vat znalosti.<\/span><\/p>\n<p><strong><span>Prezentace statistik a dat:<\/span><\/strong><span>\u00a0\u00a0Je prezentov\u00e1no velk\u00e9 mno\u017estv\u00ed statistick\u00fdch dat nebo informac\u00ed, kter\u00e9 se obt\u00ed\u017en\u011b zpracov\u00e1vaj\u00ed, co\u017e zp\u016fsobuje, \u017ee se lid\u00e9 c\u00edt\u00ed zahlceni a p\u0159est\u00e1vaj\u00ed se touto ot\u00e1zkou d\u00e1le zab\u00fdvat.<\/span><\/p>\n<p><strong><span>Zkreslen\u00ed fakt\u016f:<\/span><\/strong><span>\u00a0\u00a0Fakta jsou prezentov\u00e1na selektivn\u011b nebo zkreslen\u011b, aby podpo\u0159ila ur\u010ditou perspektivu nebo ovlivnila n\u00e1zory lid\u00ed.\u00a0D\u016fle\u017eit\u00fdm aspektem byla tak\u00e9 prezentace dat bez referen\u010dn\u00edch hodnot.\u00a0Nap\u0159\u00edklad absolutn\u00ed \u00famrtnost byla uvedena bez srovn\u00e1n\u00ed s norm\u00e1ln\u00ed \u00famrtnost\u00ed nebo \u00famrtnost\u00ed na jin\u00e9 nemoci.\u00a0D\u016fle\u017eit\u00e9 informace, kter\u00e9 byly nutn\u00e9 pro utajov\u00e1n\u00ed toho, co se d\u011blo, byly utajov\u00e1ny.\u00a0Nap\u0159\u00edklad onemocn\u011bn\u00ed d\u00fdchac\u00edch cest jsou obecn\u011b \u010dastou p\u0159\u00ed\u010dinou \u00famrt\u00ed velmi star\u00fdch lid\u00ed.<\/span><\/p>\n<p><strong><span>D\u016fraz na autoritu:<\/span><\/strong><span>\u00a0\u00a0Autorita ur\u010dit\u00fdch zdroj\u016f nebo odborn\u00edk\u016f je zd\u016fraz\u0148ov\u00e1na, aby se vytvo\u0159il dojem, \u017ee z\u00e1le\u017e\u00ed pouze na jejich n\u00e1zoru, co\u017e m\u016f\u017ee zv\u00fd\u0161it tendenci lid\u00ed slep\u011b d\u016fv\u011b\u0159ovat.\u00a0Z\u00e1rove\u0148 byli z diskurzu vytla\u010dov\u00e1ni odborn\u00edci s odli\u0161n\u00fdmi pohledy, zdiskreditov\u00e1ni \u010di dokonce cenzurov\u00e1ni.<\/span><\/p>\n<p><strong><span>Diskreditace oponent\u016f:<\/span><\/strong><span>\u00a0\u00a0Diskreditace nebo hanoben\u00ed lid\u00ed nebo skupin, kter\u00e9 zast\u00e1vaj\u00ed opa\u010dn\u00e9 n\u00e1zory, s c\u00edlem podkopat jejich d\u016fv\u011bryhodnost a oslabit argumenty.\u00a0Argument zde nebyl na technick\u00e9 \u00farovni, ale na mor\u00e1ln\u00ed \u00farovni.\u00a0Experti, kte\u0159\u00ed p\u0159ivedli jinou expert\u00edzu, byli ozna\u010deni za m\u00e1lo solid\u00e1rn\u00ed nebo pravicov\u00e9 (extr\u00e9mn\u00ed) (i kdy\u017e v\u011bdeck\u00e9 poznatky logicky nemaj\u00ed \u017e\u00e1dnou politickou \u010di mor\u00e1ln\u00ed p\u0159\u00edslu\u0161nost, jsou to prost\u011b faktick\u00e1 zji\u0161t\u011bn\u00ed).\u00a0Toto fale\u0161n\u00e9 moralizov\u00e1n\u00ed samo o sob\u011b lidem br\u00e1nilo br\u00e1t tyto n\u00e1zory v\u00e1\u017en\u011b nebo jim dokonce naslouchat.\u00a0Obavy z kontaktu byly aktivn\u011b podporov\u00e1ny.<\/span><\/p>\n<p><strong><span>Emocionalizace:<\/span><\/strong><span>\u00a0\u00a0Tato strategie m\u00e1 za c\u00edl apelovat na pocity lid\u00ed s c\u00edlem obej\u00edt jejich rozum a p\u0159im\u011bt je jednat nebo myslet iracion\u00e1ln\u011b.\u00a0C\u00edlen\u00e9 pou\u017eit\u00ed emoc\u00ed, jako je strach, hn\u011bv nebo soucit, m\u00e1 vyvolat silnou emocion\u00e1ln\u00ed reakci, kter\u00e1 m\u016f\u017ee zp\u016fsobit, \u017ee lid\u00e9 budou o probl\u00e9mu p\u0159em\u00fd\u0161let m\u00e9n\u011b racion\u00e1ln\u011b a m\u00edsto toho jednat nebo se rozhodovat impulzivn\u011b.\u00a0V\u0161echny tyto emoce byly rozdm\u00fdch\u00e1ny a bylo implementov\u00e1no sch\u00e9ma dobro-zlo, kter\u00e9 m\u011blo spole\u010dnost d\u00e1le rozd\u011blovat.<\/span><\/p>\n<p><strong><span>Opakov\u00e1n\u00ed, opakov\u00e1n\u00ed, opakov\u00e1n\u00ed:<\/span><\/strong><span>\u00a0\u00a0Poselstv\u00ed nebo vypr\u00e1v\u011bn\u00ed byly prezentov\u00e1ny opakovan\u011b, v\u011bt\u0161inou s identick\u00fdm zn\u011bn\u00edm, aby se ukotvily v pov\u011bdom\u00ed lid\u00ed.\u00a0Neust\u00e1l\u00fdm opakov\u00e1n\u00edm ur\u010dit\u00e9 informace nebo tvrzen\u00ed je tato informace vn\u00edm\u00e1na jako pravdiv\u00e1 nebo relevantn\u00ed, bez ohledu na jej\u00ed skute\u010dnou p\u0159esnost nebo relevanci.<\/span><\/p>\n<p><strong><span>Zaujatost a rozpt\u00fdlen\u00ed:<\/span><\/strong><span>\u00a0\u00a0Dal\u0161\u00ed manipula\u010dn\u00ed strategi\u00ed je udr\u017eovat lidi neust\u00e1le zanepr\u00e1zdn\u011bn\u00e9, aby nem\u011bli \u010das ani energii zab\u00fdvat se ur\u010dit\u00fdm probl\u00e9mem nebo o n\u011bm kriticky p\u0159em\u00fd\u0161let.\u00a0V p\u0159\u00edpad\u011b Corony se pozornost soust\u0159edila na podrobn\u00e9 debaty bez pohledu na celkov\u00fd obraz (rozptylov\u00e1n\u00ed).\u00a0Krom\u011b toho byli lid\u00e9 tak zanepr\u00e1zdn\u011bni nes\u010detn\u00fdmi, neust\u00e1le se m\u011bn\u00edc\u00edmi p\u0159edpisy v ka\u017edodenn\u00edm \u017eivot\u011b, \u017ee kritick\u00e9 zkoum\u00e1n\u00ed jejich u\u017eite\u010dnosti a opat\u0159en\u00ed obecn\u011b obvykle upadla stranou.<\/span><\/p>\n<h3 id=\"h-die-frage-nach-dem-motiv\" class=\"wp-block-heading\"><span style=\"font-size: 18pt;\">Ot\u00e1zka motivu<\/span><\/h3>\n<p><span>Jak ukazuje v\u00fd\u0161e uveden\u00e1 anal\u00fdza, k zaji\u0161t\u011bn\u00ed interpreta\u010dn\u00ed suverenity politiky byly pou\u017eity \u010detn\u00e9 manipula\u010dn\u00ed strategie.\u00a0O tom u\u017e dnes nen\u00ed pochyb.\u00a0Jak v\u011bdom\u011b byly tyto techniky pou\u017eity, nelze zven\u010d\u00ed posoudit.\u00a0A\u0165 u\u017e to bylo u\u010din\u011bno v dobr\u00e9 v\u00ed\u0159e\u00a0\u00a0<\/span><em><span>(mus\u00edte srovnat obyvatelstvo, abyste p\u0159ede\u0161li katastrof\u011b)<\/span><\/em><span>\u00a0, z d\u016fvod\u016f zast\u00edr\u00e1n\u00ed\u00a0\u00a0<\/span><em><span>(pokud jste se jednou vydali \u0161patnou cestou, mus\u00edte ji n\u00e1sledovat a\u017e do konce)<\/span><\/em><span> \u00a0nebo s \u00famysl zp\u016fsobit \u0161kodu, bude p\u0159ezkoum\u00e1n v r\u00e1mci ofici\u00e1ln\u00edho vy\u0161et\u0159ov\u00e1n\u00ed, kter\u00e9 bude objasn\u011bno.<\/span><\/p>\n<p><strong><span>Je v\u0161ak z\u0159ejm\u00e9, \u017ee tento p\u0159\u00edstup nen\u00ed hoden liber\u00e1ln\u00ed demokracie, proto\u017ee ten mus\u00ed b\u00fdt v\u017edy zalo\u017een na v\u016fd\u010d\u00edm principu, \u017ee obyvatelstvo tvo\u0159\u00ed odpov\u011bdn\u00ed ob\u010dan\u00e9.\u00a0<\/span><\/strong><span>V demokracii poch\u00e1z\u00ed ve\u0161ker\u00e1 moc od lidu, tak\u017ee nelze vych\u00e1zet z p\u0159edpokladu, \u017ee obyvatelstvo je hloup\u00e9 a m\u011blo by b\u00fdt sponzorov\u00e1no, proto\u017ee dobrovoln\u00e9 poskytnut\u00ed moci \u201ehloup\u00e9 mase\u201c by bylo vrcholem hlouposti.\u00a0Tato forma pravidla by se proto stala absurdn\u00ed.<\/span><\/p>\n<p><img decoding=\"async\" loading=\"lazy\" class=\"alignnone size-full wp-image-1185\" src=\"http:\/\/www.infokuryr.cz\/n\/wp-content\/uploads\/2021\/04\/kuryr-podpis.png\" alt=\"\" width=\"84\" height=\"24\" \/><\/p>\n","protected":false},"excerpt":{"rendered":"<p>Fakta jsou obvykle na stole rychle \u2013 dlouho p\u0159edt\u00edm, ne\u017e si je v\u011bt\u0161ina uv\u011bdom\u00ed a&#8230;<\/p>\n","protected":false},"author":2,"featured_media":33247,"comment_status":"closed","ping_status":"closed","sticky":false,"template":"","format":"standard","meta":[],"categories":[7],"tags":[940,607,1040,331],"_links":{"self":[{"href":"https:\/\/www.infokuryr.cz\/n\/wp-json\/wp\/v2\/posts\/49521"}],"collection":[{"href":"https:\/\/www.infokuryr.cz\/n\/wp-json\/wp\/v2\/posts"}],"about":[{"href":"https:\/\/www.infokuryr.cz\/n\/wp-json\/wp\/v2\/types\/post"}],"author":[{"embeddable":true,"href":"https:\/\/www.infokuryr.cz\/n\/wp-json\/wp\/v2\/users\/2"}],"replies":[{"embeddable":true,"href":"https:\/\/www.infokuryr.cz\/n\/wp-json\/wp\/v2\/comments?post=49521"}],"version-history":[{"count":0,"href":"https:\/\/www.infokuryr.cz\/n\/wp-json\/wp\/v2\/posts\/49521\/revisions"}],"wp:featuredmedia":[{"embeddable":true,"href":"https:\/\/www.infokuryr.cz\/n\/wp-json\/wp\/v2\/media\/33247"}],"wp:attachment":[{"href":"https:\/\/www.infokuryr.cz\/n\/wp-json\/wp\/v2\/media?parent=49521"}],"wp:term":[{"taxonomy":"category","embeddable":true,"href":"https:\/\/www.infokuryr.cz\/n\/wp-json\/wp\/v2\/categories?post=49521"},{"taxonomy":"post_tag","embeddable":true,"href":"https:\/\/www.infokuryr.cz\/n\/wp-json\/wp\/v2\/tags?post=49521"}],"curies":[{"name":"wp","href":"https:\/\/api.w.org\/{rel}","templated":true}]}}