{"id":49519,"date":"2024-03-17T00:31:23","date_gmt":"2024-03-16T23:31:23","guid":{"rendered":"https:\/\/www.infokuryr.cz\/n\/?p=49519"},"modified":"2024-03-16T17:03:22","modified_gmt":"2024-03-16T16:03:22","slug":"jak-mocnosti-nato-vyuzivaji-britsky-model-prvni-svetove-valky-k-nalakani-ruska-do-dalsi-velke-globalni-valky","status":"publish","type":"post","link":"https:\/\/www.infokuryr.cz\/n\/2024\/03\/17\/jak-mocnosti-nato-vyuzivaji-britsky-model-prvni-svetove-valky-k-nalakani-ruska-do-dalsi-velke-globalni-valky\/","title":{"rendered":"Jak mocnosti NATO vyu\u017e\u00edvaj\u00ed britsk\u00fd model prvn\u00ed sv\u011btov\u00e9 v\u00e1lky k nal\u00e1k\u00e1n\u00ed Ruska do dal\u0161\u00ed velk\u00e9 glob\u00e1ln\u00ed v\u00e1lky"},"content":{"rendered":"<div id=\"fb-root\"><\/div>\n<div class=\"elementor-element elementor-element-1fb4c2c elementor-widget elementor-widget-theme-post-content\" data-id=\"1fb4c2c\" data-element_type=\"widget\" data-widget_type=\"theme-post-content.default\">\n<div class=\"elementor-widget-container\">\n<p><strong><span>Vnit\u0159n\u00ed kruh britsk\u00e9 nejvy\u0161\u0161\u00ed elity v \u010dele s Nathanielem Rothschildem, kr\u00e1lem Edwardem VII. a lordem Alfredem Milnerem za pou\u017eit\u00ed duplicit, podvod\u016f a tajn\u00fdch spojenectv\u00ed zatla\u010dil n\u011bmeck\u00e9ho c\u00edsa\u0159e do kouta a \u00famysln\u011b obvinil N\u011bmce z vypuknut\u00ed prvn\u00ed sv\u011btov\u00e9 v\u00e1lky, i kdy\u017e v r. ve skute\u010dnosti to byli Britov\u00e9, kdo vyprovokoval N\u011bmce do t\u00e9 m\u00edry, \u017ee v\u00e1lka byla jedinou mo\u017enost\u00ed.<\/span><\/strong><\/p>\n<p><span>N\u011bme\u010dt\u00ed gener\u00e1lov\u00e9 byli p\u0159ed n\u011bkolika t\u00fddny p\u0159isti\u017eeni, kdy\u017e p\u0159em\u00fd\u0161leli, jak bombardovat hlavn\u00ed rusk\u00fd most na Krym.\u00a0Jednalo by se o akt agrese, kter\u00fd by, jak \u0159ekl rusk\u00fd prezident Vladimir Putin, zaru\u010den\u011b vy\u00fastil v tvrdou vojenskou reakci Ruska, mo\u017en\u00e1 i jadern\u00fd \u00fader proti Berl\u00ednu.<\/span><\/p>\n<p><span>A to vedlo k p\u0159izn\u00e1n\u00ed n\u011bmeck\u00fdch p\u0159edstavitel\u016f, \u017ee jejich arm\u00e1da nen\u00ed p\u0159ipravena na \u00fatok na Rusko.\u00a0Pokud cht\u011bj\u00ed n\u011bme\u010dt\u00ed gener\u00e1lov\u00e9 a politici skute\u010dn\u011b vyvolat v\u00e1lku s Ruskem, m\u011bli by rad\u011bji zpomalit a po\u010dkat, a\u017e jejich arm\u00e1da do\u017eene politickou r\u00e9toriku z Berl\u00edna.<\/span><\/p>\n<p><span>\u010cl\u00e1nek Johna Codyho ze 14. b\u0159ezna v Remix News ukazuje, \u017ee n\u011bmeck\u00e1 arm\u00e1da nem\u00e1 person\u00e1l, vybaven\u00ed a infrastrukturu, aby mohla v\u00e9st velkou v\u00e1lku, nato\u017e s vojenskou supervelmoc\u00ed vyzbrojenou jadern\u00fdmi zbran\u011bmi, jako je Rusko.<\/span><\/p>\n<p><span>\u201eN\u011bmeck\u00e1 arm\u00e1da a vl\u00e1da vykresluj\u00ed tak ponur\u00fd obraz ozbrojen\u00fdch sil, \u017ee n\u011bkte\u0159\u00ed z nejvlivn\u011bj\u0161\u00edch politik\u016f zem\u011b nyn\u00ed volaj\u00ed po znovuzaveden\u00ed povinn\u00e9 vojensk\u00e9 slu\u017eby,\u201c p\u00ed\u0161e Cody.<\/span><\/p>\n<p><span>Ano, povinn\u00e1 vojensk\u00e1 slu\u017eba.<\/span><\/p>\n<p><span>Video produkovan\u00e9 Remix News ukazuje prohl\u00e1\u0161en\u00ed Evy H\u00f6gl, komisa\u0159ky pro obranu n\u011bmeck\u00e9ho Bundestagu, kter\u00e1 poskytla katastrof\u00e1ln\u00ed podrobnosti o stavu n\u011bmeck\u00e9 arm\u00e1dy.\u00a0Je to \u0161okuj\u00edc\u00ed z hlediska jeho otev\u0159enosti ohledn\u011b sou\u010dasn\u00e9ho stavu n\u011bmeck\u00fdch ozbrojen\u00fdch sil.<\/span><\/p>\n<div class=\"twitter-tweet twitter-tweet-rendered\"><iframe id=\"twitter-widget-0\" class=\"\" title=\"X p\u0159\u00edsp\u011bvek\" src=\"https:\/\/platform.twitter.com\/embed\/Tweet.html?creatorScreenName=uncutnewsCH&amp;dnt=false&amp;embedId=twitter-widget-0&amp;features=eyJ0ZndfdGltZWxpbmVfbGlzdCI6eyJidWNrZXQiOltdLCJ2ZXJzaW9uIjpudWxsfSwidGZ3X2ZvbGxvd2VyX2NvdW50X3N1bnNldCI6eyJidWNrZXQiOnRydWUsInZlcnNpb24iOm51bGx9LCJ0ZndfdHdlZXRfZWRpdF9iYWNrZW5kIjp7ImJ1Y2tldCI6Im9uIiwidmVyc2lvbiI6bnVsbH0sInRmd19yZWZzcmNfc2Vzc2lvbiI6eyJidWNrZXQiOiJvbiIsInZlcnNpb24iOm51bGx9LCJ0ZndfZm9zbnJfc29mdF9pbnRlcnZlbnRpb25zX2VuYWJsZWQiOnsiYnVja2V0Ijoib24iLCJ2ZXJzaW9uIjpudWxsfSwidGZ3X21peGVkX21lZGlhXzE1ODk3Ijp7ImJ1Y2tldCI6InRyZWF0bWVudCIsInZlcnNpb24iOm51bGx9LCJ0ZndfZXhwZXJpbWVudHNfY29va2llX2V4cGlyYXRpb24iOnsiYnVja2V0IjoxMjA5NjAwLCJ2ZXJzaW9uIjpudWxsfSwidGZ3X3Nob3dfYmlyZHdhdGNoX3Bpdm90c19lbmFibGVkIjp7ImJ1Y2tldCI6Im9uIiwidmVyc2lvbiI6bnVsbH0sInRmd19kdXBsaWNhdGVfc2NyaWJlc190b19zZXR0aW5ncyI6eyJidWNrZXQiOiJvbiIsInZlcnNpb24iOm51bGx9LCJ0ZndfdXNlX3Byb2ZpbGVfaW1hZ2Vfc2hhcGVfZW5hYmxlZCI6eyJidWNrZXQiOiJvbiIsInZlcnNpb24iOm51bGx9LCJ0ZndfdmlkZW9faGxzX2R5bmFtaWNfbWFuaWZlc3RzXzE1MDgyIjp7ImJ1Y2tldCI6InRydWVfYml0cmF0ZSIsInZlcnNpb24iOm51bGx9LCJ0ZndfbGVnYWN5X3RpbWVsaW5lX3N1bnNldCI6eyJidWNrZXQiOnRydWUsInZlcnNpb24iOm51bGx9LCJ0ZndfdHdlZXRfZWRpdF9mcm9udGVuZCI6eyJidWNrZXQiOiJvbiIsInZlcnNpb24iOm51bGx9fQ%3D%3D&amp;frame=false&amp;hideCard=false&amp;hideThread=false&amp;id=1767948277842919521&amp;lang=de&amp;origin=https%3A%2F%2Funcutnews.ch%2Fwie-die-nato-maechte-das-britische-modell-des-ersten-weltkriegs-nutzen-um-russland-in-den-naechsten-grossen-globalen-krieg-zu-locken%2F&amp;sessionId=3a68f2fde38f52c6cdec4fcf47764cc12d224fa2&amp;theme=light&amp;widgetsVersion=2615f7e52b7e0%3A1702314776716&amp;width=550px\" frameborder=\"0\" scrolling=\"no\" allowfullscreen=\"allowfullscreen\" data-tweet-id=\"1767948277842919521\" data-mce-fragment=\"1\"><\/iframe><\/div>\n<p><span>Pova\u017euje za \u201eopravdu p\u016fsobiv\u00e9\u201c, \u017ee N\u011bmecko vypr\u00e1zdnilo sv\u00e9 z\u00e1soby vojensk\u00e9 obrany t\u00edm, \u017ee je nechalo na Ukrajin\u011b, aby je promarnilo v prohran\u00e9 v\u00e1lce s Ruskem.\u00a0To zn\u00ed jako ve\u0159ejn\u00e9 p\u0159izn\u00e1n\u00ed zrady.<\/span><\/p>\n<p><span>Ale p\u0159esta\u0148.\u00a0To je\u0161t\u011b nen\u00ed v\u0161e.<\/span><\/p>\n<p><span>N\u011bmecko v\u00ed, \u017ee nen\u00ed schopno p\u0159evz\u00edt Rusko, a tak vyjedn\u00e1v\u00e1 tajnou dohodu se \u0161\u00edlen\u00fdmi v\u016fdci dvou dal\u0161\u00edch evropsk\u00fdch zem\u00ed, Francie a Polska, o vysl\u00e1n\u00ed voj\u00e1k\u016f na Ukrajinu nez\u00e1visle na NATO, i kdy\u017e nev\u011b\u0159\u00edm, \u017ee je to skute\u010dn\u011b mo\u017en\u00e9 bez souhlasu Washingtonu a Lond\u00fdna.<\/span><\/p>\n<p><span>Organizace s n\u00e1zvem\u00a0<\/span><strong><span>V\u00fdmarsk\u00fd troj\u00faheln\u00edk<\/span><\/strong><span>\u00a0\u2013 skl\u00e1daj\u00edc\u00ed se z Francie, N\u011bmecka a Polska \u2013 existuje od roku 1991, kdy se rozpadl Sov\u011btsk\u00fd svaz.<\/span><\/p>\n<p><span>Stanoven\u00fdm c\u00edlem V\u00fdmarsk\u00e9ho troj\u00faheln\u00edku bylo pomoci Polsku odtrhnout se od komunistick\u00e9 nadvl\u00e1dy.\u00a0Je zvl\u00e1\u0161tn\u00ed, \u017ee st\u00e1le existuje, ale mo\u017en\u00e1 na\u0161el nov\u00fd \u00fa\u010del \u2013 rozpout\u00e1n\u00ed t\u0159et\u00ed sv\u011btov\u00e9 v\u00e1lky s Ruskem.<\/span><\/p>\n<p><span>Podle Wikipedie \u201eV\u00fdmarsk\u00fd troj\u00faheln\u00edk existuje\u00a0<\/span><span>p\u0159edev\u0161\u00edm ve form\u011b summit\u016f mezi hlavami st\u00e1t\u016f t\u011bchto t\u0159\u00ed zem\u00ed a jejich ministry zahrani\u010d\u00ed.\u00a0Spolupr\u00e1ce mezi \u010dlensk\u00fdmi st\u00e1ty zahrnuje meziparlamentn\u00ed kontakty,\u00a0<\/span><em><strong><span>vojenskou<\/span><\/strong><\/em><span>\u00a0, v\u011bdeckou a kulturn\u00ed spolupr\u00e1ci.\u00a0Posledn\u00ed summit hlav st\u00e1t\u016f a vl\u00e1d se konal v Pa\u0159\u00ed\u017ei 12. \u010dervna 2023.\u201c (zd\u016fraz\u0148uji m\u016fj)<\/span><\/p>\n<p><span>M\u00e9dia o tom sotva informovala, ale agentura Reuters v\u010dera, 13. b\u0159ezna informovala, \u017ee se t\u0159i st\u00e1ty V\u00fdmarsk\u00e9ho troj\u00faheln\u00edku sejdou v\u00a0<\/span><strong><span>p\u00e1tek 15. b\u0159ezna<\/span><\/strong><span>\u00a0k \u201enarychlo dohodnut\u00fdm rozhovor\u016fm\u201c, aby prodiskutovali, jak bude Ukrajina reagovat ve sv\u00e9&#8230; V\u00e1lka proti Rusku m\u016f\u017ee b\u00fdt podporov\u00e1n.\u00a0Na t\u00e9to sch\u016fzce by mohla b\u00fdt uzav\u0159ena dohoda \u2013 mo\u017en\u00e1 tajn\u00e1 \u2013 o nav\u00fd\u0161en\u00ed jejich vojensk\u00e9ho person\u00e1lu prost\u0159ednictv\u00edm odvod\u016f a dal\u0161\u00edch prost\u0159edk\u016f, s v\u00fdhledem na p\u0159\u00edpadn\u00e9 nasazen\u00ed kombinace francouzsk\u00fdch, n\u011bmeck\u00fdch a\/nebo polsk\u00fdch jednotek na ukrajinsk\u00e9m boji\u0161ti proti Rusku.<\/span><\/p>\n<p><span>Rusko vyhr\u00e1lo prvn\u00ed f\u00e1zi t\u00e9to v\u00e1lky a zem\u011b NATO budou muset b\u00fdt kreativn\u00ed, pokud cht\u011bj\u00ed pokra\u010dovat v boji.\u00a0A nen\u00ed pochyb o tom, \u017ee cht\u011bj\u00ed pokra\u010dovat ve v\u00e1lce proti Rusku.\u00a0A pro\u010d?\u00a0Proto\u017ee Rusko, v\u00edce ne\u017e \u010c\u00edna, je \u00fast\u0159edn\u00edm bodem koalice n\u00e1rod\u016f BRICS, kter\u00e1 zpochyb\u0148uje glob\u00e1ln\u00ed ekonomick\u00fd \u0159\u00e1d pod veden\u00edm USA nav\u00e1zan\u00fd na americk\u00fd petrodolar a americkou vojenskou p\u0159evahu.<\/span><\/p>\n<p><span>Zd\u00e1 se, \u017ee ka\u017ed\u00e9mu vojensk\u00e9mu expertovi, kter\u00e9ho jsem za posledn\u00ed dva roky poslouchal, unikaj\u00ed ekonomick\u00e9 d\u016fvody, pro\u010d se v\u00e1lka roz\u0161\u00ed\u0159\u00ed mimo Rusko a Ukrajinu.\u00a0Nikdy to nebylo o Rusku a Ukrajin\u011b.\u00a0\u0160lo o v\u00fdzvy a m\u011bn\u00edc\u00ed se skute\u010dnosti souvisej\u00edc\u00ed s glob\u00e1ln\u00edm ekonomick\u00fdm \u0159\u00e1dem.<\/span><\/p>\n<p><span>Vojen\u0161t\u00ed analytici hovo\u0159ili o tom, zda Ukrajina nebo Rusko vyhraje nebo prohraje v\u00e1lku, ale jen m\u00e1lokdo, pokud v\u016fbec n\u011bkdo, skute\u010dn\u011b v\u00e1\u017en\u011b uva\u017eoval o mo\u017enosti t\u0159et\u00edho v\u00fdsledku \u2013 \u017ee ani Ukrajina, ani Rusko tuto v\u00e1lku \u201enevyhraj\u00ed\u201c, proto\u017ee skute\u010dn\u00e1 v\u00e1lka nen\u00ed mezi Ukrajinou a Ruskem.\u00a0Odehr\u00e1v\u00e1 se mezi NATO a jeho spojenci a Ruskem a jeho spojenci.\u00a0Ukrajina je pouze proxy a brzy bude nucena opustit boji\u0161t\u011b.\u00a0Pokud odn\u011bkud nep\u0159ijde nov\u00fd p\u0159\u00edliv voj\u00e1k\u016f, v\u00e1lka skon\u010d\u00ed a Rusko zv\u00edt\u011bz\u00ed.\u00a0Ale z v\u00fd\u0161e zm\u00edn\u011bn\u00fdch ekonomick\u00fdch d\u016fvod\u016f az dal\u0161\u00edch d\u016fvod\u016f souvisej\u00edc\u00edch s liber\u00e1ln\u00ed soci\u00e1ln\u00ed agendou Z\u00e1padu, kter\u00e1 je neslu\u010diteln\u00e1 s konzervativn\u011bj\u0161\u00ed kulturou Ruska, to NATO nedovol\u00ed.<\/span><\/p>\n<p><span>Vezm\u011bte si mimo jin\u00e9 \u201eman\u017eela\u201c americk\u00e9ho ministra dopravy Peta Buttigiega, kter\u00fd vede skupinu d\u011bt\u00ed, aby \u201esl\u00edbili v\u011brnost duze\u201c.\u00a0To by v Rusku nebylo v\u00edt\u00e1no ani povoleno.<\/span><\/p>\n<div class=\"twitter-tweet twitter-tweet-rendered\"><iframe id=\"twitter-widget-1\" class=\"\" title=\"X p\u0159\u00edsp\u011bvek\" src=\"https:\/\/platform.twitter.com\/embed\/Tweet.html?creatorScreenName=uncutnewsCH&amp;dnt=false&amp;embedId=twitter-widget-1&amp;features=eyJ0ZndfdGltZWxpbmVfbGlzdCI6eyJidWNrZXQiOltdLCJ2ZXJzaW9uIjpudWxsfSwidGZ3X2ZvbGxvd2VyX2NvdW50X3N1bnNldCI6eyJidWNrZXQiOnRydWUsInZlcnNpb24iOm51bGx9LCJ0ZndfdHdlZXRfZWRpdF9iYWNrZW5kIjp7ImJ1Y2tldCI6Im9uIiwidmVyc2lvbiI6bnVsbH0sInRmd19yZWZzcmNfc2Vzc2lvbiI6eyJidWNrZXQiOiJvbiIsInZlcnNpb24iOm51bGx9LCJ0ZndfZm9zbnJfc29mdF9pbnRlcnZlbnRpb25zX2VuYWJsZWQiOnsiYnVja2V0Ijoib24iLCJ2ZXJzaW9uIjpudWxsfSwidGZ3X21peGVkX21lZGlhXzE1ODk3Ijp7ImJ1Y2tldCI6InRyZWF0bWVudCIsInZlcnNpb24iOm51bGx9LCJ0ZndfZXhwZXJpbWVudHNfY29va2llX2V4cGlyYXRpb24iOnsiYnVja2V0IjoxMjA5NjAwLCJ2ZXJzaW9uIjpudWxsfSwidGZ3X3Nob3dfYmlyZHdhdGNoX3Bpdm90c19lbmFibGVkIjp7ImJ1Y2tldCI6Im9uIiwidmVyc2lvbiI6bnVsbH0sInRmd19kdXBsaWNhdGVfc2NyaWJlc190b19zZXR0aW5ncyI6eyJidWNrZXQiOiJvbiIsInZlcnNpb24iOm51bGx9LCJ0ZndfdXNlX3Byb2ZpbGVfaW1hZ2Vfc2hhcGVfZW5hYmxlZCI6eyJidWNrZXQiOiJvbiIsInZlcnNpb24iOm51bGx9LCJ0ZndfdmlkZW9faGxzX2R5bmFtaWNfbWFuaWZlc3RzXzE1MDgyIjp7ImJ1Y2tldCI6InRydWVfYml0cmF0ZSIsInZlcnNpb24iOm51bGx9LCJ0ZndfbGVnYWN5X3RpbWVsaW5lX3N1bnNldCI6eyJidWNrZXQiOnRydWUsInZlcnNpb24iOm51bGx9LCJ0ZndfdHdlZXRfZWRpdF9mcm9udGVuZCI6eyJidWNrZXQiOiJvbiIsInZlcnNpb24iOm51bGx9fQ%3D%3D&amp;frame=false&amp;hideCard=false&amp;hideThread=false&amp;id=1767270337497247766&amp;lang=de&amp;origin=https%3A%2F%2Funcutnews.ch%2Fwie-die-nato-maechte-das-britische-modell-des-ersten-weltkriegs-nutzen-um-russland-in-den-naechsten-grossen-globalen-krieg-zu-locken%2F&amp;sessionId=3a68f2fde38f52c6cdec4fcf47764cc12d224fa2&amp;theme=light&amp;widgetsVersion=2615f7e52b7e0%3A1702314776716&amp;width=550px\" frameborder=\"0\" scrolling=\"no\" allowfullscreen=\"allowfullscreen\" data-tweet-id=\"1767270337497247766\" data-mce-fragment=\"1\"><\/iframe><\/div>\n<p><span>Pokud tedy NATO najde zp\u016fsob, jak dostat voj\u00e1ky na Ukrajinu pot\u00e9, co Ukrajina prohr\u00e1la v\u00e1lku, pod z\u00e1minkou, \u017ee je \u201eodd\u011blen\u00e1 od NATO\u201c, pak je to p\u0159esn\u011b to, co by m\u011blo ud\u011blat.<\/span><\/p>\n<p><span>Ot\u00e1zkou je, zda Putin p\u0159ijme v\u00fdmluvu, \u017ee NATO nem\u00e1 nic spole\u010dn\u00e9ho s t\u00edm, \u017ee na jeho dvorku nyn\u00ed bojuj\u00ed polsk\u00e9, n\u011bmeck\u00e9 a francouzsk\u00e9 jednotky.\u00a0Kdy\u017e na Ukrajinu doraz\u00ed voj\u00e1ci z Francie, N\u011bmecka a Polska, bude si hr\u00e1t a \u0159\u00edkat, \u017ee jde o samostatn\u00e9 \u00fasil\u00ed a ne ve skute\u010dnosti NATO, p\u0159esto\u017ee v\u0161echny t\u0159i zem\u011b jsou \u010dleny NATO?\u00a0Tomu nev\u011b\u0159\u00edm.\u00a0Ale to je p\u0159esn\u011b to, co NATO chce.\u00a0Douf\u00e1, \u017ee p\u0159esv\u011bd\u010d\u00ed Putina k invazi do zem\u011b NATO.<\/span><\/p>\n<p><span>Le\u017e funguje asi takto: Francouzsk\u00e1, n\u011bmeck\u00e1 a polsk\u00e1 vojska bojuj\u00edc\u00ed na Ukrajin\u011b tak ne\u010din\u00ed jako sou\u010d\u00e1st NATO, ale kdy\u017e Putin na tuto provokaci odpov\u00ed p\u0159\u00edm\u00fdmi \u00fatoky na m\u011bsta nebo infrastrukturu ve Francii, N\u011bmecku nebo Polsku, pak \u201e&#8230; napadl\u201c zemi NATO a cel\u00e9 NATO m\u00e1 nyn\u00ed z\u00e1konnou omluvu k invazi do Ruska.<\/span><\/p>\n<p><span>V\u00edm, \u017ee to zn\u00ed \u0161\u00edlen\u011b, ale pod\u00edvejte se, kdo je vel\u00ed v t\u011bchto zem\u00edch NATO.\u00a0V\u0161ichni jsou \u0161\u00edlenci a loutky Sv\u011btov\u00e9ho ekonomick\u00e9ho f\u00f3ra, Organizace spojen\u00fdch n\u00e1rod\u016f, britsk\u00e9 kr\u00e1lovsk\u00e9 rodiny a tajn\u00fdch slu\u017eeb ve Washingtonu a Lond\u00fdn\u011b.<\/span><\/p>\n<p><span>I kdyby Francie, N\u011bmecko a Polsko bojovaly proti rusk\u00fdm voj\u00e1k\u016fm na Ukrajin\u011b pod rou\u0161kou \u201eV\u00fdmarsk\u00e9ho troj\u00faheln\u00edku\u201c, nelze pop\u0159\u00edt, \u017ee jsou tak\u00e9 \u010dleny NATO a v p\u0159\u00edpad\u011b Putina by do\u0161lo k aktivaci obrann\u00e9ho mechanismu NATO. z t\u011bchto t\u0159\u00ed zem\u00ed.\u00a0Pak je tu t\u0159et\u00ed sv\u011btov\u00e1 v\u00e1lka, kterou cht\u011bj\u00ed USA, Velk\u00e1 Brit\u00e1nie a NATO z\u0159ejm\u011b vyvolat.\u00a0Ne\u017e v\u0161ak mohou zah\u00e1jit t\u0159et\u00ed sv\u011btovou v\u00e1lku proti Rusku, mus\u00ed se postavit jako \u201eob\u011b\u0165\u201c t\u00edm, \u017ee p\u0159im\u011bj\u00ed Rusko, aby za\u00fato\u010dilo na jednoho z jejich \u010dlen\u016f NATO.\u00a0Z\u00e1padn\u00ed m\u00e9dia se pln\u011b p\u0159ipoj\u00ed k tomuto mezin\u00e1rodn\u00edmu pron\u00e1sledov\u00e1n\u00ed a zes\u00edl\u00ed svou propagandistickou v\u00e1lku proti Rusku, vykresluj\u00ed zemi a jej\u00edho v\u016fdce jako \u201eagresora\u201c.\u00a0Budou pokra\u010dovat ve velk\u00e9 l\u017ei, \u017ee Putin chce \u201eobnovit star\u00e9 sov\u011btsk\u00e9 imp\u00e9rium\u201c.\u00a0I kdy\u017e o tom nemaj\u00ed \u017e\u00e1dn\u00e9 d\u016fkazy, budou to pova\u017eovat za p\u0159edem dan\u00fd z\u00e1v\u011br.\u00a0\u0158\u00edk\u00e1\u0161 to, tak to mus\u00ed b\u00fdt pravda.<\/span><\/p>\n<p class=\"has-medium-font-size\"><span style=\"font-size: 18pt;\"><strong>Opakuje se historie?<\/strong><\/span><\/p>\n<p><span>To je m\u00edsto, kde v m\u00e9m hypotetick\u00e9m sc\u00e9n\u00e1\u0159i vstupuje do hry\u00a0<\/span><strong><span>V\u00fdmarsk\u00fd troj\u00faheln\u00edk<\/span><\/strong><span>\u00a0, co\u017e je podle m\u00e9ho n\u00e1zoru velmi pravd\u011bpodobn\u00fd sc\u00e9n\u00e1\u0159, kter\u00fd lze sledovat b\u011bhem p\u0159\u00ed\u0161t\u00edch \u0161esti a\u017e 12 m\u011bs\u00edc\u016f.\u00a0Bude pravd\u011bpodobn\u011b trvat asi rok, ne\u017e zem\u011b V\u00fdmarsk\u00e9ho troj\u00faheln\u00edku vybuduj\u00ed sv\u00e9 vojensk\u00e9 schopnosti prost\u0159ednictv\u00edm nucen\u00e9 brann\u00e9 povinnosti a p\u0159echodu na v\u00e1le\u010dnou ekonomiku.<\/span><\/p>\n<p><span>To zn\u00ed jako zrada, proto\u017ee to tak je.\u00a0A nen\u00ed to bez precedentu.\u00a0Pokud pochybujete, \u017ee jsou z\u00e1padn\u00ed mocnosti schopny takov\u00e9 zrady, doporu\u010duji vynikaj\u00edc\u00ed knihu \u201e\u00a0<\/span><strong><span>Skryt\u00e1 historie: Tajn\u00fd p\u016fvod prvn\u00ed sv\u011btov\u00e9 v\u00e1lky<\/span><\/strong><span>\u00a0\u201c od Gerryho Dochertyho a Jima Macgregora.<\/span><\/p>\n<div class=\"wp-block-image\">\n<figure class=\"aligncenter size-large\"><img decoding=\"async\" src=\"https:\/\/leohohmann.files.wordpress.com\/2024\/03\/38238acdc4a9585b71d887395ac5031e.jpg?w=800\" alt=\"\" data-recalc-dims=\"1\" \/><\/figure>\n<\/div>\n<p><span>Teze knihy je, \u017ee vnit\u0159n\u00ed kruh nejvy\u0161\u0161\u00ed britsk\u00e9 elity v \u010dele s Nathanielem Rothschildem, kr\u00e1lem Edwardem VII. a lordem Alfredem Milnerem vyu\u017e\u00edval duplicitu, podvod, propagandistickou kampa\u0148 a tajn\u00e9 spojenectv\u00ed k zahn\u00e1n\u00ed n\u011bmeck\u00e9ho c\u00edsa\u0159e do kouta a z\u00e1m\u011brn\u011b k vytvo\u0159en\u00ed v\u00e1le\u010dn\u00e9 pasti.\u00a0Tajn\u00e9 elity vyu\u017eily koupen\u00fd a zaplacen\u00fd britsk\u00fd tisk k rozdm\u00fdch\u00e1v\u00e1n\u00ed nen\u00e1visti v\u016f\u010di N\u011bmc\u016fm a pozd\u011bji je obvi\u0148ovaly z vypuknut\u00ed prvn\u00ed sv\u011btov\u00e9 v\u00e1lky, kdy\u017e ve skute\u010dnosti cel\u00fd ten po\u017e\u00e1r odstartovali Britov\u00e9.\u00a0V\u00e1lky za\u010d\u00ednaj\u00ed, kdy\u017e mocn\u00e9 finan\u010dn\u00ed elity vylou\u010d\u00ed v\u0161echny mo\u017enosti m\u00edru.<\/span><\/p>\n<p><span>Britsk\u00e9 veden\u00ed konzervativn\u00ed i liber\u00e1ln\u00ed strany se ob\u00e1valo, \u017ee N\u011bmecko je na vzestupu a chyst\u00e1 se p\u0159edb\u011bhnout Brit\u00e1nii, pokud jde o jej\u00ed ekonomick\u00fd v\u00fdkon a potenci\u00e1ln\u00ed vojenskou s\u00edlu.\u00a0Muselo to b\u00fdt zastaveno, ale zp\u016fsobem, kter\u00fd zp\u016fsobil, \u017ee Spojen\u00e9 kr\u00e1lovstv\u00ed a jeho spojenci vypadali jako ob\u011bti agresivn\u00edho N\u011bmecka, zat\u00edmco ve skute\u010dnosti N\u011bmecko necht\u011blo v\u00e1lku, jen cht\u011blo roz\u0161\u00ed\u0159it svou ekonomiku.<\/span><\/p>\n<p><span>Dodnes se ka\u017ed\u00fd student na Z\u00e1pad\u011b u\u010d\u00ed, \u017ee N\u011bmecko zah\u00e1jilo prvn\u00ed sv\u011btovou v\u00e1lku.\u00a0Kdy\u017e jde o v\u00e1lku, d\u011bjiny p\u00ed\u0161e v\u00edt\u011bz.\u00a0A v tomto p\u0159\u00edpad\u011b jde o fale\u0161nou historii, kter\u00e1 nyn\u00ed hroz\u00ed, \u017ee se bude opakovat.<\/span><\/p>\n<p><span>Zd\u00e1 se, \u017ee t\u0159et\u00ed sv\u011btov\u00e1 v\u00e1lka se formuje v podstat\u011b stejn\u011b jako prvn\u00ed sv\u011btov\u00e1 v\u00e1lka, ale tentokr\u00e1t to nejsou N\u011bmci, kdo je p\u0159edm\u011btem posedlosti Z\u00e1padu, ale sp\u00ed\u0161e Rusov\u00e9 a pota\u017emo \u010c\u00ed\u0148an\u00e9.\u00a0Tyto dva n\u00e1rody a jejich vedouc\u00ed role ve v\u00fdvoji koalice BRICS p\u0159edstavuj\u00ed hrozbu pro glob\u00e1ln\u00ed ekonomickou dominanci USA. Je t\u0159eba se s nimi vypo\u0159\u00e1dat a r\u00e1zn\u011b se s nimi vypo\u0159\u00e1dat.\u00a0Narativn\u00ed budovu u\u017e m\u016f\u017eete vid\u011bt v z\u00e1padn\u00edch m\u00e9di\u00edch.\u00a0Pokud do sv\u00e9ho obl\u00edben\u00e9ho vyhled\u00e1va\u010de zad\u00e1te \u201e3. sv\u011btov\u00e1 v\u00e1lka za\u010d\u00edn\u00e1 na Ukrajin\u011b\u201c, najdete tuny \u010dl\u00e1nk\u016f o tom, jak \u201eRusko chce rozpoutat t\u0159et\u00ed sv\u011btovou v\u00e1lku\u201c.<\/span><\/p>\n<p><span>Pamatujte, \u017ee jde o stejnou skupinu lid\u00ed, kte\u0159\u00ed podporuj\u00ed tento p\u0159\u00edb\u011bh a kte\u0159\u00ed provedli toxick\u00e1, geneticky modifikovan\u00e1 o\u010dkov\u00e1n\u00ed sv\u00fdm vlastn\u00edm ozbrojen\u00fdm sil\u00e1m a civilist\u016fm.\u00a0Hr\u00fdz\u00e1 je sv\u011bdom\u00ed a jsou na pokraji grandi\u00f3zn\u00edho p\u00e1du.\u00a0Ano, hroz\u00ed p\u00e1d.\u00a0P\u00fdcha p\u0159edch\u00e1z\u00ed p\u00e1d a m\u016f\u017eete vid\u011bt, jak Z\u00e1pad z p\u00fdchy v\u011b\u0159\u00ed, \u017ee m\u016f\u017ee porazit Rusko ve v\u00e1lce, co\u017e je nemo\u017en\u00fd \u00fakol.\u00a0Kdy\u017e NATO a Rusko soupe\u0159\u00ed, nebudou v\u00edt\u011bzov\u00e9.\u00a0N\u00e1rody, kter\u00e9 vlo\u017e\u00ed sv\u00e9 vojensk\u00e9 veden\u00ed do rukou \u017een a transgender lid\u00ed, nemaj\u00ed jako supervelmoc budoucnost a nejsou schopny vyhr\u00e1t v\u00e1lku proti Rusku nebo \u010c\u00edn\u011b.\u00a0A p\u0159esto je to stejn\u00e9 feminizovan\u00e9 veden\u00ed, kter\u00e9 chce vyvolat v\u00e1lku s Ruskem a \u010c\u00ednou.\u00a0Mohu jen \u0159\u00edci: hodn\u011b \u0161t\u011bst\u00ed.<\/span><\/p>\n<p><strong><em>Autor: Leo Hohmann<\/em><\/strong><\/p>\n<\/div>\n<\/div>\n<div class=\"elementor-element elementor-element-8c57238 quelle dc-has-condition dc-condition-empty elementor-widget elementor-widget-heading\" data-id=\"8c57238\" data-element_type=\"widget\" data-widget_type=\"heading.default\">\n<div class=\"elementor-widget-container\">\n<h3 class=\"elementor-heading-title elementor-size-default\"><span style=\"font-size: 10pt;\"><a href=\"https:\/\/leohohmann.com\/2024\/03\/14\/how-nato-powers-are-using-the-u-k-s-world-war-i-model-to-lure-russia-into-the-next-big-global-war\/\" target=\"_blank\" rel=\"nofollow noopener\">ZDROJ<\/a><\/span><\/h3>\n<\/div>\n<\/div>\n","protected":false},"excerpt":{"rendered":"<p>Vnit\u0159n\u00ed kruh britsk\u00e9 nejvy\u0161\u0161\u00ed elity v \u010dele s Nathanielem Rothschildem, kr\u00e1lem Edwardem VII. a lordem&#8230;<\/p>\n","protected":false},"author":2,"featured_media":49520,"comment_status":"closed","ping_status":"closed","sticky":false,"template":"","format":"standard","meta":[],"categories":[7],"tags":[1042,39,22,37,40,303,6955],"_links":{"self":[{"href":"https:\/\/www.infokuryr.cz\/n\/wp-json\/wp\/v2\/posts\/49519"}],"collection":[{"href":"https:\/\/www.infokuryr.cz\/n\/wp-json\/wp\/v2\/posts"}],"about":[{"href":"https:\/\/www.infokuryr.cz\/n\/wp-json\/wp\/v2\/types\/post"}],"author":[{"embeddable":true,"href":"https:\/\/www.infokuryr.cz\/n\/wp-json\/wp\/v2\/users\/2"}],"replies":[{"embeddable":true,"href":"https:\/\/www.infokuryr.cz\/n\/wp-json\/wp\/v2\/comments?post=49519"}],"version-history":[{"count":0,"href":"https:\/\/www.infokuryr.cz\/n\/wp-json\/wp\/v2\/posts\/49519\/revisions"}],"wp:featuredmedia":[{"embeddable":true,"href":"https:\/\/www.infokuryr.cz\/n\/wp-json\/wp\/v2\/media\/49520"}],"wp:attachment":[{"href":"https:\/\/www.infokuryr.cz\/n\/wp-json\/wp\/v2\/media?parent=49519"}],"wp:term":[{"taxonomy":"category","embeddable":true,"href":"https:\/\/www.infokuryr.cz\/n\/wp-json\/wp\/v2\/categories?post=49519"},{"taxonomy":"post_tag","embeddable":true,"href":"https:\/\/www.infokuryr.cz\/n\/wp-json\/wp\/v2\/tags?post=49519"}],"curies":[{"name":"wp","href":"https:\/\/api.w.org\/{rel}","templated":true}]}}