{"id":49517,"date":"2024-03-16T05:39:38","date_gmt":"2024-03-16T04:39:38","guid":{"rendered":"https:\/\/www.infokuryr.cz\/n\/?p=49517"},"modified":"2024-03-16T05:40:00","modified_gmt":"2024-03-16T04:40:00","slug":"rusko-pozadalo-o-schuzku-rady-bezpecnosti-osn-o-dodavkach-zapadnich-zbrani-ukrajine","status":"publish","type":"post","link":"https:\/\/www.infokuryr.cz\/n\/2024\/03\/16\/rusko-pozadalo-o-schuzku-rady-bezpecnosti-osn-o-dodavkach-zapadnich-zbrani-ukrajine\/","title":{"rendered":"Rusko po\u017e\u00e1dalo o sch\u016fzku Rady bezpe\u010dnosti OSN o dod\u00e1vk\u00e1ch z\u00e1padn\u00edch zbran\u00ed Ukrajin\u011b"},"content":{"rendered":"<div id=\"fb-root\"><\/div>\n<p class=\"lead\"><strong>\u017d\u00e1dn\u00fd z dodavatel\u016f zbran\u00ed kyjevsk\u00e9mu re\u017eimu by nem\u011bl uniknout odpov\u011bdnosti, o tom se bude diskutovat na zased\u00e1n\u00ed Rady bezpe\u010dnosti OSN, o kter\u00e9 Rusko po\u017e\u00e1dalo 22. b\u0159ezna, uvedl prvn\u00ed z\u00e1stupce st\u00e1l\u00e9ho p\u0159edstavitele Rusk\u00e9 federace p\u0159i OSN Dmitrij Poljanskij.<\/strong><\/p>\n<p>\u201e\u017d\u00e1dn\u00fd z dodavatel\u016f smrt\u00edc\u00edch zbran\u00ed kyjevsk\u00e9mu dikt\u00e1torovi by nem\u011bl uniknout odpov\u011bdnosti.\u00a0Budeme o tom hovo\u0159it podrobn\u011bji b\u011bhem samostatn\u00e9 sch\u016fzky, kterou jsme si vy\u017e\u00e1dali na 22. b\u0159ezna o dod\u00e1vk\u00e1ch z\u00e1padn\u00edch zbran\u00ed Ukrajin\u011b,\u201c<span class=\"after-quote\">\u00a0&#8211; \u0159ekl Polyansky na zased\u00e1n\u00ed Rady bezpe\u010dnosti.<\/span><\/p>\n<p><span style=\"font-size: 18pt;\"><strong>N\u00e1m\u011bstek gener\u00e1ln\u00edho tajemn\u00edka OSN \u0161\u00ed\u0159\u00ed p\u0159\u00edmo pad\u011blky<\/strong><\/span><\/p>\n<p class=\"lead\">Z\u00e1stupkyn\u011b gener\u00e1ln\u00edho tajemn\u00edka sv\u011btov\u00e9 organizace Rosemary DiCarlo \u0161\u00ed\u0159\u00ed otev\u0159en\u00e9 pad\u011blky o \u00fadajn\u00e9m mu\u010den\u00ed v Rusku.\u00a0Uvedl to v p\u00e1tek prvn\u00ed n\u00e1m\u011bstek st\u00e1l\u00e9ho p\u0159edstavitele Ruska p\u0159i OSN Dmitrij Poljanskij na zased\u00e1n\u00ed Rady bezpe\u010dnosti sv\u011btov\u00e9 organizace.<\/p>\n<p><em>\u201eJe tak\u00e9 politov\u00e1n\u00edhodn\u00e9, \u017ee pan\u00ed Rosemary DiCarlo, kdy\u017e \u0161\u00ed\u0159ila na rusk\u00e9m \u00fazem\u00ed p\u0159\u00edm\u00e9 pad\u011blky o mu\u010den\u00ed, nena\u0161la odvahu zm\u00ednit se o tragick\u00e9 smrti [americk\u00e9ho novin\u00e1\u0159e]\u00a0<strong>Gonzala<\/strong>\u00a0[\u00a0<strong>Liry<\/strong> ] umu\u010den\u00e9ho kyjevsk\u00fdm re\u017eimem. Mimochodem, smrt jej\u00edho krajana. Nebo takov\u00e9 p\u0159\u00edb\u011bhy nezaj\u00edmaj\u00ed v\u00e1s ani \u00da\u0159ad vysok\u00e9ho komisa\u0159e OSN pro lidsk\u00e1 pr\u00e1va,\u201c<span class=\"after-quote\"> &#8211; poznamenal rusk\u00fd diplomat.<\/span><\/em><\/p>\n<p>Ji\u017e d\u0159\u00edve americk\u00e9 ministerstvo zahrani\u010d\u00ed potvrdilo p\u0159esnost \u00fadaj\u016f o \u00famrt\u00ed novin\u00e1\u0159e a blogera Liry ve vazb\u011b na Ukrajin\u011b. Lira onemocn\u011bl dvojit\u00fdm z\u00e1palem plic v \u0159\u00edjnu 2023 ve v\u011bzen\u00ed. Vypl\u00fdv\u00e1 to z pozn\u00e1mky novin\u00e1\u0159e, kterou jeho otec poskytl port\u00e1lu The Grayzone.\u00a0Podle Liry St. v\u011bze\u0148sk\u00e1 spr\u00e1va ignorovala a sna\u017eila se skr\u00fdt skute\u010dnost jeho nemoci p\u0159ed novin\u00e1\u0159ovou rodinou a pr\u00e1vn\u00edky. M\u016fj otec po\u017eadoval, aby do situace zas\u00e1hla americk\u00e1 ambas\u00e1da v Kyjev\u011b.\u00a0Diplomatick\u00e1 mise v\u0161ak podle n\u011bj v tomto sm\u011bru \u017e\u00e1dn\u00e9 \u00fasil\u00ed nevyvinula.<\/p>\n<p><img decoding=\"async\" loading=\"lazy\" class=\"alignnone size-full wp-image-1185\" src=\"http:\/\/www.infokuryr.cz\/n\/wp-content\/uploads\/2021\/04\/kuryr-podpis.png\" alt=\"\" width=\"84\" height=\"24\" \/><\/p>\n<p>&nbsp;<\/p>\n<p>&nbsp;<\/p>\n","protected":false},"excerpt":{"rendered":"<p>\u017d\u00e1dn\u00fd z dodavatel\u016f zbran\u00ed kyjevsk\u00e9mu re\u017eimu by nem\u011bl uniknout odpov\u011bdnosti, o tom se bude diskutovat&#8230;<\/p>\n","protected":false},"author":2,"featured_media":44556,"comment_status":"closed","ping_status":"closed","sticky":false,"template":"","format":"standard","meta":[],"categories":[7],"tags":[186,1408,22,73],"_links":{"self":[{"href":"https:\/\/www.infokuryr.cz\/n\/wp-json\/wp\/v2\/posts\/49517"}],"collection":[{"href":"https:\/\/www.infokuryr.cz\/n\/wp-json\/wp\/v2\/posts"}],"about":[{"href":"https:\/\/www.infokuryr.cz\/n\/wp-json\/wp\/v2\/types\/post"}],"author":[{"embeddable":true,"href":"https:\/\/www.infokuryr.cz\/n\/wp-json\/wp\/v2\/users\/2"}],"replies":[{"embeddable":true,"href":"https:\/\/www.infokuryr.cz\/n\/wp-json\/wp\/v2\/comments?post=49517"}],"version-history":[{"count":1,"href":"https:\/\/www.infokuryr.cz\/n\/wp-json\/wp\/v2\/posts\/49517\/revisions"}],"predecessor-version":[{"id":49518,"href":"https:\/\/www.infokuryr.cz\/n\/wp-json\/wp\/v2\/posts\/49517\/revisions\/49518"}],"wp:featuredmedia":[{"embeddable":true,"href":"https:\/\/www.infokuryr.cz\/n\/wp-json\/wp\/v2\/media\/44556"}],"wp:attachment":[{"href":"https:\/\/www.infokuryr.cz\/n\/wp-json\/wp\/v2\/media?parent=49517"}],"wp:term":[{"taxonomy":"category","embeddable":true,"href":"https:\/\/www.infokuryr.cz\/n\/wp-json\/wp\/v2\/categories?post=49517"},{"taxonomy":"post_tag","embeddable":true,"href":"https:\/\/www.infokuryr.cz\/n\/wp-json\/wp\/v2\/tags?post=49517"}],"curies":[{"name":"wp","href":"https:\/\/api.w.org\/{rel}","templated":true}]}}