{"id":49510,"date":"2024-03-16T04:58:43","date_gmt":"2024-03-16T03:58:43","guid":{"rendered":"https:\/\/www.infokuryr.cz\/n\/?p=49510"},"modified":"2024-03-16T09:22:31","modified_gmt":"2024-03-16T08:22:31","slug":"ivana-turkova-neni-ano-jako-ano","status":"publish","type":"post","link":"https:\/\/www.infokuryr.cz\/n\/2024\/03\/16\/ivana-turkova-neni-ano-jako-ano\/","title":{"rendered":"Ivana Turkov\u00e1: Nen\u00ed ANO, jako ANO"},"content":{"rendered":"<div id=\"fb-root\"><\/div>\n<p><span style=\"font-size: 14pt;\"><strong>V Poslaneck\u00e9 sn\u011bmovn\u011b jsme \u010dasto sv\u011bdky, jak si poslanci za ANO st\u011b\u017euj\u00ed, \u017ee vl\u00e1dn\u00ed p\u011btikoalice s nimi nediskutuje, v\u0161e tla\u010d\u00ed na s\u00edlu svou v\u011bt\u0161inou, poru\u0161uje z\u00e1kon a jednac\u00ed \u0159\u00e1d, nedodr\u017euje p\u0159ipom\u00ednkov\u00e1 m\u00edsta, uml\u010duje opozici, jsou arogantn\u00ed, p\u0159ez\u00edrav\u00ed, opojeni svou moc\u00ed!<\/strong><\/span><\/p>\n<p>Smutn\u00e9 na tom je fakt, \u017ee se komun\u00e1ln\u00ed politici za ANO chovaj\u00ed naprosto stejn\u011b jako vl\u00e1dn\u00ed p\u011btikoalice s jedin\u00fdm rozd\u00edlem, \u017ee u n\u00e1s v Litv\u00ednov\u011b nevl\u00e1dne arogantn\u00ed Mark\u00e9ta Pekarov\u00e1 Adamov\u00e1, ale starostka Kamila Bl\u00e1hov\u00e1, nicm\u00e9n\u011b chov\u00e1n\u00ed stejn\u00e9.<\/p>\n<p>Nebo mo\u017en\u00e1 je\u0161t\u011b hor\u0161\u00ed, proto\u017ee opravdu nev\u00edm, jak by se zachoval pan Babi\u0161, Havl\u00ed\u010dek \u010di pan\u00ed Schillerov\u00e1, kdyby jim vl\u00e1dn\u00ed p\u011btikoalice pod v\u0161echny jejich kritick\u00e9 \u010dl\u00e1nky \u010di p\u0159\u00edsp\u011bvky d\u00e1vala dov\u011btek, \u017ee s jejich v\u00fdroky a n\u00e1zory nesouhlas\u00ed nebo by jim, bez jejich souhlasu, ur\u010ditou \u010d\u00e1st textu odstranili nebo je\u0161t\u011b \u201el\u00e9pe\u201c by jim vyhro\u017eovali, \u017ee pokud neuprav\u00ed text \u010dl\u00e1nku sami dle p\u0159edstav vl\u00e1dn\u00ed p\u011btikoalice, tak cenzorsky zas\u00e1hnou a uprav\u00ed ho sami.<\/p>\n<p><span style=\"font-size: 18pt;\"><strong>P\u0159ijde v\u00e1m to jako sci-fi!<\/strong><\/span><\/p>\n<p>Ne, sci-fi to opravdu nen\u00ed, toto je realita vl\u00e1dnouc\u00ed koalice ANO-SNK ED-KS\u010cM v Litv\u00ednov\u011b.<\/p>\n<p><a href=\"https:\/\/stranapro.cz\/\"><img decoding=\"async\" loading=\"lazy\" class=\"wp-image-40285 aligncenter\" src=\"http:\/\/www.infokuryr.cz\/n\/wp-content\/uploads\/2023\/11\/11pro-300x79.png\" alt=\"\" width=\"684\" height=\"180\" srcset=\"https:\/\/www.infokuryr.cz\/n\/wp-content\/uploads\/2023\/11\/11pro-300x79.png 300w, https:\/\/www.infokuryr.cz\/n\/wp-content\/uploads\/2023\/11\/11pro.png 363w\" sizes=\"(max-width: 684px) 100vw, 684px\" \/><\/a><\/p>\n<p>P\u0159ikl\u00e1d\u00e1m z\u00e1znam z jedn\u00e1n\u00ed Zastupitelstva m\u011bsta a do koment\u00e1\u0159e d\u00e1m doslovn\u00fd p\u0159epis \u010dl\u00e1nku, kter\u00fd jsem cht\u011bla zve\u0159ejnit, abyste si mohli ud\u011blat sami n\u00e1zor, kam jsme se to dopracovali<\/p>\n<p>Totalitn\u00ed man\u00fdry, cenzura jede na pln\u00e9 obr\u00e1tky, a u\u017e opravdu chyb\u00ed jen to komunistick\u00e9 k\u00e1drov\u00e1n\u00ed.<\/p>\n<p>V \u010dl\u00e1nku nejsou \u017e\u00e1dn\u00e9 osobn\u00ed \u00fatoky, ani \u017e\u00e1dn\u00e9 vulg\u00e1rn\u00ed v\u00fdrazy, p\u0159esto druhou \u010d\u00e1st \u010dl\u00e1nku odm\u00edtla radnice zve\u0159ejnit.<\/p>\n<p><span style=\"font-size: 18pt;\"><strong>Posu\u010fte sami\u2026.<\/strong><\/span><\/p>\n<p>S t\u00edm, s \u010d\u00edm m\u00e1 litv\u00ednovsk\u00e9 veden\u00ed radnice za ANO probl\u00e9m, tomu se skute\u010dn\u011b redakto\u0159i ostatn\u00edch periodik sm\u011bj\u00ed a m\u016fj \u010dl\u00e1nek dnes otiskli v pln\u00e9m rozsahu a distribuuj\u00ed do schr\u00e1nek v Litv\u00ednov\u011b.<\/p>\n<p>Vy, kdo m\u011b zn\u00e1te, tak v\u00edte, \u017ee odm\u00edtnut\u00edm nebo slovem ne, to pro mne nekon\u010d\u00ed, ale naopak za\u010d\u00edn\u00e1.<\/p>\n<p>Je mi \u00fapln\u011b jedno, jestli ten boj bude na komun\u00e1ln\u00ed, parlamentn\u00ed nebo evropsk\u00e9 \u00farovni. V\u017edy to bude ve prosp\u011bch ob\u010dan\u016f \u010cR.<\/p>\n<p><span style=\"font-size: 18pt;\"><strong>Proto\u017ee, m\u011b nep\u0159eslechnout, ani neuml\u010d!!!<\/strong><\/span><\/p>\n<p><iframe loading=\"lazy\" title=\"Nen\u00ed ANO jako ANO, aneb litv\u00ednovsk\u00e9 totalitn\u00ed man\u00fdry a cenzura v praxi\" width=\"640\" height=\"480\" src=\"https:\/\/www.youtube.com\/embed\/xBP4SnXyoCM?start=56&#038;feature=oembed\" frameborder=\"0\" allow=\"accelerometer; autoplay; clipboard-write; encrypted-media; gyroscope; picture-in-picture; web-share\" allowfullscreen><\/iframe><\/p>\n<p><strong><em>Ing. Ivana Turkov\u00e1, Ph.D., MBA, zdroj: FB<\/em><\/strong><\/p>\n<p><img decoding=\"async\" loading=\"lazy\" class=\"alignnone wp-image-47634 aligncenter\" src=\"http:\/\/www.infokuryr.cz\/n\/wp-content\/uploads\/2024\/02\/Pozvanka_Praha-_23.3.24-300x229.jpg\" alt=\"\" width=\"734\" height=\"560\" srcset=\"https:\/\/www.infokuryr.cz\/n\/wp-content\/uploads\/2024\/02\/Pozvanka_Praha-_23.3.24-300x229.jpg 300w, https:\/\/www.infokuryr.cz\/n\/wp-content\/uploads\/2024\/02\/Pozvanka_Praha-_23.3.24.jpg 595w\" sizes=\"(max-width: 734px) 100vw, 734px\" \/><\/p>\n<p>&nbsp;<\/p>\n","protected":false},"excerpt":{"rendered":"<p>V Poslaneck\u00e9 sn\u011bmovn\u011b jsme \u010dasto sv\u011bdky, jak si poslanci za ANO st\u011b\u017euj\u00ed, \u017ee vl\u00e1dn\u00ed p\u011btikoalice&#8230;<\/p>\n","protected":false},"author":2,"featured_media":49511,"comment_status":"closed","ping_status":"closed","sticky":false,"template":"","format":"standard","meta":[],"categories":[6],"tags":[159,6965,2255,889,6966],"_links":{"self":[{"href":"https:\/\/www.infokuryr.cz\/n\/wp-json\/wp\/v2\/posts\/49510"}],"collection":[{"href":"https:\/\/www.infokuryr.cz\/n\/wp-json\/wp\/v2\/posts"}],"about":[{"href":"https:\/\/www.infokuryr.cz\/n\/wp-json\/wp\/v2\/types\/post"}],"author":[{"embeddable":true,"href":"https:\/\/www.infokuryr.cz\/n\/wp-json\/wp\/v2\/users\/2"}],"replies":[{"embeddable":true,"href":"https:\/\/www.infokuryr.cz\/n\/wp-json\/wp\/v2\/comments?post=49510"}],"version-history":[{"count":0,"href":"https:\/\/www.infokuryr.cz\/n\/wp-json\/wp\/v2\/posts\/49510\/revisions"}],"wp:featuredmedia":[{"embeddable":true,"href":"https:\/\/www.infokuryr.cz\/n\/wp-json\/wp\/v2\/media\/49511"}],"wp:attachment":[{"href":"https:\/\/www.infokuryr.cz\/n\/wp-json\/wp\/v2\/media?parent=49510"}],"wp:term":[{"taxonomy":"category","embeddable":true,"href":"https:\/\/www.infokuryr.cz\/n\/wp-json\/wp\/v2\/categories?post=49510"},{"taxonomy":"post_tag","embeddable":true,"href":"https:\/\/www.infokuryr.cz\/n\/wp-json\/wp\/v2\/tags?post=49510"}],"curies":[{"name":"wp","href":"https:\/\/api.w.org\/{rel}","templated":true}]}}