{"id":49500,"date":"2024-03-16T00:28:35","date_gmt":"2024-03-15T23:28:35","guid":{"rendered":"https:\/\/www.infokuryr.cz\/n\/?p=49500"},"modified":"2024-03-15T19:32:39","modified_gmt":"2024-03-15T18:32:39","slug":"putin-neonacisticky-kyjevsky-rezim-se-pokusil-narusit-ruske-volby","status":"publish","type":"post","link":"https:\/\/www.infokuryr.cz\/n\/2024\/03\/16\/putin-neonacisticky-kyjevsky-rezim-se-pokusil-narusit-ruske-volby\/","title":{"rendered":"Putin: \u201eNeonacistick\u00fd kyjevsk\u00fd re\u017eim\u201c se pokusil naru\u0161it rusk\u00e9 volby"},"content":{"rendered":"<div id=\"fb-root\"><\/div>\n<p><span style=\"font-size: 18pt;\"><strong>Rusk\u00fd prezident sl\u00edbil odvetu za pokra\u010duj\u00edc\u00ed ukrajinsk\u00e9 \u00fatoky na pohrani\u010dn\u00ed oblasti<\/strong><\/span><\/p>\n<p><span>Pokra\u010duj\u00edc\u00ed ukrajinsk\u00e9 \u00fatoky a \u00fadery na rusk\u00e9 pohrani\u010dn\u00ed regiony maj\u00ed p\u0159edev\u0161\u00edm za c\u00edl naru\u0161it prob\u00edhaj\u00edc\u00ed volby v zemi, prohl\u00e1sil prezident Vladimir Putin.<\/span><\/p>\n<p><span>Prezident to \u0159ekl v p\u00e1tek b\u011bhem setk\u00e1n\u00ed se st\u00e1l\u00fdmi \u010dleny rusk\u00e9 N\u00e1rodn\u00ed bezpe\u010dnostn\u00ed rady.\u00a0Putin odsoudil snahy Kyjeva naru\u0161it prob\u00edhaj\u00edc\u00ed volby a sl\u00edbil odvetu za \u00fatoky.<\/span><\/p>\n<p><span>Aby naru\u0161il volebn\u00ed proces a zastra\u0161il lidi, alespo\u0148 v regionech soused\u00edc\u00edch s Ukrajinou, kyjevsk\u00fd neonacistick\u00fd re\u017eim vymyslel a sna\u017e\u00ed se prov\u00e9st s\u00e9rii\u00a0<\/span><em><span>\u201edemonstrativn\u00edch zlo\u010dinn\u00fdch ozbrojen\u00fdch akc\u00ed,\u201c<\/span><\/em><span>\u00a0uvedl Putin.<\/span><\/p>\n<p><span>Toto \u00fasil\u00ed zahrnuje nep\u0159etr\u017eit\u00e9 bezohledn\u00e9 \u00fatoky bezpilotn\u00edch letoun\u016f a d\u011blost\u0159electva, stejn\u011b jako soust\u0159ed\u011bn\u00e9 \u00fasil\u00ed o prolomen\u00ed hranic zem\u011b, zah\u00e1jen\u00e9 ukrajinsk\u00fdmi silami na za\u010d\u00e1tku tohoto t\u00fddne, vysv\u011btlil prezident a popsal akce Kyjeva jako \u201ez\u00a0<\/span><em><span>vojensk\u00e9ho hlediska nesmysln\u00e9 a z humanit\u00e1rn\u00edho hlediska zlo\u010dinn\u00e9\u201c. .\u201c<\/span><\/em><\/p>\n<p><span>Eskalace m\u016f\u017ee b\u00fdt tak\u00e9 pou\u017eita jako PR trik pro Kyjev, aby uk\u00e1zal ukrajinsk\u00e9 ve\u0159ejnosti a jej\u00edm z\u00e1padn\u00edm podporovatel\u016fm n\u011bjak\u00e9 vojensk\u00e9 zisky, navrhl Putin.\u00a0Pokud jde o snahu zastra\u0161it rusk\u00fd lid, ukrajinsk\u00e9 veden\u00ed nikdy takov\u00e9ho c\u00edle nedos\u00e1hne, p\u0159i\u010dem\u017e lid zem\u011b na takov\u00e9 akce reaguje pouze\u00a0<\/span><em><span>\u201edal\u0161\u00ed konsolidac\u00ed\u201c,<\/span><\/em><span>\u00a0dodal.<\/span><\/p>\n<p><em><span>\u201eDal\u0161\u00edm mo\u017en\u00fdm c\u00edlem takov\u00fdch akc\u00ed je odvr\u00e1tit pozornost vlastn\u00edch lid\u00ed a ve\u0159ejnosti v jin\u00fdch zem\u00edch, kter\u00e9 se kyjevsk\u00fd re\u017eim sna\u017e\u00ed vyprosit o pen\u00edze a v\u0161emo\u017en\u00e9 nad\u00edlky, aby odvr\u00e1til pozornost od skute\u010dn\u00e9 situace na front\u011b. \u201c<\/span><\/em><span>\u00a0\u0159ekl prezident.<\/span><\/p>\n<p><span>Podle odhad\u016f Moskvy ukrajinsk\u00e1 arm\u00e1da nasadila p\u0159es 2 500 voj\u00e1k\u016f, asi 35 tank\u016f a asi 40 dal\u0161\u00edch obrn\u011bn\u00fdch vozidel k \u00fatoku na n\u011bkolik m\u00edst pod\u00e9l hranice, poznamenal Putin.\u00a0V\u0161echny \u00fatoky byly odra\u017eeny, p\u0159i\u010dem\u017e Ukrajinci utrp\u011bli t\u011b\u017ek\u00e9 person\u00e1ln\u00ed a materi\u00e1ln\u00ed ztr\u00e1ty.<\/span><\/p>\n<p><img decoding=\"async\" loading=\"lazy\" class=\"alignnone size-full wp-image-1185\" src=\"http:\/\/www.infokuryr.cz\/n\/wp-content\/uploads\/2021\/04\/kuryr-podpis.png\" alt=\"\" width=\"84\" height=\"24\" \/><\/p>\n<p>&nbsp;<\/p>\n","protected":false},"excerpt":{"rendered":"<p>Rusk\u00fd prezident sl\u00edbil odvetu za pokra\u010duj\u00edc\u00ed ukrajinsk\u00e9 \u00fatoky na pohrani\u010dn\u00ed oblasti Pokra\u010duj\u00edc\u00ed ukrajinsk\u00e9 \u00fatoky a&#8230;<\/p>\n","protected":false},"author":2,"featured_media":49501,"comment_status":"closed","ping_status":"closed","sticky":false,"template":"","format":"standard","meta":[],"categories":[7],"tags":[221,1951,102,27],"_links":{"self":[{"href":"https:\/\/www.infokuryr.cz\/n\/wp-json\/wp\/v2\/posts\/49500"}],"collection":[{"href":"https:\/\/www.infokuryr.cz\/n\/wp-json\/wp\/v2\/posts"}],"about":[{"href":"https:\/\/www.infokuryr.cz\/n\/wp-json\/wp\/v2\/types\/post"}],"author":[{"embeddable":true,"href":"https:\/\/www.infokuryr.cz\/n\/wp-json\/wp\/v2\/users\/2"}],"replies":[{"embeddable":true,"href":"https:\/\/www.infokuryr.cz\/n\/wp-json\/wp\/v2\/comments?post=49500"}],"version-history":[{"count":0,"href":"https:\/\/www.infokuryr.cz\/n\/wp-json\/wp\/v2\/posts\/49500\/revisions"}],"wp:featuredmedia":[{"embeddable":true,"href":"https:\/\/www.infokuryr.cz\/n\/wp-json\/wp\/v2\/media\/49501"}],"wp:attachment":[{"href":"https:\/\/www.infokuryr.cz\/n\/wp-json\/wp\/v2\/media?parent=49500"}],"wp:term":[{"taxonomy":"category","embeddable":true,"href":"https:\/\/www.infokuryr.cz\/n\/wp-json\/wp\/v2\/categories?post=49500"},{"taxonomy":"post_tag","embeddable":true,"href":"https:\/\/www.infokuryr.cz\/n\/wp-json\/wp\/v2\/tags?post=49500"}],"curies":[{"name":"wp","href":"https:\/\/api.w.org\/{rel}","templated":true}]}}