{"id":4945,"date":"2021-09-23T07:55:03","date_gmt":"2021-09-23T05:55:03","guid":{"rendered":"http:\/\/www.infokuryr.cz\/n\/?p=4945"},"modified":"2021-09-23T07:56:06","modified_gmt":"2021-09-23T05:56:06","slug":"4945","status":"publish","type":"post","link":"https:\/\/www.infokuryr.cz\/n\/2021\/09\/23\/4945\/","title":{"rendered":"Jak se va\u0159\u00ed pravda"},"content":{"rendered":"<div id=\"fb-root\"><\/div>\n<p>\u017de to s t\u00edm na\u0161\u00edm \u201ez\u00e1padn\u00edm\u201c sv\u011btem nen\u00ed tak \u00fapln\u011b v po\u0159\u00e1dku, mi za\u010dalo poprv\u00e9 doch\u00e1zet pr\u00e1v\u011b po 11. z\u00e1\u0159\u00ed a pln\u011b jsem to, se v\u0161emi d\u016fsledky, pochopil nyn\u00ed d\u00edky covidu.<br \/>\nRozd\u011blen\u00ed sv\u011bta na dobr\u00e9 a \u0161patn\u00e9 je jen fikce \u2013 ob\u00e1v\u00e1m se, \u017ee jsou jen \u0161patn\u00ed a je\u0161t\u011b hor\u0161\u00ed&#8230;<\/p>\n<p><a name=\"more\"><\/a>Co na tom, \u017ee nikdy na sv\u011bt\u011b nespadl \u017e\u00e1dn\u00fd mrakodrap d\u016fsledkem po\u017e\u00e1ru, co na tom, \u017ee administrativn\u00ed budova \u010d\u00edslo 7 spadla \u201esama\u201c p\u0159esto\u017ee do n\u00ed \u017e\u00e1dn\u00e9 letadlo nikdy nenarazilo, co na tom, \u017ee se budovy samovoln\u011b nehrout\u00ed voln\u00fdm p\u00e1dem.<br \/>\nA jak napsal jeden fyzik &#8211; bu\u010fto m\u00e1 pravdu americk\u00e1 vy\u0161et\u0159ovac\u00ed komise a nebo Newton a jeho z\u00e1kony. Oboj\u00ed prost\u011b mo\u017en\u00e9 nen\u00ed.<br \/>\nP\u0159esto\u017ee existuje nespo\u010det nezvratn\u00fdch d\u016fkaz\u016f, \u017ee se 11. z\u00e1\u0159\u00ed nemohlo odehr\u00e1t tak, jak je ofici\u00e1ln\u011b prezentov\u00e1no, \u017ee existuje n\u011bkolik tis\u00edc architekt\u016f a in\u017een\u00fdr\u016f, kte\u0159\u00ed v\u011bd\u00ed, \u017ee fyzika prost\u011b mus\u00ed platit v\u017edy a pro ka\u017ed\u00e9ho (<a href=\"https:\/\/www.ae911truth.org\/signatures\/#\/AE\/\">https:\/\/www.ae911truth.org\/signatures\/#\/AE\/<\/a>)<br \/>\nP\u0159esto, zaj\u00edm\u00e1 n\u011bkoho hled\u00e1n\u00ed pravdy? Mysl\u00edm, t\u00e9 skute\u010dn\u00e9 a ne t\u00e9 a mainstreamov\u00e9 \u2013 tedy t\u00e9 \u201epovolen\u00e9\u201c?<br \/>\nMysl\u00edm \u017ee ne, proto\u017ee kdyby si j\u00ed \u010dlov\u011bk p\u0159ipustil, siln\u011b by to ot\u0159\u00e1slo cel\u00fdm jeho hodnotov\u00fdm syst\u00e9mem.<\/p>\n<p>S\u00e1m nev\u00edm, kde je ta skute\u010dn\u00e1 pravda, ale v\u00edm, \u017ee v t\u00e9 \u201eofici\u00e1ln\u00ed\u201c n\u011bco stra\u0161liv\u011b smrd\u00ed &#8211; vlastn\u011b je to zcela stejn\u00e1 situace, jako je dnes s covidem.<\/p>\n<p>Mysl\u00edm, \u017ee p\u0159esn\u011b tehdy se tak\u00e9 do ve\u0159ejn\u00e9ho prostoru dostalo, dnes tak obl\u00edben\u00e9 slovo \u201ekonspirace\u201c dnes dopln\u011bn\u00e9 je\u0161t\u011b o slov\u00ed\u010dko \u201edezinformace\u201c. Na druhou stranu, je vlastn\u011b docela humanistick\u00e9, aby nemuseli nositel\u00e9 oponentn\u00ed pravdy mizet, nebo b\u00fdt zab\u00edjeni, prost\u011b se pouze zesm\u011b\u0161n\u00ed a ozna\u010d\u00ed n\u00e1lepkou konspir\u00e1tor. K tomu se do ve\u0159ejn\u00e9ho prostoru z\u00e1m\u011brn\u011b vypust\u00ed p\u00e1r hloupost\u00ed, skute\u010dn\u00fdch l\u017e\u00ed a hoax\u016f a pravda je pak tak zamotan\u00e1, \u017ee nikoho nezaj\u00edm\u00e1 ji hledat a lid\u00e9 rad\u0161i p\u0159ijmou tu obecn\u011b prezentovanou. Je to toti\u017e snaz\u0161\u00ed a hlavn\u011b o tolik pohodln\u011bj\u0161\u00ed.<br \/>\nA jak v\u00edme &#8211; ten, kdo vlastn\u00ed m\u00e9dia, vlastn\u00ed pravdu.<\/p>\n<p>Nev\u011b\u0159\u00edte, \u017ee se p\u0159esn\u011b to stejn\u00e9 d\u011bje pr\u00e1v\u011b te\u010f u n\u00e1s? N\u011bkolik p\u0159\u00edklad\u016f z posledn\u00ed doby, kter\u00e9 jsou jen vrcholkem ledovce.<\/p>\n<p><b>1) Co je na Wikipedii je p\u0159eci pravda&#8230;<br \/>\n<\/b><br \/>\nNejprve je pot\u0159eba se pod\u00edvat, kdo jsou v \u010cesku ti arbit\u0159i pravdy? U n\u00e1s m\u00e1me t\u011bch arbitr\u016f n\u011bkolik.<br \/>\nNap\u0159\u00edklad server Manipulatori.cz je cel\u00fd kompletn\u011b veden jedn\u00edm nedostudovan\u00fdm \u010dlov\u011bkem (Jan Cemper) se st\u0159edn\u00edm technick\u00fdm vzd\u011bl\u00e1n\u00edm, kter\u00fd zcela v\u00e1\u017en\u011b \u201efact-checkuje\u201c v\u011bdeck\u00e9 \u010dl\u00e1nky odborn\u00edk\u016f, l\u00e9ka\u0159\u016f a profesor\u016f z mnoha obor\u016f a tvrd\u00ed na sv\u00e9m serveru, co je a co nen\u00ed pravda.<br \/>\nA dal\u0161\u00ed server (\u010ce\u0161t\u00ed elfov\u00e9) je zase parta anonymn\u00edch student\u016f, u\u010ditel\u016f, hasi\u010d\u016f&#8230; (jak se na sv\u00e9m webu sami prezentuj\u00ed), kte\u0159\u00ed se podepisuj\u00ed anonymn\u011b jako skupina bez jak\u00e9koli odbornosti &#8211; pouze jako fantasy bytosti&#8230;<\/p>\n<p>V tom ale v\u016fbec nen\u00ed probl\u00e9m, je demokracie \u2013 a\u0165 si ka\u017ed\u00fd p\u00ed\u0161e co chce. Probl\u00e9m je pouze v tom, \u017ee tyto organizace z\u00edsk\u00e1vaj\u00ed na svou \u201e\u010dinnost\u201c granty od st\u00e1tu a maj\u00ed smlouvy s Facebookem a dal\u0161\u00edmi organizacemi, aby se na n\u011b tyto organizace odkazovaly a \u0159\u00edkaly, co JE a co NEN\u00cd &#8222;dle odborn\u00edk\u016f&#8220; pravda a tu nepohodlnou mohly mazat a cenzurovat&#8230; A p\u0159esn\u011b tak to tak\u00e9 funguje v zahrani\u010d\u00ed \u2013 pouze jsou tyto organizace daleko sofistikovan\u011bj\u0161\u00ed a ne tak \u010desky u\u0161mudlan\u00e9.<\/p>\n<p>A tyto pochybn\u00e9 str\u00e1nky jsou pak zcela \u00fa\u010delov\u011b pou\u017e\u00edv\u00e1ny i jako zdroje informac\u00ed nap\u0159\u00edklad na Wikipedii. Sta\u010d\u00ed tedy do \u010dl\u00e1nku na Wikipedii napsat, \u017ee ten, \u010di onen sd\u00edl\u00ed hoaxy, a nepravdy, nap\u0159\u00edklad o covidu, odk\u00e1zat se na tyto pochybn\u00e9 servery, jako zdroje a najednou m\u00e1 ten \u010dlov\u011bk \u2013 kter\u00fd je jinak renomovan\u00fd a citovan\u00fd v\u011bdec \u2013 d\u00edky t\u011bmto amat\u00e9rsk\u00fdm nedouk\u016fm n\u00e1lepku \u201edezinform\u00e1tora\u201c a m\u016f\u017ee mu to zni\u010dit i kari\u00e9ru.<br \/>\nNemluv\u011b o ud\u011blov\u00e1n\u00ed v\u0161ech mo\u017en\u00fdch anticen t\u00e9 zaru\u010den\u00e9 PRAVDY&#8230;<\/p>\n<p>Pod\u00edvejte se sami na p\u0159\u00edsp\u011bvky a kam vedou ony citace o dezinformac\u00edch&#8230;<\/p>\n<p><a href=\"https:\/\/cs.wikipedia.org\/wiki\/Jan_Pirk\">https:\/\/cs.wikipedia.org\/wiki\/Jan_Pirk<\/a><br \/>\n<a href=\"https:\/\/cs.wikipedia.org\/wiki\/Ji%C5%99%C3%AD_Beran_(epidemiolog)\">https:\/\/cs.wikipedia.org\/wiki\/Ji\u0159%C3%AD_Beran_(epidemiolog)<\/a><br \/>\n<a href=\"https:\/\/cs.wikipedia.org\/wiki\/So%C5%88a_Pekov%C3%A1\">https:\/\/cs.wikipedia.org\/wiki\/So\u0148a_Pekov\u00e1<\/a><br \/>\n<a href=\"https:\/\/cs.wikipedia.org\/wiki\/Zdrav%C3%A9_f%C3%B3rum\">https:\/\/cs.wikipedia.org\/wiki\/Zdrav\u00e9_f\u00f3rum<\/a><\/p>\n<p>Ano, takto snadn\u00e9 to bohu\u017eel je a tak funguje \u201epravda\u201c na Wikipedii, Facebooku, YouTube&#8230;<br \/>\nNap\u0159\u00edklad zde u\u017e YouTube dokonce cenzuruje i \u010desk\u00e1 m\u00e9dia \u2013 konkr\u00e9tn\u011b po\u0159ad CNN Prima News, kter\u00fd n\u00e1m YouTube na na\u0161em kan\u00e1le ozna\u010dil za dezinformaci a zak\u00e1zal ho.<br \/>\n<a href=\"https:\/\/www.facebook.com\/zdraveforum\/posts\/333225978593947\">https:\/\/www.facebook.com\/zdraveforum\/posts\/333225978593947<\/a><\/p>\n<p>A takov\u00e1 \u201epravda\u201c se d\u00e1 kr\u00e1sn\u011b zneu\u017e\u00edt k tomu, \u017ee u\u017e se pozd\u011bji necenzuruje CO, ale KDO.<br \/>\nNap\u0159\u00edklad tento rozhovor s Danem Landou zmizel z YouTube b\u011bhem 12 minut jako zdravotnick\u00e1 dezinformace \u2013 p\u0159itom on o \u010demkoli medic\u00ednsk\u00e9m ne\u0159ekne ani slovo.<br \/>\n<a href=\"https:\/\/nastub.cz\/w\/3dpDakUKxUjgUaujtEmEQD\">https:\/\/nastub.cz\/w\/3dpDakUKxUjgUaujtEmEQD<\/a><\/p>\n<p><b>2) Neziskovka ud\u011bl\u00e1 \u201enestrann\u00e9\u201c hodnocen\u00ed&#8230;<br \/>\n<\/b><br \/>\nTo se vezme neziskovka a p\u0159iprav\u00ed se hodnocen\u00ed, podle vlastn\u00edch \u201epravidel\u201c \u2013 ve st\u00e1tn\u00edch zak\u00e1zk\u00e1ch se tomu \u0159\u00edk\u00e1 \u201enab\u00eddka u\u0161it\u00e1 na m\u00edru\u201c.<\/p>\n<p>Nap\u0159\u00edklad te\u010f hezky p\u0159ed volbami. Na serveru Rekonstrukce st\u00e1tu, se ud\u011bl\u00e1 takzvan\u00fd volebn\u00ed pr\u016fvodce.<br \/>\n<a href=\"https:\/\/www.volebnipruvodce.cz\/\">https:\/\/www.volebnipruvodce.cz<\/a><\/p>\n<p><img decoding=\"async\" loading=\"lazy\" class=\"\" title=\"\" src=\"https:\/\/blog.aktualne.cz\/media\/623\/20210910-rekonstrukce%20statu%20-%20hodnoceni.png\" alt=\"\" width=\"580\" height=\"580\" \/><\/p>\n<p>Vtipn\u00e9 je, pod\u00edvat se na jednotliv\u00e9 kolonky a jejich zn\u00e1mkov\u00e1n\u00ed.<\/p>\n<p>Zat\u00edmco lockdowny, testy a dal\u0161\u00ed podp\u016frn\u00e9 pir\u00e1tsk\u00e9 covid programy jsou hodnoceny zn\u00e1mkou 1, ukon\u010den\u00ed zbyte\u010dn\u00e9 pandemie, buzerace lid\u00ed, zru\u0161en\u00ed pandemick\u00fdch z\u00e1kon\u016f je zde hodnoceno zn\u00e1mkou 5&#8230; A takto bych mohl pokra\u010dovat na jakoukoli kategorii.<\/p>\n<p>Je to podobn\u00e9 jako u fact-checkingov\u00fdch server\u016f \u2013 JEJICH N\u00c1ZOR je prezentov\u00e1n jako OBECN\u00c1 PRAVDA a zde nav\u00edc je\u0161t\u011b jako v\u00fdzkum.<\/p>\n<p>Lep\u0161\u00ed by bylo, kdyby server p\u0159\u00edmo napsal, koho je PODLE NICH dobr\u00e9 volit a koho ne a k tomu je\u0161t\u011b nezapomenul dodat, kdo tyto neziskovky vlastn\u011b plat\u00ed a pro\u010d to d\u011bl\u00e1&#8230;<\/p>\n<p><b>3) V\u00fdzkumy \u0161it\u00e9 na m\u00edru a jejich dopad ve ve\u0159ejnopr\u00e1vn\u00edm m\u00e9diu<br \/>\n<\/b><br \/>\nVelmi dobr\u00fdm n\u00e1strojem je tak\u00e9 vytvo\u0159en\u00ed si n\u011bjak\u00e9 hranice, do kter\u00e9 budu zv\u00e1t strany nap\u0159\u00edklad do volebn\u00edch debat, kter\u00e9 jsou z medi\u00e1ln\u00edho hlediska pro strany kl\u00ed\u010dov\u00e9. Zat\u00edmco Nova a Prima pozve 8 stran, \u010cesk\u00e1 televize si \u0159ekla, \u017ee pozve jen 7 subjekt\u016f a je\u0161t\u011b se \u0159\u00edd\u00ed op\u011bt vlastn\u00edm v\u00fdzkumem, kter\u00fd si zadala u spole\u010dnosti Kantar.<br \/>\nVtipn\u00e9 je, \u017ee dnes naprosto zdiskreditovan\u00e1 strana Zelen\u00fdch, kter\u00e1 m\u011bla cel\u00e9 l\u00e9to v \u201eb\u011b\u017en\u00fdch\u201c pr\u016fzkumech necel\u00e9 jedno procento, je nyn\u00ed v pr\u016fzkumu prezentov\u00e1na jako strana s kr\u00e1sn\u00fdm \u201evolebn\u00edm potenci\u00e1lem\u201c 7 % a podobn\u011b strana dal\u0161\u00edho \u201ejednoho mu\u017ee\u201c P\u0159\u00edsaha &#8211; 9,5 %. Zat\u00edmco jin\u00e9 strany jsou z\u00e1m\u011brn\u011b podhodnocov\u00e1ny.<\/p>\n<p><img decoding=\"async\" loading=\"lazy\" class=\"\" title=\"\" src=\"https:\/\/blog.aktualne.cz\/media\/623\/20210910-kantar%20-%20CT.jpg\" alt=\"\" width=\"604\" height=\"400\" \/><\/p>\n<p><a href=\"https:\/\/ct24.ceskatelevize.cz\/domaci\/3365720-nejvyssi-volebni-potencial-ma-koalice-spolu-ukazal-odhad-kantar-cz-a-data-collect\">https:\/\/ct24.ceskatelevize.cz\/domaci\/3365720-nejvyssi-volebni-potencial-ma-koalice-spolu-ukazal-odhad-kantar-cz-a-data-collect<\/a><\/p>\n<p>Netu\u0161\u00edm jestli je opravdu v\u0161e jen n\u00e1hoda a jist\u00e9 svaz\u00e1ctv\u00ed lid\u00ed, kte\u0159\u00ed si mysl\u00ed, \u017ee pom\u00e1haj\u00ed, nebo jde skute\u010dn\u011b o tak propracovan\u00fd syst\u00e9m, kter\u00fd se opravdu m\u016f\u017ee sm\u011ble srovn\u00e1vat s mafi\u00ed, kter\u00e1 je\u0161t\u011b sama sebe dokonale kryje a vyd\u00e1v\u00e1 to za demokracii a boj za svobodu.<\/p>\n<p>Mysl\u00edm, \u017ee je na \u010dase, aby se spousta lid\u00ed, kte\u0159\u00ed si naivn\u011b mysl\u00ed \u017ee \u017eij\u00ed v demokratick\u00e9m syst\u00e9mu, v\u00e1\u017en\u011b zamyslela, \u010demu a komu ve skute\u010dnosti slou\u017e\u00ed\u2026<\/p>\n<p><a href=\"https:\/\/blog.aktualne.cz\/blogy\/jan-tomanek.php?itemid=40724\">Jan Tom\u00e1nek<\/a><\/p>\n<p>&nbsp;<\/p>\n","protected":false},"excerpt":{"rendered":"<p>\u017de to s t\u00edm na\u0161\u00edm \u201ez\u00e1padn\u00edm\u201c sv\u011btem nen\u00ed tak \u00fapln\u011b v po\u0159\u00e1dku, mi za\u010dalo poprv\u00e9&#8230;<\/p>\n","protected":false},"author":2,"featured_media":1636,"comment_status":"closed","ping_status":"closed","sticky":false,"template":"","format":"standard","meta":[],"categories":[6],"tags":[28,29,1094,1040],"_links":{"self":[{"href":"https:\/\/www.infokuryr.cz\/n\/wp-json\/wp\/v2\/posts\/4945"}],"collection":[{"href":"https:\/\/www.infokuryr.cz\/n\/wp-json\/wp\/v2\/posts"}],"about":[{"href":"https:\/\/www.infokuryr.cz\/n\/wp-json\/wp\/v2\/types\/post"}],"author":[{"embeddable":true,"href":"https:\/\/www.infokuryr.cz\/n\/wp-json\/wp\/v2\/users\/2"}],"replies":[{"embeddable":true,"href":"https:\/\/www.infokuryr.cz\/n\/wp-json\/wp\/v2\/comments?post=4945"}],"version-history":[{"count":0,"href":"https:\/\/www.infokuryr.cz\/n\/wp-json\/wp\/v2\/posts\/4945\/revisions"}],"wp:featuredmedia":[{"embeddable":true,"href":"https:\/\/www.infokuryr.cz\/n\/wp-json\/wp\/v2\/media\/1636"}],"wp:attachment":[{"href":"https:\/\/www.infokuryr.cz\/n\/wp-json\/wp\/v2\/media?parent=4945"}],"wp:term":[{"taxonomy":"category","embeddable":true,"href":"https:\/\/www.infokuryr.cz\/n\/wp-json\/wp\/v2\/categories?post=4945"},{"taxonomy":"post_tag","embeddable":true,"href":"https:\/\/www.infokuryr.cz\/n\/wp-json\/wp\/v2\/tags?post=4945"}],"curies":[{"name":"wp","href":"https:\/\/api.w.org\/{rel}","templated":true}]}}