{"id":49441,"date":"2024-03-15T07:25:28","date_gmt":"2024-03-15T06:25:28","guid":{"rendered":"https:\/\/www.infokuryr.cz\/n\/?p=49441"},"modified":"2024-03-15T07:25:28","modified_gmt":"2024-03-15T06:25:28","slug":"macron-trump-pravdepodobne-nevyhraje","status":"publish","type":"post","link":"https:\/\/www.infokuryr.cz\/n\/2024\/03\/15\/macron-trump-pravdepodobne-nevyhraje\/","title":{"rendered":"Macron: Trump pravd\u011bpodobn\u011b nevyhraje"},"content":{"rendered":"<div id=\"fb-root\"><\/div>\n<p><span style=\"font-size: 18pt;\"><strong>B\u00fdval\u00fd americk\u00fd prezident nedostane \u0161anci splnit sv\u016fj slib vy\u0159e\u0161it ukrajinsk\u00fd konflikt, domn\u00edv\u00e1 se francouzsk\u00fd v\u016fdce<\/strong><\/span><\/p>\n<p><span>Francouzsk\u00fd prezident Emmanuel Macron na ot\u00e1zku, kdo by mohl potenci\u00e1ln\u011b zprost\u0159edkovat m\u00edrov\u00e1 jedn\u00e1n\u00ed mezi Ruskem a Ukrajinou, vyj\u00e1d\u0159il pochybnost, \u017ee se Donaldu Trumpovi poda\u0159\u00ed zajistit dal\u0161\u00ed funk\u010dn\u00ed obdob\u00ed v B\u00edl\u00e9m dom\u011b.<\/span><\/p>\n<p><span>Macron nazval Moskvu\u00a0<\/span><em><span>\u201eprotivn\u00edkem\u201c,<\/span><\/em><span> ale b\u011bhem \u010dtvrte\u010dn\u00edho rozhovoru s televizemi France 2 a TF1\u00a0se zastavil p\u0159ed t\u00edm, aby ji prohl\u00e1sil za\u00a0<\/span><em><span>\u201enep\u0159\u00edtele\u201c .\u00a0<\/span><\/em><span>Znovu odm\u00edtl vylou\u010dit nasazen\u00ed NATO na Ukrajin\u011b a zopakoval, \u017ee Pa\u0159\u00ed\u017e je p\u0159ipravena u\u010dinit ve\u0161ker\u00e1\u00a0\u00a0<\/span><em><span>\u201erozhodnut\u00ed nezbytn\u00e1 k zabr\u00e1n\u011bn\u00ed v\u00edt\u011bzstv\u00ed Ruska\u201c<\/span><\/em><span>\u00a0\u2013 a poznamenal, \u017ee v tuto chv\u00edli nevid\u00ed \u017e\u00e1dn\u00e9 p\u0159\u00edle\u017eitosti pro jedn\u00e1n\u00ed s Kremlem.<\/span><\/p>\n<p><em><span>&#8222;Jsem absolutn\u011b p\u0159ipraven na diskuse kdykoli, ale pot\u0159ebujeme n\u011bkoho up\u0159\u00edmn\u00e9ho a m\u00edrumilovn\u00e9ho, \u200b\u200baby to ud\u011blal,&#8220;<\/span><\/em><span>\u00a0\u0159ekl Macron a dodal, \u017ee douf\u00e1, \u017ee jednoho dne p\u0159ijde \u010das vyjedn\u00e1vat s rusk\u00fdm prezidentem,\u00a0<\/span><em><span>&#8222;a\u0165 u\u017e to bude kdokoli.&#8220; .\u201c<\/span><\/em><\/p>\n<p><span>Kdy\u017e si tazatel\u00e9 v\u0161imli Macronovo neochoty zapojit se do p\u0159\u00edm\u00e9 komunikace s rusk\u00fdm prezidentem Vladimirem Putinem, zaj\u00edmalo je, zda by Spojen\u00e9 st\u00e1ty mohly takov\u00e9 rozhovory potenci\u00e1ln\u011b zprost\u0159edkovat, zvl\u00e1\u0161t\u011b pokud bude znovu zvolen Donald Trump.<\/span><\/p>\n<p><em><span>&#8222;Pokud jsem informov\u00e1n, nemysl\u00edm si, \u017ee se Donald Trump stane prezidentem Spojen\u00fdch st\u00e1t\u016f,&#8220;\u00a0<\/span><\/em><a href=\"https:\/\/www.youtube.com\/live\/Gdb9L3BBnq0?si=Zz69HxL03DJtbjEF&amp;t=1376\" target=\"_blank\" rel=\"noopener noreferrer\"><span>prohl\u00e1sil<\/span><\/a><span>\u00a0francouzsk\u00fd v\u016fdce\u00a0.\u00a0<\/span><\/p>\n<p><span>Macron z\u00e1rove\u0148 \u0159ekl, \u017ee\u00a0za jeho rozhodnut\u00edm zdr\u017eet se dialogu s Putinem nen\u00ed\u00a0<\/span><em><span>\u201enic osobn\u00edho\u201c .\u00a0<\/span><\/em><em><span>&#8222;Nepochybn\u011b jsem hlavou st\u00e1tu, kter\u00fd s n\u00edm mluvil v\u00edc ne\u017e kdokoli jin\u00fd.&#8220;<\/span><\/em><\/p>\n<p><span>Je\u0161t\u011b v lednu Macron \u0159ekl, \u017ee se vypo\u0159\u00e1d\u00e1 s ka\u017ed\u00fdm, kdo vyhraje volby v USA, a prohl\u00e1sil:\u00a0<\/span><em><span>\u201eV\u017edy jsem m\u011bl stejnou filozofii, beru v\u016fdce, kter\u00e9 mi lid\u00e9 d\u00e1vaj\u00ed.<\/span><\/em><\/p>\n<p><span>Americk\u00fd prezident Joe Biden a b\u00fdval\u00fd prezident Donald Trump jsou p\u0159ipraveni na odvetu v listopadu, p\u0159i\u010dem\u017e ned\u00e1vn\u00e9 pr\u016fzkumy uk\u00e1zaly, \u017ee Trump vede nad sv\u00fdm \u00fa\u0159aduj\u00edc\u00edm rivalem o dva a\u017e dev\u011bt procentn\u00edch bod\u016f.\u00a0Trump sl\u00edbil, \u017ee pokud bude hlasovat zp\u011bt do \u00fa\u0159adu, ukon\u010d\u00ed ukrajinsk\u00fd konflikt\u00a0<\/span><em><span>\u201edo 24 hodin\u201c<\/span><\/em><span>\u00a0\u00a0, ani\u017e by up\u0159esnil, jak lze dos\u00e1hnout m\u00edru.\u00a0Mezit\u00edm se v Rusku tento v\u00edkend konaj\u00ed vlastn\u00ed prezidentsk\u00e9 volby, v nich\u017e Vladimir Putin \u010del\u00ed t\u0159em protikandid\u00e1t\u016fm.<\/span><\/p>\n<p><span style=\"font-size: 10pt;\"><em>SOUBOR FOTO\u00a0\u00a9\u00a0\u00a0Chip Somodevilla \/ Getty Images<\/em><\/span><\/p>\n<p><img decoding=\"async\" loading=\"lazy\" class=\"alignnone size-full wp-image-1185\" src=\"http:\/\/www.infokuryr.cz\/n\/wp-content\/uploads\/2021\/04\/kuryr-podpis.png\" alt=\"\" width=\"84\" height=\"24\" \/><\/p>\n<p>&nbsp;<\/p>\n","protected":false},"excerpt":{"rendered":"<p>B\u00fdval\u00fd americk\u00fd prezident nedostane \u0161anci splnit sv\u016fj slib vy\u0159e\u0161it ukrajinsk\u00fd konflikt, domn\u00edv\u00e1 se francouzsk\u00fd v\u016fdce&#8230;<\/p>\n","protected":false},"author":2,"featured_media":49442,"comment_status":"closed","ping_status":"closed","sticky":false,"template":"","format":"standard","meta":[],"categories":[7],"tags":[1352,1503,307,27],"_links":{"self":[{"href":"https:\/\/www.infokuryr.cz\/n\/wp-json\/wp\/v2\/posts\/49441"}],"collection":[{"href":"https:\/\/www.infokuryr.cz\/n\/wp-json\/wp\/v2\/posts"}],"about":[{"href":"https:\/\/www.infokuryr.cz\/n\/wp-json\/wp\/v2\/types\/post"}],"author":[{"embeddable":true,"href":"https:\/\/www.infokuryr.cz\/n\/wp-json\/wp\/v2\/users\/2"}],"replies":[{"embeddable":true,"href":"https:\/\/www.infokuryr.cz\/n\/wp-json\/wp\/v2\/comments?post=49441"}],"version-history":[{"count":0,"href":"https:\/\/www.infokuryr.cz\/n\/wp-json\/wp\/v2\/posts\/49441\/revisions"}],"wp:featuredmedia":[{"embeddable":true,"href":"https:\/\/www.infokuryr.cz\/n\/wp-json\/wp\/v2\/media\/49442"}],"wp:attachment":[{"href":"https:\/\/www.infokuryr.cz\/n\/wp-json\/wp\/v2\/media?parent=49441"}],"wp:term":[{"taxonomy":"category","embeddable":true,"href":"https:\/\/www.infokuryr.cz\/n\/wp-json\/wp\/v2\/categories?post=49441"},{"taxonomy":"post_tag","embeddable":true,"href":"https:\/\/www.infokuryr.cz\/n\/wp-json\/wp\/v2\/tags?post=49441"}],"curies":[{"name":"wp","href":"https:\/\/api.w.org\/{rel}","templated":true}]}}