{"id":4940,"date":"2021-09-23T07:25:54","date_gmt":"2021-09-23T05:25:54","guid":{"rendered":"http:\/\/www.infokuryr.cz\/n\/?p=4940"},"modified":"2021-09-23T07:25:54","modified_gmt":"2021-09-23T05:25:54","slug":"vernost-evropske-unii-az-za-hrob-je-fetisizmus","status":"publish","type":"post","link":"https:\/\/www.infokuryr.cz\/n\/2021\/09\/23\/vernost-evropske-unii-az-za-hrob-je-fetisizmus\/","title":{"rendered":"V\u011brnost Evropsk\u00e9 unii a\u017e za hrob je feti\u0161izmus"},"content":{"rendered":"<div id=\"fb-root\"><\/div>\n<p>Sou\u010dasn\u00e1 bruselsk\u00e1 skvadra se postarala o demont\u00e1\u017e EU v\u00edce, ne\u017e se o to sna\u017e\u00ed n\u011bkter\u00e9 protiunijn\u00ed strany v \u010dlensk\u00fdch zem\u00edch. Zejm\u00e9na vnucovanou centralizac\u00ed i v bagateln\u00edch v\u011bcech, poru\u010dn\u00edkov\u00e1n\u00edm v\u00fdchodn\u00edm zem\u00edm, a nyn\u00ed svou nejapnost\u00ed narazila na Polsko.<\/p>\n<p>Jen\u017ee &#8222;v\u011brnost Evropsk\u00e9 unii a\u017e za hrob je sv\u00e9ho druhu feti\u0161izmus&#8220; a &#8222;\u00fa\u010dast Polska v\u00a0<strong>EU<\/strong>\u00a0je pot\u0159ebn\u00e1 tak dlouho, jak se to vyplat\u00ed polsk\u00fdm n\u00e1rodn\u00edm z\u00e1jm\u016fm&#8220;, konstatuje polsk\u00fd historik prof. Stanislav \u0179erko. &#8222;Nen\u00ed na tom nic \u0161patn\u00e9ho, kdy\u017e\u00a0<strong>Polsko opust\u00ed jakousi mezin\u00e1rodn\u00ed organizaci<\/strong>, kdy by dal\u0161\u00ed \u010dlenstv\u00ed v\u00fdrazn\u011b po\u0161kozovalo \u017eivotn\u00ed \u00farove\u0148 Pol\u00e1k\u016f&#8220;.\u00a0<em>(&#8222;Nie widz\u0119 niczego z\u0142ego w\u00a0opuszczeniu przez Polsk\u0119 jakiej\u015b organizacji mi\u0119dzynarodowej, gdy np. dalsze cz\u0142onkowsko uderza\u0142oby dotkliwie w\u00a0poziom \u017cycia Polak\u00f3w. Wierno\u015b\u0107 przy UE po\u00a0gr\u00f3b to\u00a0jaki\u015b fetyszyzm&#8220;)<\/em><\/p>\n<p>EU v o\u010d\u00edch Pol\u00e1k\u016f upad\u00e1, a nejsou to jenom oni, kdo ztr\u00e1c\u00ed pro EU nejen entuziasmus, ale i trp\u011blivost. Invektivy, odsudky, peskov\u00e1n\u00ed, a nakonec sankce a pokuty, nen\u00ed n\u011bco, co by Pol\u00e1ci je tak (jako \u010ce\u0161i skousli) a zapomn\u011bli. Brusel v\u011bdom\u011b \u010di nev\u011bdom\u011b p\u0159isp\u00edv\u00e1 k rozdm\u00fdch\u00e1v\u00e1n\u00ed protiz\u00e1padn\u00edch n\u00e1lad, a to v dob\u011b, kdy upad\u00e1 mezin\u00e1rodn\u00ed presti\u017e EU a pot\u0159ebovala (Francie proti USA) by souhru a spole\u010dn\u00fd z\u00e1jem i v\u00fdchodoevropsk\u00fdch zem\u00ed. V Polsku doutn\u00e1 Polexit a Brusel jen p\u0159il\u00e9v\u00e1 olej do ohn\u011b. To vn\u011bj\u0161\u00ed presti\u017ei EU nep\u0159id\u00e1, a je za to n\u011bkdo zodpov\u011bdn\u00fd.<\/p>\n<p>V z\u00e1jmu \u010ceska a jeho pozici by odpov\u00eddalo konflikt moderovat a deeskalovat, ale na to nem\u00e1me st\u00e1tn\u00edky ani politiky, a \u00fa\u0159edn\u00edci sed\u00ed jen za bukem a nebudou si p\u00e1lit prsty.<\/p>\n<p><a href=\"https:\/\/dorzeczy.pl\/opinie\/201841\/prof-stanislaw-zerko-o-polexicie.html\">ZDROJ<\/a><\/p>\n<p>&nbsp;<\/p>\n","protected":false},"excerpt":{"rendered":"<p>Sou\u010dasn\u00e1 bruselsk\u00e1 skvadra se postarala o demont\u00e1\u017e EU v\u00edce, ne\u017e se o to sna\u017e\u00ed n\u011bkter\u00e9&#8230;<\/p>\n","protected":false},"author":2,"featured_media":870,"comment_status":"closed","ping_status":"closed","sticky":false,"template":"","format":"standard","meta":[],"categories":[7],"tags":[41,31],"_links":{"self":[{"href":"https:\/\/www.infokuryr.cz\/n\/wp-json\/wp\/v2\/posts\/4940"}],"collection":[{"href":"https:\/\/www.infokuryr.cz\/n\/wp-json\/wp\/v2\/posts"}],"about":[{"href":"https:\/\/www.infokuryr.cz\/n\/wp-json\/wp\/v2\/types\/post"}],"author":[{"embeddable":true,"href":"https:\/\/www.infokuryr.cz\/n\/wp-json\/wp\/v2\/users\/2"}],"replies":[{"embeddable":true,"href":"https:\/\/www.infokuryr.cz\/n\/wp-json\/wp\/v2\/comments?post=4940"}],"version-history":[{"count":0,"href":"https:\/\/www.infokuryr.cz\/n\/wp-json\/wp\/v2\/posts\/4940\/revisions"}],"wp:featuredmedia":[{"embeddable":true,"href":"https:\/\/www.infokuryr.cz\/n\/wp-json\/wp\/v2\/media\/870"}],"wp:attachment":[{"href":"https:\/\/www.infokuryr.cz\/n\/wp-json\/wp\/v2\/media?parent=4940"}],"wp:term":[{"taxonomy":"category","embeddable":true,"href":"https:\/\/www.infokuryr.cz\/n\/wp-json\/wp\/v2\/categories?post=4940"},{"taxonomy":"post_tag","embeddable":true,"href":"https:\/\/www.infokuryr.cz\/n\/wp-json\/wp\/v2\/tags?post=4940"}],"curies":[{"name":"wp","href":"https:\/\/api.w.org\/{rel}","templated":true}]}}