{"id":49387,"date":"2024-03-15T00:46:49","date_gmt":"2024-03-14T23:46:49","guid":{"rendered":"https:\/\/www.infokuryr.cz\/n\/?p=49387"},"modified":"2024-03-14T15:43:52","modified_gmt":"2024-03-14T14:43:52","slug":"syrska-armada-a-ruska-vojenska-policie-zridily-spolecne-stanoviste-na-fronte-s-izraelem","status":"publish","type":"post","link":"https:\/\/www.infokuryr.cz\/n\/2024\/03\/15\/syrska-armada-a-ruska-vojenska-policie-zridily-spolecne-stanoviste-na-fronte-s-izraelem\/","title":{"rendered":"Syrsk\u00e1 arm\u00e1da a rusk\u00e1 vojensk\u00e1 policie z\u0159\u00eddily spole\u010dn\u00e9 stanovi\u0161t\u011b na front\u011b s Izraelem"},"content":{"rendered":"<div id=\"fb-root\"><\/div>\n<p><strong>Syrsk\u00e1 arabsk\u00e1 arm\u00e1da (SAA) a rusk\u00e1 vojensk\u00e1 policie z\u0159\u00eddily spole\u010dn\u00e9 pozorovac\u00ed stanovi\u0161t\u011b pod\u00e9l fronty s Izraelem okupovan\u00fdmi Golansk\u00fdmi v\u00fd\u0161inami, podle\u00a0<a href=\"https:\/\/t.me\/jharnous\">z\u00e1b\u011br\u016f<\/a>\u00a0, kter\u00e9 se objevily online 13. b\u0159ezna.<\/strong><\/p>\n<p>Toto stanovi\u0161t\u011b bylo zjevn\u011b z\u0159\u00edzeno proto, aby pomohlo deeskalovat nap\u011bt\u00ed na front\u011b, kter\u00e9 vzrostlo po vypuknut\u00ed izraelsk\u00e9 v\u00e1lky v p\u00e1smu Gazy 7. \u0159\u00edjna. Ru\u0161t\u00ed voj\u00e1ci, kte\u0159\u00ed obsluhovali spole\u010dn\u00e9 stanovi\u0161t\u011b, \u00fadajn\u011b p\u0159edt\u00edm slou\u017eili v z\u00f3n\u011b speci\u00e1ln\u00ed vojensk\u00e9 operace na Ukrajin\u011b.<\/p>\n<p><iframe loading=\"lazy\" src=\"https:\/\/s4.cdnstatic.space\/wp-content\/uploads\/2024\/03\/twitsave.com_i4BHsdc18nBwRpfm.mp4\" width=\"600\" height=\"338\" data-mce-fragment=\"1\"><\/iframe><\/p>\n<p>Izrael od vypuknut\u00ed v\u00e1lky v Gaze v\u00fdrazn\u011b eskaloval sv\u00e9 \u00fatoky na S\u00fdrii, p\u0159i\u010dem\u017e se zam\u011b\u0159oval p\u0159edev\u0161\u00edm na m\u00edsta SAA a na person\u00e1l \u00edr\u00e1nsk\u00fdch isl\u00e1msk\u00fdch revolu\u010dn\u00edch gard, libanonsk\u00e9ho Hizball\u00e1hu a dal\u0161\u00edch p\u0159idru\u017een\u00fdch sil.<\/p>\n<p>Jen den p\u0159ed otev\u0159en\u00edm spole\u010dn\u00e9ho syrsko-rusk\u00e9ho stanovi\u0161t\u011b zas\u00e1hly izraelsk\u00e9 obrann\u00e9 s\u00edly (IDF) dv\u011b m\u00edsta SAA na venkov\u011b ji\u017en\u00edho guvernor\u00e1tu al-Qunitra, kde byl \u00fadajn\u011b rozm\u00edst\u011bn person\u00e1l Hizball\u00e1hu.<\/p>\n<p>Rusk\u00e1 vojensk\u00e1 policie za\u010dala zvy\u0161ovat svou p\u0159\u00edtomnost pod\u00e9l golansk\u00e9 fronty loni v prosinci, aby zm\u00edrnila nap\u011bt\u00ed zp\u016fsoben\u00e9 izraelskou v\u00e1lkou v Gaze.\u00a0Na front\u011b za\u010daly pravideln\u011b hl\u00eddkovat i rusk\u00e9 vojensk\u00e9 vrtuln\u00edky.<\/p>\n<p>Rusko je zjevn\u011b znepokojeno eskalac\u00ed Izraele proti S\u00fdrii.\u00a0Zat\u00edmco IDF zat\u00edm omezila sv\u00e9 operace proti zemi na leteck\u00e9 a raketov\u00e9 \u00fatoky, nelze vylou\u010dit mo\u017enost v\u00e1\u017en\u011bj\u0161\u00edho izraelsk\u00e9ho \u00fatoku, jako je omezen\u00fd pozemn\u00ed vp\u00e1d.<\/p>\n<p>V posledn\u00edch m\u011bs\u00edc\u00edch IDF vyhodila do pov\u011bt\u0159\u00ed n\u011bkolik minov\u00fdch pol\u00ed pod\u00e9l golansk\u00e9 fronty.\u00a0Ten nejnov\u011bj\u0161\u00ed byl ve skute\u010dnosti vy\u010di\u0161t\u011bn 12. b\u0159ezna.<\/p>\n<p><iframe loading=\"lazy\" src=\"https:\/\/s4.cdnstatic.space\/wp-content\/uploads\/2024\/03\/twitsave.com_vrq8IHcxrZp6t9BZ.mp4\" width=\"600\" height=\"338\" data-mce-fragment=\"1\"><\/iframe><\/p>\n<p>Izrael zjevn\u011b nedok\u00e1zal porazit hnut\u00ed Ham\u00e1s v Gaze.\u00a0Neda\u0159\u00ed se j\u00ed tak\u00e9 odradit Hizball\u00e1h v Libanonu a nem\u016f\u017ee si dovolit p\u0159\u00edmou konfrontaci s \u00cdr\u00e1nem.\u00a0Tv\u00e1\u0159\u00ed v tv\u00e1\u0159 t\u011bmto ne\u00fasp\u011bch\u016fm mohlo izraelsk\u00e9 veden\u00ed vid\u011bt ve v\u00e1lkou zm\u00edtan\u00e9 S\u00fdrii snadn\u00fd c\u00edl, jak od\u010dinit svou por\u00e1\u017eku.\u00a0To by v\u0161ak byla chyba nem\u00e9n\u011b n\u00e1kladn\u00e1 ne\u017e ty, kter\u00e9 IDF ud\u011blaly v Gaze a Libanonu p\u0159edt\u00edm.<\/p>\n<p><img decoding=\"async\" loading=\"lazy\" class=\"alignnone size-full wp-image-1185\" src=\"http:\/\/www.infokuryr.cz\/n\/wp-content\/uploads\/2021\/04\/kuryr-podpis.png\" alt=\"\" width=\"84\" height=\"24\" \/><\/p>\n<p>&nbsp;<\/p>\n","protected":false},"excerpt":{"rendered":"<p>Syrsk\u00e1 arabsk\u00e1 arm\u00e1da (SAA) a rusk\u00e1 vojensk\u00e1 policie z\u0159\u00eddily spole\u010dn\u00e9 pozorovac\u00ed stanovi\u0161t\u011b pod\u00e9l fronty s&#8230;<\/p>\n","protected":false},"author":2,"featured_media":49388,"comment_status":"closed","ping_status":"closed","sticky":false,"template":"","format":"standard","meta":[],"categories":[7],"tags":[6374,6772,22,147,5135],"_links":{"self":[{"href":"https:\/\/www.infokuryr.cz\/n\/wp-json\/wp\/v2\/posts\/49387"}],"collection":[{"href":"https:\/\/www.infokuryr.cz\/n\/wp-json\/wp\/v2\/posts"}],"about":[{"href":"https:\/\/www.infokuryr.cz\/n\/wp-json\/wp\/v2\/types\/post"}],"author":[{"embeddable":true,"href":"https:\/\/www.infokuryr.cz\/n\/wp-json\/wp\/v2\/users\/2"}],"replies":[{"embeddable":true,"href":"https:\/\/www.infokuryr.cz\/n\/wp-json\/wp\/v2\/comments?post=49387"}],"version-history":[{"count":0,"href":"https:\/\/www.infokuryr.cz\/n\/wp-json\/wp\/v2\/posts\/49387\/revisions"}],"wp:featuredmedia":[{"embeddable":true,"href":"https:\/\/www.infokuryr.cz\/n\/wp-json\/wp\/v2\/media\/49388"}],"wp:attachment":[{"href":"https:\/\/www.infokuryr.cz\/n\/wp-json\/wp\/v2\/media?parent=49387"}],"wp:term":[{"taxonomy":"category","embeddable":true,"href":"https:\/\/www.infokuryr.cz\/n\/wp-json\/wp\/v2\/categories?post=49387"},{"taxonomy":"post_tag","embeddable":true,"href":"https:\/\/www.infokuryr.cz\/n\/wp-json\/wp\/v2\/tags?post=49387"}],"curies":[{"name":"wp","href":"https:\/\/api.w.org\/{rel}","templated":true}]}}