{"id":49378,"date":"2024-03-15T00:41:39","date_gmt":"2024-03-14T23:41:39","guid":{"rendered":"https:\/\/www.infokuryr.cz\/n\/?p=49378"},"modified":"2024-03-14T15:23:32","modified_gmt":"2024-03-14T14:23:32","slug":"valka-na-ukrajine-polsky-premier-oznamil-mimoradny-summit-mezi-francii-nemeckem-a-polskem","status":"publish","type":"post","link":"https:\/\/www.infokuryr.cz\/n\/2024\/03\/15\/valka-na-ukrajine-polsky-premier-oznamil-mimoradny-summit-mezi-francii-nemeckem-a-polskem\/","title":{"rendered":"V\u00e1lka na Ukrajin\u011b: Polsk\u00fd premi\u00e9r ozn\u00e1mil mimo\u0159\u00e1dn\u00fd summit mezi Franci\u00ed, N\u011bmeckem a Polskem"},"content":{"rendered":"<div id=\"fb-root\"><\/div>\n<p><span style=\"font-size: 14pt;\"><strong>Kdy\u017e odch\u00e1zel z B\u00edl\u00e9ho domu, polsk\u00fd premi\u00e9r Donald Tusk ozn\u00e1mil, \u017ee se v p\u00e1tek z\u00fa\u010dastn\u00ed mimo\u0159\u00e1dn\u00e9ho summitu V\u00fdmarsk\u00e9ho troj\u00faheln\u00edku, \u010d\u00edm\u017e rozpoutal z\u00e1plavu spekulac\u00ed o tom, co by toto setk\u00e1n\u00ed mohlo p\u0159in\u00e9st.<\/strong><\/span><\/p>\n<p><span>Polsk\u00fd premi\u00e9r Donald Tusk a polsk\u00fd prezident Andrzej Duda se v \u00fater\u00fd\u00a0u p\u0159\u00edle\u017eitosti 25. v\u00fdro\u010d\u00ed vstupu Polska do NATO\u00a0<\/span><a class=\"ek-link\" href=\"https:\/\/www.rmx.news\/poland\/biden-duda-and-tusk-affirm-strong-us-polish-ties-in-white-house-meeting\/\"><span>setkali v B\u00edl\u00e9m dom\u011b s americk\u00fdm prezidentem Joem Bidenem .\u00a0<\/span><\/a><span>Po sch\u016fzce Tusk ozn\u00e1mil, \u017ee se v p\u00e1tek z\u00fa\u010dastn\u00ed mimo\u0159\u00e1dn\u00e9ho zased\u00e1n\u00ed V\u00fdmarsk\u00e9ho\u00a0<\/span><a class=\"ek-link\" href=\"https:\/\/www.rmx.news\/poland\/poland-shifts-foreign-policy-to-berlin-and-paris\/\"><span>troj\u00faheln\u00edku<\/span><\/a><span>\u00a0, region\u00e1ln\u00edho form\u00e1tu Francie, N\u011bmecka a Polska vytvo\u0159en\u00e9ho v roce 1991. Na summitu budou diskutovat o sou\u010dasn\u00e9m konfliktu na Ukrajin\u011b. a o \u010dem se diskutovalo na setk\u00e1n\u00ed s prezidentem USA.\u00a0<\/span><\/p>\n<p><span>Tusk \u0159ekl, \u017ee sou\u010dasn\u00e1 situace je \u201epln\u00e1 nebezpe\u010d\u00ed\u201c, ale potvrzen\u00ed z\u00e1vazku USA v\u016f\u010di NATO je d\u016fle\u017eit\u00e9 a mus\u00ed \u0159\u00eddit akce n\u00e1rod\u016f ve V\u00fdmarsk\u00e9m troj\u00faheln\u00edku.\u00a0<\/span><\/p>\n<p><span>Podle polsk\u00e9ho premi\u00e9ra \u201ezam\u011b\u0159en\u00ed na tento troj\u00faheln\u00edk \u2013 Pa\u0159\u00ed\u017e, Berl\u00edn a Var\u0161ava \u2013 bude st\u00e1le v\u00edce r\u016fst\u201c.<\/span><\/p>\n<p><span>List Rzeczpospolita zd\u016fraz\u0148uje, \u017ee Polsko bude poprv\u00e9 od vzniku V\u00fdmarsk\u00e9ho troj\u00faheln\u00edku na summitu tohoto form\u00e1tu zastupovat premi\u00e9r, nikoli prezident.<\/span><\/p>\n<p><span>\u201eMacron doraz\u00ed nejprve do n\u011bmeck\u00e9ho hlavn\u00edho m\u011bsta a setk\u00e1 se se Scholzem jeden na jednoho a teprve potom se k nim p\u0159ipoj\u00ed Tusk,\u201c p\u00ed\u0161\u00ed noviny.<\/span><\/p>\n<p><span>Ozn\u00e1men\u00ed vedlo ke spekulac\u00edm, \u017ee informace p\u0159edan\u00e9 Bidenem v B\u00edl\u00e9m dom\u011b byly dostate\u010dn\u011b dramatick\u00e9 na to, aby si vy\u017e\u00e1daly nouzov\u00fd summit, a \u017ee tyto zpr\u00e1vy musely b\u00fdt dostate\u010dn\u011b \u0161okuj\u00edc\u00ed, aby vyvolaly relativn\u00ed m\u00edru jednoty mezi Dudou a Tuskem, kte\u0159\u00ed jsou oba v ho\u0159k\u00fdch konfliktech na dom\u00e1c\u00ed \u00farovni.\u00a0<\/span><\/p>\n<p><span>N\u011bkte\u0159\u00ed spekuluj\u00ed, \u017ee sch\u016fzka je nutn\u00e1 k vy\u0159e\u0161en\u00ed\u00a0<\/span><a class=\"ek-link\" href=\"https:\/\/www.rmx.news\/crime\/israel-and-gazas-bloody-conflict-shows-diversity-is-not-our-strength-and-europeans-should-take-note\/\"><span>nap\u011bt\u00ed mezi N\u011bmeckem a Franci\u00ed<\/span><\/a><span> zp\u016fsoben\u00e9 mimo jin\u00e9 rozpory ohledn\u011b n\u00e1vrhu francouzsk\u00e9ho prezidenta Macrona, aby \u010dlensk\u00e9 st\u00e1ty NATO vyslaly voj\u00e1ky na Ukrajinu na z\u00e1klad\u011b bilater\u00e1ln\u00edch dohod a ohledn\u011b dod\u00e1vky n\u011bmeck\u00fdch Taurus raket dlouh\u00e9ho doletu na Ukrajinu.<\/span><\/p>\n<p><span>Zd\u00e1 se v\u0161ak, \u017ee i v Polsku samotn\u00e9m do\u0161lo k rozd\u00edl\u016fm v n\u00e1zorech na Macron\u016fv n\u00e1vrh, Tusk \u0159ekl, \u017ee Polsko na Ukrajinu nepo\u0161le voj\u00e1ky, a ministr zahrani\u010d\u00ed Rados\u0142aw Sikorski prohl\u00e1sil, \u017ee nen\u00ed nemysliteln\u00e9, aby na Ukrajinu byly vysl\u00e1ny jednotky NATO.\u00a0<\/span><\/p>\n<p><img decoding=\"async\" loading=\"lazy\" class=\"alignnone size-full wp-image-1185\" src=\"http:\/\/www.infokuryr.cz\/n\/wp-content\/uploads\/2021\/04\/kuryr-podpis.png\" alt=\"\" width=\"84\" height=\"24\" \/><\/p>\n<p>&nbsp;<\/p>\n","protected":false},"excerpt":{"rendered":"<p>Kdy\u017e odch\u00e1zel z B\u00edl\u00e9ho domu, polsk\u00fd premi\u00e9r Donald Tusk ozn\u00e1mil, \u017ee se v p\u00e1tek z\u00fa\u010dastn\u00ed&#8230;<\/p>\n","protected":false},"author":2,"featured_media":49379,"comment_status":"closed","ping_status":"closed","sticky":false,"template":"","format":"standard","meta":[],"categories":[7],"tags":[130,84,31,906,6955],"_links":{"self":[{"href":"https:\/\/www.infokuryr.cz\/n\/wp-json\/wp\/v2\/posts\/49378"}],"collection":[{"href":"https:\/\/www.infokuryr.cz\/n\/wp-json\/wp\/v2\/posts"}],"about":[{"href":"https:\/\/www.infokuryr.cz\/n\/wp-json\/wp\/v2\/types\/post"}],"author":[{"embeddable":true,"href":"https:\/\/www.infokuryr.cz\/n\/wp-json\/wp\/v2\/users\/2"}],"replies":[{"embeddable":true,"href":"https:\/\/www.infokuryr.cz\/n\/wp-json\/wp\/v2\/comments?post=49378"}],"version-history":[{"count":0,"href":"https:\/\/www.infokuryr.cz\/n\/wp-json\/wp\/v2\/posts\/49378\/revisions"}],"wp:featuredmedia":[{"embeddable":true,"href":"https:\/\/www.infokuryr.cz\/n\/wp-json\/wp\/v2\/media\/49379"}],"wp:attachment":[{"href":"https:\/\/www.infokuryr.cz\/n\/wp-json\/wp\/v2\/media?parent=49378"}],"wp:term":[{"taxonomy":"category","embeddable":true,"href":"https:\/\/www.infokuryr.cz\/n\/wp-json\/wp\/v2\/categories?post=49378"},{"taxonomy":"post_tag","embeddable":true,"href":"https:\/\/www.infokuryr.cz\/n\/wp-json\/wp\/v2\/tags?post=49378"}],"curies":[{"name":"wp","href":"https:\/\/api.w.org\/{rel}","templated":true}]}}