{"id":49373,"date":"2024-03-15T00:37:16","date_gmt":"2024-03-14T23:37:16","guid":{"rendered":"https:\/\/www.infokuryr.cz\/n\/?p=49373"},"modified":"2024-03-14T14:52:12","modified_gmt":"2024-03-14T13:52:12","slug":"zapad-je-na-ceste-stat-se-neozbrojenym","status":"publish","type":"post","link":"https:\/\/www.infokuryr.cz\/n\/2024\/03\/15\/zapad-je-na-ceste-stat-se-neozbrojenym\/","title":{"rendered":"Z\u00e1pad je na cest\u011b st\u00e1t se neozbrojen\u00fdm"},"content":{"rendered":"<div id=\"fb-root\"><\/div>\n<p><strong><span>Se z\u00e1stupnou v\u00e1lkou na Ukrajin\u011b a dod\u00e1vkami Izraeli pro jeho v\u00e1lku proti Ham\u00e1su roste neschopnost Z\u00e1padu br\u00e1nit se.\u00a0Kdo z toho m\u00e1 nejv\u011bt\u0161\u00ed prosp\u011bch?\u00a0\u010c\u00ednsk\u00e1 lidov\u00e1 republika.\u00a0Zat\u00edmco se z\u00e1padn\u00ed sklady zbran\u00ed a munice vyprazd\u0148uj\u00ed, \u010c\u00ednsk\u00e1 lidov\u00e1 osvobozeneck\u00e1 arm\u00e1da pokra\u010duje ve zbrojen\u00ed.<\/span><\/strong><\/p>\n<p><span>Od rusk\u00e9 invaze na Ukrajinu proudilo ze Z\u00e1padu do b\u00fdval\u00e9 sov\u011btsk\u00e9 republiky obrovsk\u00e9 mno\u017estv\u00ed zbran\u00ed a munice.\u00a0S eskalac\u00ed v p\u00e1smu Gazy po \u00fatoku Hamasu na Izrael se zv\u00fd\u0161il odliv ze Spojen\u00fdch st\u00e1t\u016f a dal\u0161\u00edch zem\u00ed NATO.\u00a0Vzhledem k tomu, \u017ee z\u00e1soby zbran\u00ed a st\u0159eliva v mnoha z t\u011bchto zem\u00ed ji\u017e nebyly optim\u00e1ln\u00ed, schyluje se ke kritick\u00e9 situaci.<\/span><\/p>\n<p><span>Ukrajina nap\u0159\u00edklad zpo\u010d\u00e1tku dost\u00e1vala p\u0159edev\u0161\u00edm star\u00fd a \u010d\u00e1ste\u010dn\u011b vy\u0159azen\u00fd v\u00e1le\u010dn\u00fd materi\u00e1l, ale postupem \u010dasu do\u0161lo i k p\u0159\u00edstupu k modern\u011bj\u0161\u00edm zbra\u0148ov\u00fdm syst\u00e9m\u016fm a je\u0161t\u011b v\u00edce k vyprazd\u0148ov\u00e1n\u00ed z\u00e1padn\u00edch muni\u010dn\u00edch sklad\u016f.\u00a0Ji\u017e v \u010dervenci lo\u0148sk\u00e9ho roku americk\u00e1 televizn\u00ed stanice CNN\u00a0<\/span><a href=\"https:\/\/edition.cnn.com\/2023\/07\/18\/politics\/ukraine-critical-ammo-shortage-us-nato-grapple\/index.html\"><span>uvedla<\/span><\/a><span>\u00a0, \u017ee jak Spojen\u00fdm st\u00e1t\u016fm, tak Evropan\u016fm doch\u00e1z\u00ed v d\u016fsledku dod\u00e1vek na Ukrajinu k \u201ekritick\u00e9 munici\u201c.\u00a0Ale to nen\u00ed v\u0161echno.\u00a0Rusko\u00a0<\/span><a href=\"https:\/\/www.cnn.com\/2024\/03\/10\/politics\/russia-artillery-shell-production-us-europe-ukraine\/index.html\"><span>ro\u010dn\u011b produkuje t\u00e9m\u011b\u0159 t\u0159ikr\u00e1t v\u00edce d\u011blost\u0159eleck\u00fdch gran\u00e1t\u016f,<\/span><\/a><span>\u00a0ne\u017e mohou z\u00e1padn\u00ed zem\u011b poskytnout Ukrajin\u011b samy.\u00a0Zat\u00edmco Rusov\u00e9 mohou ro\u010dn\u011b vyrobit kolem t\u0159\u00ed milion\u016f takov\u00fdch gran\u00e1t\u016f, spole\u010dn\u00e1 kapacita Ameri\u010dan\u016f a Evropan\u016f pro Ukrajinu je pouze 1,2 milionu.<\/span><\/p>\n<p><span>Rusku se na rozd\u00edl od Spojen\u00fdch st\u00e1t\u016f a evropsk\u00fdch zem\u00ed NATO poda\u0159ilo i p\u0159es z\u00e1padn\u00ed sankce roz\u0161\u00ed\u0159it zbrojn\u00ed v\u00fdrobu a v\u00fdrazn\u011b p\u0159ev\u00fd\u0161it kolektivn\u00ed \u00fasil\u00ed kolektivn\u00edho Z\u00e1padu.\u00a0Zd\u00e1 se, \u017ee rusk\u00e1 arm\u00e1da je p\u0159ipravena na komplexn\u00ed ofenzivu koncem tohoto roku.\u00a0U z\u00e1padn\u00edch jednotek je v\u0161ak situace jin\u00e1.\u00a0Navzdory roz\u0161\u00ed\u0159en\u00ed rozpo\u010dt\u016f na obranu sv\u00fdch p\u0159\u00edslu\u0161n\u00fdch vl\u00e1d se v\u011bt\u0161inou pot\u00fdkaj\u00ed s probl\u00e9my s vybaven\u00edm.\u00a0A situace se ka\u017ed\u00fdm m\u011bs\u00edcem, kdy v\u00e1lka na Ukrajin\u011b pokra\u010duje, zhor\u0161uje.<\/span><\/p>\n<p><span>Zat\u00edmco z\u00e1padn\u00ed zbrojn\u00ed pr\u016fmysl m\u016f\u017ee jen st\u011b\u017e\u00ed dr\u017eet krok s p\u0159ich\u00e1zej\u00edc\u00edmi rozkazy, obrann\u00e1 schopnost mnoha arm\u00e1d NATO trp\u00ed.\u00a0Nejde o p\u0159\u00edpravu na v\u00e1lku proti Rusku a\/nebo \u010c\u00edn\u011b (nebo proti \u00cdr\u00e1nu \u010di jin\u00fdm \u201enep\u0159\u00e1tel\u016fm\u201c), ale \u010dist\u011b o klasickou n\u00e1rodn\u00ed obranu.\u00a0Ale to nen\u00ed v\u0161echno.<\/span><\/p>\n<p><span>Tak\u017ee zat\u00edmco hodnoty Z\u00e1padu s pokra\u010duj\u00edc\u00edmi dod\u00e1vkami zbran\u00ed a st\u0159eliva na Ukrajinu sl\u00e1bnou a z\u00e1padn\u00ed zbrojn\u00ed pr\u016fmysl nad\u00e1le prod\u00e1v\u00e1 obrovsk\u00e9 mno\u017estv\u00ed v\u00e1le\u010dn\u00e9ho materi\u00e1lu z\u00e1kazn\u00edk\u016fm na St\u0159edn\u00edm v\u00fdchod\u011b a v dal\u0161\u00edch oblastech sv\u011bta, vid\u00edme, \u017ee ve\u010d\u00edrek se sm\u011bje: \u010c\u00edna.\u00a0Lidov\u00e1 republika pokra\u010duje v modernizaci vlastn\u00ed arm\u00e1dy a ve st\u00e1le v\u00edce oblastech doh\u00e1n\u00ed tu Spojen\u00e9 st\u00e1ty.\u00a0Navzdory mnohem v\u011bt\u0161\u00edmu rozpo\u010dtu NATO na vlastn\u00ed jednotky se \u010c\u00ednsk\u00e1 lidov\u00e1 osvobozeneck\u00e1 arm\u00e1da postupn\u011b st\u00e1v\u00e1 v\u00e1\u017en\u00fdm protivn\u00edkem americk\u00e9 arm\u00e1dy.\u00a0Proto\u017ee pokud nemus\u00edte v\u00e1l\u010dit, m\u016f\u017eete si \u0159\u00e1dn\u011b dopl\u0148ovat sv\u00e9 muni\u010dn\u00ed sklady a z\u00e1rove\u0148 neust\u00e1le roz\u0161i\u0159ovat z\u00e1soby vojensk\u00e9 techniky.<\/span><\/p>\n<p><span>Pokud se Peking rozhodne vojensky dob\u00fdt Tchaj-wan (bu\u010f blok\u00e1dou ostrova, dokud se nevzd\u00e1, nebo prost\u0159ednictv\u00edm invazn\u00edch jednotek), Z\u00e1pad veden\u00fd USA by byl nyn\u00ed v je\u0161t\u011b hor\u0161\u00ed strategick\u00e9 pozici ne\u017e p\u0159ed 2-3 lety.\u00a0A \u010d\u00edm d\u00e9le bude ukrajinsk\u00fd konflikt v\u010detn\u011b dod\u00e1vek zbran\u00ed a munice pokra\u010dovat, t\u00edm siln\u011bj\u0161\u00ed bude \u010d\u00ednsk\u00e1 arm\u00e1da ve srovn\u00e1n\u00ed s arm\u00e1dou Spojen\u00fdch st\u00e1t\u016f a jejich spojenc\u016f.\u00a0A nemluv\u00edme zde o p\u0159ipravenosti k v\u00e1lce, ale jednodu\u0161e o klasick\u00e9 vojensk\u00e9 schopnosti.<\/span><\/p>\n<p><span>Velk\u00fdm probl\u00e9mem je zde p\u0159edev\u0161\u00edm n\u00e1sleduj\u00edc\u00ed: Pokud se NATO ji\u017e nem\u016f\u017ee v p\u0159\u00edpad\u011b nouze konven\u010dn\u011b br\u00e1nit, nen\u00ed daleko od pou\u017eit\u00ed jadern\u00fdch zbran\u00ed&#8230;<\/span><\/p>\n<p><img decoding=\"async\" loading=\"lazy\" class=\"alignnone size-full wp-image-1185\" src=\"http:\/\/www.infokuryr.cz\/n\/wp-content\/uploads\/2021\/04\/kuryr-podpis.png\" alt=\"\" width=\"84\" height=\"24\" \/><\/p>\n<p>&nbsp;<\/p>\n","protected":false},"excerpt":{"rendered":"<p>Se z\u00e1stupnou v\u00e1lkou na Ukrajin\u011b a dod\u00e1vkami Izraeli pro jeho v\u00e1lku proti Ham\u00e1su roste neschopnost&#8230;<\/p>\n","protected":false},"author":2,"featured_media":15552,"comment_status":"closed","ping_status":"closed","sticky":false,"template":"","format":"standard","meta":[],"categories":[7],"tags":[107,26,365,73],"_links":{"self":[{"href":"https:\/\/www.infokuryr.cz\/n\/wp-json\/wp\/v2\/posts\/49373"}],"collection":[{"href":"https:\/\/www.infokuryr.cz\/n\/wp-json\/wp\/v2\/posts"}],"about":[{"href":"https:\/\/www.infokuryr.cz\/n\/wp-json\/wp\/v2\/types\/post"}],"author":[{"embeddable":true,"href":"https:\/\/www.infokuryr.cz\/n\/wp-json\/wp\/v2\/users\/2"}],"replies":[{"embeddable":true,"href":"https:\/\/www.infokuryr.cz\/n\/wp-json\/wp\/v2\/comments?post=49373"}],"version-history":[{"count":0,"href":"https:\/\/www.infokuryr.cz\/n\/wp-json\/wp\/v2\/posts\/49373\/revisions"}],"wp:featuredmedia":[{"embeddable":true,"href":"https:\/\/www.infokuryr.cz\/n\/wp-json\/wp\/v2\/media\/15552"}],"wp:attachment":[{"href":"https:\/\/www.infokuryr.cz\/n\/wp-json\/wp\/v2\/media?parent=49373"}],"wp:term":[{"taxonomy":"category","embeddable":true,"href":"https:\/\/www.infokuryr.cz\/n\/wp-json\/wp\/v2\/categories?post=49373"},{"taxonomy":"post_tag","embeddable":true,"href":"https:\/\/www.infokuryr.cz\/n\/wp-json\/wp\/v2\/tags?post=49373"}],"curies":[{"name":"wp","href":"https:\/\/api.w.org\/{rel}","templated":true}]}}