{"id":49370,"date":"2024-03-15T00:35:04","date_gmt":"2024-03-14T23:35:04","guid":{"rendered":"https:\/\/www.infokuryr.cz\/n\/?p=49370"},"modified":"2024-03-14T14:47:53","modified_gmt":"2024-03-14T13:47:53","slug":"media-taji-vybusne-rozhodnuti-ukrajinskeho-soudu","status":"publish","type":"post","link":"https:\/\/www.infokuryr.cz\/n\/2024\/03\/15\/media-taji-vybusne-rozhodnuti-ukrajinskeho-soudu\/","title":{"rendered":"M\u00e9dia taj\u00ed v\u00fdbu\u0161n\u00e9 rozhodnut\u00ed ukrajinsk\u00e9ho soudu"},"content":{"rendered":"<div id=\"fb-root\"><\/div>\n<div class=\"elementor-element elementor-element-1fb4c2c elementor-widget elementor-widget-theme-post-content\" data-id=\"1fb4c2c\" data-element_type=\"widget\" data-widget_type=\"theme-post-content.default\">\n<div class=\"elementor-widget-container\">\n<p>Ukrajinsk\u00fd soud ned\u00e1vno rozhodl, \u017ee masakr na Majdanu z roku 2014, kter\u00fd vedl ke svr\u017een\u00ed demokraticky zvolen\u00e9ho prorusk\u00e9ho prezidenta Janukovy\u010de, byl operac\u00ed pod fale\u0161nou vlajkou.<\/p>\n<p>Soud rozhodl, \u017ee za masakr, p\u0159i kter\u00e9m bylo zabito asi 100 aktivist\u016f a Janukovy\u010d byl obvin\u011bn ze zm\u011bny re\u017eimu, jsou odpov\u011bdn\u00e9 krajn\u011b pravicov\u00e9 skupiny.<\/p>\n<p>Politolog Iwan Katjanowski z univerzity v Ottaw\u011b se domn\u00edv\u00e1, \u017ee m\u00e9dia toto v\u00fdbu\u0161n\u00e9 odhalen\u00ed z\u00e1m\u011brn\u011b zatajila.<\/p>\n<p>V \u00fanoru 2014 provedli odst\u0159elova\u010di masakr na n\u00e1m\u011bst\u00ed Majdan v Kyjev\u011b.\u00a0Revoluc\u00ed na Majdanu za\u010dala ob\u010dansk\u00e1 v\u00e1lka na v\u00fdchod\u011b Ukrajiny, kterou podporovaly zem\u011b NATO.<\/p>\n<p>Janukovy\u010d\u016fv n\u00e1stupce Poro\u0161enko tvrdil, \u017ee rusk\u00fd prezident Putin na\u0159\u00eddil odst\u0159elova\u010d\u016fm zab\u00edjet demonstranty.\u00a0M\u00e9dia toto tvrzen\u00ed p\u0159evzala.<\/p>\n<p>Profesor Katshanovsky publikoval v\u011bdeckou studii na toto t\u00e9ma.\u00a0K tomu vyhodnotil 1500 vide\u00ed a 5000 fotografi\u00ed.\u00a0Analyzoval tak\u00e9 r\u00e1diovou komunikaci mezi odst\u0159elova\u010di a jejich nad\u0159\u00edzen\u00fdmi, nav\u0161t\u00edvil n\u00e1m\u011bst\u00ed Majdan a vedl rozhovory s demonstranty a vl\u00e1dn\u00edmi \u00fa\u0159edn\u00edky.<\/p>\n<p>Katshanovsky dosp\u011bl k z\u00e1v\u011bru, \u017ee masakr byl operac\u00ed pod fale\u0161nou vlajkou.\u00a0Na\u0161el d\u016fkazy o zapojen\u00ed mimo jin\u00e9 neonacistick\u00fdch hnut\u00ed Prav\u00fd sektor a Swoboda.<\/p>\n<p>Akademick\u00e1 studie m\u00e1 dalekos\u00e1hl\u00e9 d\u016fsledky pro n\u00e1\u0161 pohled na zm\u011bnu re\u017eimu na Ukrajin\u011b, ob\u010danskou v\u00e1lku na v\u00fdchodn\u00ed Ukrajin\u011b, ruskou vojenskou intervenci a mezin\u00e1rodn\u00ed konflikt mezi Z\u00e1padem a Ruskem o Ukrajinu.<\/p>\n<\/div>\n<\/div>\n<div class=\"elementor-element elementor-element-8c57238 quelle dc-has-condition dc-condition-empty elementor-widget elementor-widget-heading\" data-id=\"8c57238\" data-element_type=\"widget\" data-widget_type=\"heading.default\">\n<div class=\"elementor-widget-container\">\n<h3 class=\"elementor-heading-title elementor-size-default\"><span style=\"font-size: 10pt;\"><a href=\"https:\/\/www.youtube.com\/watch?v=mh6RYyhDmqU\" target=\"_blank\" rel=\"nofollow noopener\">ZDROJ<\/a><\/span><\/h3>\n<p>&nbsp;<\/p>\n<\/div>\n<\/div>\n","protected":false},"excerpt":{"rendered":"<p>Ukrajinsk\u00fd soud ned\u00e1vno rozhodl, \u017ee masakr na Majdanu z roku 2014, kter\u00fd vedl ke svr\u017een\u00ed&#8230;<\/p>\n","protected":false},"author":2,"featured_media":26181,"comment_status":"closed","ping_status":"closed","sticky":false,"template":"","format":"standard","meta":[],"categories":[7],"tags":[2046,324,26],"_links":{"self":[{"href":"https:\/\/www.infokuryr.cz\/n\/wp-json\/wp\/v2\/posts\/49370"}],"collection":[{"href":"https:\/\/www.infokuryr.cz\/n\/wp-json\/wp\/v2\/posts"}],"about":[{"href":"https:\/\/www.infokuryr.cz\/n\/wp-json\/wp\/v2\/types\/post"}],"author":[{"embeddable":true,"href":"https:\/\/www.infokuryr.cz\/n\/wp-json\/wp\/v2\/users\/2"}],"replies":[{"embeddable":true,"href":"https:\/\/www.infokuryr.cz\/n\/wp-json\/wp\/v2\/comments?post=49370"}],"version-history":[{"count":0,"href":"https:\/\/www.infokuryr.cz\/n\/wp-json\/wp\/v2\/posts\/49370\/revisions"}],"wp:featuredmedia":[{"embeddable":true,"href":"https:\/\/www.infokuryr.cz\/n\/wp-json\/wp\/v2\/media\/26181"}],"wp:attachment":[{"href":"https:\/\/www.infokuryr.cz\/n\/wp-json\/wp\/v2\/media?parent=49370"}],"wp:term":[{"taxonomy":"category","embeddable":true,"href":"https:\/\/www.infokuryr.cz\/n\/wp-json\/wp\/v2\/categories?post=49370"},{"taxonomy":"post_tag","embeddable":true,"href":"https:\/\/www.infokuryr.cz\/n\/wp-json\/wp\/v2\/tags?post=49370"}],"curies":[{"name":"wp","href":"https:\/\/api.w.org\/{rel}","templated":true}]}}