{"id":49363,"date":"2024-03-14T05:57:04","date_gmt":"2024-03-14T04:57:04","guid":{"rendered":"https:\/\/www.infokuryr.cz\/n\/?p=49363"},"modified":"2024-03-14T05:57:04","modified_gmt":"2024-03-14T04:57:04","slug":"v-kyjeve-a-sesti-regionech-ukrajiny-byl-vyhlasen-letecky-poplach","status":"publish","type":"post","link":"https:\/\/www.infokuryr.cz\/n\/2024\/03\/14\/v-kyjeve-a-sesti-regionech-ukrajiny-byl-vyhlasen-letecky-poplach\/","title":{"rendered":"V Kyjev\u011b a \u0161esti regionech Ukrajiny byl vyhl\u00e1\u0161en leteck\u00fd poplach"},"content":{"rendered":"<div id=\"fb-root\"><\/div>\n<p class=\"lead\"><strong>V Kyjev\u011b a tak\u00e9 v Charkovsk\u00e9, Sumsk\u00e9, Poltavsk\u00e9, Dn\u011bpropetrovsk\u00e9, \u010cernigovsk\u00e9 a Kyjevsk\u00e9 oblasti na Ukrajin\u011b byl vyhl\u00e1\u0161en leteck\u00fd poplach, vypl\u00fdv\u00e1 z \u00fadaj\u016f z online mapy ukrajinsk\u00e9ho ministerstva pro digit\u00e1ln\u00ed transformaci.<\/strong><\/p>\n<p><span>Alarm v oblasti Charkov zn\u00ed od 2:02 evropsk\u00e9ho \u010dasu, v oblasti Sumy &#8211; od 2:47.<\/span><\/p>\n<p><span>V Poltavsk\u00e9 oblasti zazn\u011bl poplach v 5:02, v Dn\u011bpropetrovsk\u00e9 oblasti &#8211; v 5:17, v \u010cernigovsk\u00e9 oblasti &#8211; v 5:18, v Kyjevsk\u00e9 oblasti a v Kyjev\u011b &#8211; v 5:21.<\/span><\/p>\n<p><span>Rusk\u00e9 ozbrojen\u00e9 s\u00edly za\u010daly \u00fadery\u00a0 na ukrajinskou infrastrukturu 10. \u0159\u00edjna 2022, dva dny po teroristick\u00e9m \u00fatoku na Krymsk\u00fd most, kter\u00fd podle rusk\u00fdch \u00fa\u0159ad\u016f st\u00e1l za ukrajinsk\u00fdmi speci\u00e1ln\u00edmi slu\u017ebami. V cel\u00e9 zemi prob\u00edhaj\u00ed \u00fadery proti energetice, obrann\u00e9mu pr\u016fmyslu, vojensk\u00e9mu velitelstv\u00ed a komunika\u010dn\u00edm za\u0159\u00edzen\u00edm. Od t\u00e9 doby jsou v ukrajinsk\u00fdch regionech, n\u011bkdy i v cel\u00e9 zemi, ka\u017ed\u00fd den vyhla\u0161ov\u00e1ny leteck\u00e9 poplachy.\u00a0<\/span><strong><span>Tiskov\u00fd tajemn\u00edk rusk\u00e9ho prezidenta Dmitrij Peskov<\/span><\/strong><span>\u00a0z\u00e1rove\u0148\u00a0uvedl, \u017ee rusk\u00e9 jednotky v boj\u00edch s ukrajinsk\u00fdmi ozbrojen\u00fdmi silami ne\u00fato\u010d\u00ed na obytn\u00e9 budovy a soci\u00e1ln\u00ed infrastrukturu.<\/span><\/p>\n<p><img decoding=\"async\" loading=\"lazy\" class=\"alignnone size-full wp-image-1185\" src=\"http:\/\/www.infokuryr.cz\/n\/wp-content\/uploads\/2021\/04\/kuryr-podpis.png\" alt=\"\" width=\"84\" height=\"24\" \/><\/p>\n","protected":false},"excerpt":{"rendered":"<p>V Kyjev\u011b a tak\u00e9 v Charkovsk\u00e9, Sumsk\u00e9, Poltavsk\u00e9, Dn\u011bpropetrovsk\u00e9, \u010cernigovsk\u00e9 a Kyjevsk\u00e9 oblasti na Ukrajin\u011b&#8230;<\/p>\n","protected":false},"author":2,"featured_media":22281,"comment_status":"closed","ping_status":"closed","sticky":false,"template":"","format":"standard","meta":[],"categories":[7],"tags":[3535,4409,26],"_links":{"self":[{"href":"https:\/\/www.infokuryr.cz\/n\/wp-json\/wp\/v2\/posts\/49363"}],"collection":[{"href":"https:\/\/www.infokuryr.cz\/n\/wp-json\/wp\/v2\/posts"}],"about":[{"href":"https:\/\/www.infokuryr.cz\/n\/wp-json\/wp\/v2\/types\/post"}],"author":[{"embeddable":true,"href":"https:\/\/www.infokuryr.cz\/n\/wp-json\/wp\/v2\/users\/2"}],"replies":[{"embeddable":true,"href":"https:\/\/www.infokuryr.cz\/n\/wp-json\/wp\/v2\/comments?post=49363"}],"version-history":[{"count":0,"href":"https:\/\/www.infokuryr.cz\/n\/wp-json\/wp\/v2\/posts\/49363\/revisions"}],"wp:featuredmedia":[{"embeddable":true,"href":"https:\/\/www.infokuryr.cz\/n\/wp-json\/wp\/v2\/media\/22281"}],"wp:attachment":[{"href":"https:\/\/www.infokuryr.cz\/n\/wp-json\/wp\/v2\/media?parent=49363"}],"wp:term":[{"taxonomy":"category","embeddable":true,"href":"https:\/\/www.infokuryr.cz\/n\/wp-json\/wp\/v2\/categories?post=49363"},{"taxonomy":"post_tag","embeddable":true,"href":"https:\/\/www.infokuryr.cz\/n\/wp-json\/wp\/v2\/tags?post=49363"}],"curies":[{"name":"wp","href":"https:\/\/api.w.org\/{rel}","templated":true}]}}