{"id":4935,"date":"2021-09-23T03:37:53","date_gmt":"2021-09-23T01:37:53","guid":{"rendered":"http:\/\/www.infokuryr.cz\/n\/?p=4935"},"modified":"2021-09-23T03:37:53","modified_gmt":"2021-09-23T01:37:53","slug":"p-c-roberts-indicky-uttarprades-je-diky-ivermectinu-bez-covidu","status":"publish","type":"post","link":"https:\/\/www.infokuryr.cz\/n\/2021\/09\/23\/p-c-roberts-indicky-uttarprades-je-diky-ivermectinu-bez-covidu\/","title":{"rendered":"P.C.Roberts: Indick\u00fd Uttarprad\u00e9\u0161 je d\u00edky Ivermectinu bez Covidu"},"content":{"rendered":"<div id=\"fb-root\"><\/div>\n<p class=\"Standard\">Nejlidnat\u011bj\u0161\u00ed indick\u00fd st\u00e1t Uttarprad\u00e9\u0161 (241 milion\u016f obyvatel, z nich\u017e jen 5,8 procent bylo o\u010dkov\u00e1no), hl\u00e1s\u00ed jako prvn\u00ed indick\u00fd st\u00e1t nulovou nemocnost na Covid, \u010dili stav Covid free.<\/p>\n<p class=\"Textbody\"><a href=\"https:\/\/www.hindustantimes.com\/cities\/lucknow-news\/33-districts-in-uttar-pradesh-are-now-covid-free-state-govt-101631267966925.html\"><span style=\"color: windowtext; text-decoration: none; text-underline: none;\">https:\/\/www.hindustantimes.com\/cities\/lucknow-news\/33-districts-in-uttar-pradesh-are-now-covid-free-state-govt-101631267966925.html<\/span><\/a><\/p>\n<p class=\"Textbody\">Indick\u00e1 vl\u00e1da ozn\u00e1mila, \u017ee za tento \u00fasp\u011bch vd\u011b\u010d\u00ed Uttarprad\u00e9\u0161 i tomu, \u017ee zde byl Ivermectin pou\u017e\u00edv\u00e1n i jako prost\u0159edek prevence.<\/p>\n<p class=\"Textbody\"><a href=\"https:\/\/indianexpress.com\/article\/cities\/lucknow\/uttar-pradesh-government-says-ivermectin-helped-to-keep-deaths-low-7311786\/\"><span style=\"color: windowtext; text-decoration: none; text-underline: none;\">https:\/\/indianexpress.com\/article\/cities\/lucknow\/uttar-pradesh-government-says-ivermectin-helped-to-keep-deaths-low-7311786\/<\/span><\/a><\/p>\n<p class=\"Textbody\">Korup\u010dnick\u00e1 americk\u00e1 m\u00e9dia tuto informaci p\u0159ed sv\u00fdmi ob\u010dany samoz\u0159ejm\u011b zaml\u010dela.<\/p>\n<p class=\"Textbody\"><em>P\u0159eklad: Lubom\u00edr Man<\/em><\/p>\n<p>&nbsp;<\/p>\n","protected":false},"excerpt":{"rendered":"<p>Nejlidnat\u011bj\u0161\u00ed indick\u00fd st\u00e1t Uttarprad\u00e9\u0161 (241 milion\u016f obyvatel, z nich\u017e jen 5,8 procent bylo o\u010dkov\u00e1no), hl\u00e1s\u00ed&#8230;<\/p>\n","protected":false},"author":2,"featured_media":810,"comment_status":"closed","ping_status":"closed","sticky":false,"template":"","format":"standard","meta":[],"categories":[7],"tags":[23,29],"_links":{"self":[{"href":"https:\/\/www.infokuryr.cz\/n\/wp-json\/wp\/v2\/posts\/4935"}],"collection":[{"href":"https:\/\/www.infokuryr.cz\/n\/wp-json\/wp\/v2\/posts"}],"about":[{"href":"https:\/\/www.infokuryr.cz\/n\/wp-json\/wp\/v2\/types\/post"}],"author":[{"embeddable":true,"href":"https:\/\/www.infokuryr.cz\/n\/wp-json\/wp\/v2\/users\/2"}],"replies":[{"embeddable":true,"href":"https:\/\/www.infokuryr.cz\/n\/wp-json\/wp\/v2\/comments?post=4935"}],"version-history":[{"count":0,"href":"https:\/\/www.infokuryr.cz\/n\/wp-json\/wp\/v2\/posts\/4935\/revisions"}],"wp:featuredmedia":[{"embeddable":true,"href":"https:\/\/www.infokuryr.cz\/n\/wp-json\/wp\/v2\/media\/810"}],"wp:attachment":[{"href":"https:\/\/www.infokuryr.cz\/n\/wp-json\/wp\/v2\/media?parent=4935"}],"wp:term":[{"taxonomy":"category","embeddable":true,"href":"https:\/\/www.infokuryr.cz\/n\/wp-json\/wp\/v2\/categories?post=4935"},{"taxonomy":"post_tag","embeddable":true,"href":"https:\/\/www.infokuryr.cz\/n\/wp-json\/wp\/v2\/tags?post=4935"}],"curies":[{"name":"wp","href":"https:\/\/api.w.org\/{rel}","templated":true}]}}