{"id":49295,"date":"2024-03-14T00:35:19","date_gmt":"2024-03-13T23:35:19","guid":{"rendered":"https:\/\/www.infokuryr.cz\/n\/?p=49295"},"modified":"2024-03-13T15:56:16","modified_gmt":"2024-03-13T14:56:16","slug":"prezident-svetove-banky-vyzyva-vlady-aby-prijaly-digitalni-id-a-spolupracovaly-se-soukromym-sektorem","status":"publish","type":"post","link":"https:\/\/www.infokuryr.cz\/n\/2024\/03\/14\/prezident-svetove-banky-vyzyva-vlady-aby-prijaly-digitalni-id-a-spolupracovaly-se-soukromym-sektorem\/","title":{"rendered":"Prezident Sv\u011btov\u00e9 banky vyz\u00fdv\u00e1 vl\u00e1dy, aby p\u0159ijaly digit\u00e1ln\u00ed ID a spolupracovaly se soukrom\u00fdm sektorem"},"content":{"rendered":"<div id=\"fb-root\"><\/div>\n<div class=\"elementor-element elementor-element-1fb4c2c elementor-widget elementor-widget-theme-post-content\" data-id=\"1fb4c2c\" data-element_type=\"widget\" data-widget_type=\"theme-post-content.default\">\n<div class=\"elementor-widget-container\">\n<p><span>Prezident Sv\u011btov\u00e9 banky vyz\u00fdv\u00e1 vl\u00e1dy, aby p\u0159ijaly syst\u00e9my digit\u00e1ln\u00ed identity a propojily je se soukrom\u00fdm sektorem a st\u00e1vaj\u00edc\u00ed infrastrukturou.<\/span><\/p>\n<p><span>Prezident Sv\u011btov\u00e9 banky Ajay Banga ve sv\u00e9m projevu na prvn\u00edm glob\u00e1ln\u00edm digit\u00e1ln\u00edm summitu skupiny Sv\u011btov\u00e9 banky minul\u00fd t\u00fdden \u0159ekl, \u017ee syst\u00e9my digit\u00e1ln\u00ed identity by m\u011bly b\u00fdt zavedeny glob\u00e1ln\u011b a vl\u00e1dy by je m\u011bly vlastnit, aby zajistily soukrom\u00ed a bezpe\u010dnost sv\u00fdch ob\u010dan\u016f.<\/span><\/p>\n<p><span>Jakmile bude digit\u00e1ln\u00ed identita dostupn\u00e1 v\u0161em, lze ji podle Bangy propojit se st\u00e1vaj\u00edc\u00ed infrastrukturou soukrom\u00fdch spole\u010dnost\u00ed.<\/span><\/p>\n<p><span>\u201eVytvo\u0159en\u00ed platformy digit\u00e1ln\u00ed identity pro ob\u010dany je z\u00e1sadn\u00ed a v\u011b\u0159\u00edm, \u017ee vl\u00e1da by m\u011bla vlastnit digit\u00e1ln\u00ed identitu, nikoli soukrom\u00e9 spole\u010dnosti,\u201c \u0159ekl prezident Sv\u011btov\u00e9 banky a dodal: \u201eJe spole\u010denskou smlouvou ob\u010dan\u016f jejich zem\u00ed m\u00edt identitu, m\u011bnu a bezpe\u010dnost.\u00a0Nem\u011bli bychom jim to br\u00e1t.&#8220;<\/span><\/p>\n<div class=\"twitter-tweet twitter-tweet-rendered\"><iframe id=\"twitter-widget-0\" class=\"\" title=\"X Post\" src=\"https:\/\/platform.twitter.com\/embed\/Tweet.html?creatorScreenName=uncutnewsCH&amp;dnt=false&amp;embedId=twitter-widget-0&amp;features=eyJ0ZndfdGltZWxpbmVfbGlzdCI6eyJidWNrZXQiOltdLCJ2ZXJzaW9uIjpudWxsfSwidGZ3X2ZvbGxvd2VyX2NvdW50X3N1bnNldCI6eyJidWNrZXQiOnRydWUsInZlcnNpb24iOm51bGx9LCJ0ZndfdHdlZXRfZWRpdF9iYWNrZW5kIjp7ImJ1Y2tldCI6Im9uIiwidmVyc2lvbiI6bnVsbH0sInRmd19yZWZzcmNfc2Vzc2lvbiI6eyJidWNrZXQiOiJvbiIsInZlcnNpb24iOm51bGx9LCJ0ZndfZm9zbnJfc29mdF9pbnRlcnZlbnRpb25zX2VuYWJsZWQiOnsiYnVja2V0Ijoib24iLCJ2ZXJzaW9uIjpudWxsfSwidGZ3X21peGVkX21lZGlhXzE1ODk3Ijp7ImJ1Y2tldCI6InRyZWF0bWVudCIsInZlcnNpb24iOm51bGx9LCJ0ZndfZXhwZXJpbWVudHNfY29va2llX2V4cGlyYXRpb24iOnsiYnVja2V0IjoxMjA5NjAwLCJ2ZXJzaW9uIjpudWxsfSwidGZ3X3Nob3dfYmlyZHdhdGNoX3Bpdm90c19lbmFibGVkIjp7ImJ1Y2tldCI6Im9uIiwidmVyc2lvbiI6bnVsbH0sInRmd19kdXBsaWNhdGVfc2NyaWJlc190b19zZXR0aW5ncyI6eyJidWNrZXQiOiJvbiIsInZlcnNpb24iOm51bGx9LCJ0ZndfdXNlX3Byb2ZpbGVfaW1hZ2Vfc2hhcGVfZW5hYmxlZCI6eyJidWNrZXQiOiJvbiIsInZlcnNpb24iOm51bGx9LCJ0ZndfdmlkZW9faGxzX2R5bmFtaWNfbWFuaWZlc3RzXzE1MDgyIjp7ImJ1Y2tldCI6InRydWVfYml0cmF0ZSIsInZlcnNpb24iOm51bGx9LCJ0ZndfbGVnYWN5X3RpbWVsaW5lX3N1bnNldCI6eyJidWNrZXQiOnRydWUsInZlcnNpb24iOm51bGx9LCJ0ZndfdHdlZXRfZWRpdF9mcm9udGVuZCI6eyJidWNrZXQiOiJvbiIsInZlcnNpb24iOm51bGx9fQ%3D%3D&amp;frame=false&amp;hideCard=false&amp;hideThread=false&amp;id=1767265716862845141&amp;lang=cs&amp;origin=https%3A%2F%2Funcutnews.ch%2Fpraesident-der-weltbank-ruft-regierungen-zur-einfuehrung-digitaler-ids-und-zur-zusammenarbeit-mit-dem-privatsektor-auf%2F&amp;sessionId=1ba5ef96936e0ff07d227a493bc8b1d48419b3e9&amp;theme=light&amp;widgetsVersion=2615f7e52b7e0%3A1702314776716&amp;width=550px\" frameborder=\"0\" scrolling=\"no\" allowfullscreen=\"allowfullscreen\" data-tweet-id=\"1767265716862845141\" data-mce-fragment=\"1\"><\/iframe><\/div>\n<p><em><span>\u201eM\u011bli byste m\u00edt digit\u00e1ln\u00ed identitu;\u00a0tato digit\u00e1ln\u00ed identita by m\u011bla zaru\u010dit soukrom\u00ed ob\u010dana;\u00a0m\u011blo by mu to pomoci s jeho bezpe\u010dnost\u00ed, ale vl\u00e1da by mu m\u011bla poskytnout identitu.\u201c<\/span><\/em><\/p>\n<p><span>\u201eJakmile to ud\u011bl\u00e1te a p\u0159ipoj\u00edte to k infrastruktu\u0159e soukrom\u00e9 spole\u010dnosti, a\u0165 u\u017e Ericsson nebo Verizon, nebo jejich kombinaci \u2013 v\u011bt\u0161inou je to kombinace \u2013, pak vyvst\u00e1v\u00e1 ot\u00e1zka: \u201eCo s t\u00edm ud\u011bl\u00e1te, kdy\u017e m\u00e1te digit\u00e1ln\u00ed identitu? \u201epot\u0159ebujete\u201c, abyste se mohli spojit s ob\u010danem.\u201c<\/span><\/p>\n<p><span>Pro Bangu a dal\u0161\u00ed nevolen\u00e9 globalisty je digit\u00e1ln\u00ed identita kl\u00ed\u010dem k p\u0159\u00edstupu ke zbo\u017e\u00ed a slu\u017eb\u00e1m prost\u0159ednictv\u00edm partnerstv\u00ed ve\u0159ejn\u00e9ho a soukrom\u00e9ho sektoru \u2013 slou\u010den\u00ed obchodu a st\u00e1tu.<\/span><\/p>\n<p><span>Jakmile vl\u00e1dy zavedou sv\u00e9 syst\u00e9my digit\u00e1ln\u00ed identity, m\u011bly by b\u00fdt propojeny se soukrom\u00fdmi spole\u010dnostmi a existuj\u00edc\u00ed infrastrukturou, \u0159ekl prezident Sv\u011btov\u00e9 banky.<\/span><\/p>\n<p><span>\u201eNyn\u00ed jde o spojen\u00ed s ob\u010dany a zaji\u0161t\u011bn\u00ed toho, aby vl\u00e1dy zaru\u010dily soukrom\u00ed ob\u010dan\u016f,\u201c \u0159ekl Banga.<\/span><\/p>\n<p><span>&#8222;Proto\u017ee pokud to neud\u011bl\u00e1te, budete m\u00edt probl\u00e9my s p\u0159ijet\u00edm my\u0161lenky.&#8220;<\/span><\/p>\n<p><span>&#8222;Tak\u017ee pokud chcete, aby to bylo p\u0159ijato glob\u00e1ln\u011b, mus\u00edte vytvo\u0159it infrastrukturu, zav\u00e9st digit\u00e1ln\u00ed ID a j\u00edt odtud,&#8220; dodal.<\/span><\/p>\n<div class=\"wp-block-image\" style=\"text-align: center;\">\n<figure class=\"aligncenter size-large\"><img decoding=\"async\" loading=\"lazy\" class=\"aligncenter\" src=\"https:\/\/i0.wp.com\/sociable.co\/wp-content\/uploads\/2022\/02\/Digital-Identity-Chart.png?w=800&amp;ssl=1\" alt=\"\" width=\"775\" height=\"781\" data-recalc-dims=\"1\" \/><figcaption class=\"wp-element-caption\"><em><strong>Sv\u011btov\u00e9 ekonomick\u00e9 f\u00f3rum<\/strong><\/em><\/figcaption><\/figure>\n<\/div>\n<p><span>Jakmile je digit\u00e1ln\u00ed identita nasazena a p\u0159ipojena k ve\u0159ejno-soukrom\u00e9 infrastruktu\u0159e, lze na n\u00ed stav\u011bt v\u0161e ostatn\u00ed, v\u010detn\u011b p\u0159\u00edstupu k finan\u010dn\u00edm slu\u017eb\u00e1m, poji\u0161t\u011bn\u00ed, zdravotn\u00ed p\u00e9\u010di, vzd\u011bl\u00e1v\u00e1n\u00ed a zakl\u00e1d\u00e1n\u00ed podnik\u016f \u2013 to v\u0161e by digit\u00e1ln\u00ed identitu vy\u017eadovalo.<\/span><\/p>\n<p><span>Slova prezidenta Sv\u011btov\u00e9 banky odr\u00e1\u017eej\u00ed slova indick\u00e9ho architekta digit\u00e1ln\u00edho ID Nandana Nilekaniho, kter\u00fd loni na jarn\u00edm zased\u00e1n\u00ed Mezin\u00e1rodn\u00edho m\u011bnov\u00e9ho fondu (MMF) \u0159ekl: \u201ePokud zv\u00e1\u017e\u00edte, jak\u00e9 jsou n\u00e1stroje Nov\u00e9ho sv\u011bta, pak by ka\u017ed\u00fd m\u011bl m\u00edt digit\u00e1ln\u00ed ID. , ka\u017ed\u00fd by m\u011bl m\u00edt bankovn\u00ed \u00fa\u010det, ka\u017ed\u00fd by m\u011bl m\u00edt chytr\u00fd telefon.<\/span><\/p>\n<p><span>&#8222;Pak m\u016f\u017ee\u0161 d\u011blat cokoliv.&#8220;\u00a0V\u0161echno ostatn\u00ed na tom stav\u00ed.&#8220;<\/span><\/p>\n<div class=\"twitter-tweet twitter-tweet-rendered\"><iframe id=\"twitter-widget-1\" class=\"\" title=\"X Post\" src=\"https:\/\/platform.twitter.com\/embed\/Tweet.html?creatorScreenName=uncutnewsCH&amp;dnt=false&amp;embedId=twitter-widget-1&amp;features=eyJ0ZndfdGltZWxpbmVfbGlzdCI6eyJidWNrZXQiOltdLCJ2ZXJzaW9uIjpudWxsfSwidGZ3X2ZvbGxvd2VyX2NvdW50X3N1bnNldCI6eyJidWNrZXQiOnRydWUsInZlcnNpb24iOm51bGx9LCJ0ZndfdHdlZXRfZWRpdF9iYWNrZW5kIjp7ImJ1Y2tldCI6Im9uIiwidmVyc2lvbiI6bnVsbH0sInRmd19yZWZzcmNfc2Vzc2lvbiI6eyJidWNrZXQiOiJvbiIsInZlcnNpb24iOm51bGx9LCJ0ZndfZm9zbnJfc29mdF9pbnRlcnZlbnRpb25zX2VuYWJsZWQiOnsiYnVja2V0Ijoib24iLCJ2ZXJzaW9uIjpudWxsfSwidGZ3X21peGVkX21lZGlhXzE1ODk3Ijp7ImJ1Y2tldCI6InRyZWF0bWVudCIsInZlcnNpb24iOm51bGx9LCJ0ZndfZXhwZXJpbWVudHNfY29va2llX2V4cGlyYXRpb24iOnsiYnVja2V0IjoxMjA5NjAwLCJ2ZXJzaW9uIjpudWxsfSwidGZ3X3Nob3dfYmlyZHdhdGNoX3Bpdm90c19lbmFibGVkIjp7ImJ1Y2tldCI6Im9uIiwidmVyc2lvbiI6bnVsbH0sInRmd19kdXBsaWNhdGVfc2NyaWJlc190b19zZXR0aW5ncyI6eyJidWNrZXQiOiJvbiIsInZlcnNpb24iOm51bGx9LCJ0ZndfdXNlX3Byb2ZpbGVfaW1hZ2Vfc2hhcGVfZW5hYmxlZCI6eyJidWNrZXQiOiJvbiIsInZlcnNpb24iOm51bGx9LCJ0ZndfdmlkZW9faGxzX2R5bmFtaWNfbWFuaWZlc3RzXzE1MDgyIjp7ImJ1Y2tldCI6InRydWVfYml0cmF0ZSIsInZlcnNpb24iOm51bGx9LCJ0ZndfbGVnYWN5X3RpbWVsaW5lX3N1bnNldCI6eyJidWNrZXQiOnRydWUsInZlcnNpb24iOm51bGx9LCJ0ZndfdHdlZXRfZWRpdF9mcm9udGVuZCI6eyJidWNrZXQiOiJvbiIsInZlcnNpb24iOm51bGx9fQ%3D%3D&amp;frame=false&amp;hideCard=false&amp;hideThread=false&amp;id=1648733976687673362&amp;lang=cs&amp;origin=https%3A%2F%2Funcutnews.ch%2Fpraesident-der-weltbank-ruft-regierungen-zur-einfuehrung-digitaler-ids-und-zur-zusammenarbeit-mit-dem-privatsektor-auf%2F&amp;sessionId=1ba5ef96936e0ff07d227a493bc8b1d48419b3e9&amp;theme=light&amp;widgetsVersion=2615f7e52b7e0%3A1702314776716&amp;width=550px\" frameborder=\"0\" scrolling=\"no\" allowfullscreen=\"allowfullscreen\" data-tweet-id=\"1648733976687673362\" data-mce-fragment=\"1\"><\/iframe><\/div>\n<p><span>Nilekani je siln\u00fdm zast\u00e1ncem digit\u00e1ln\u00ed ve\u0159ejn\u00e9 infrastruktury (DPI), kter\u00e1 se skl\u00e1d\u00e1 ze t\u0159\u00ed slo\u017eek: digit\u00e1ln\u00ed identity, digit\u00e1ln\u00edch platebn\u00edch syst\u00e9m\u016f a hromadn\u00e9 v\u00fdm\u011bny dat.<\/span><\/p>\n<p><span>V lo\u0148sk\u00e9m prohl\u00e1\u0161en\u00ed indick\u00fdch v\u016fdc\u016f na summitu G20 st\u00e1lo: \u201ePodporujeme dobrovoln\u00e1 a nez\u00e1vazn\u00e1 politick\u00e1 doporu\u010den\u00ed G20 na podporu finan\u010dn\u00edho za\u010dlen\u011bn\u00ed a zv\u00fd\u0161en\u00ed produktivity prost\u0159ednictv\u00edm digit\u00e1ln\u00ed ve\u0159ejn\u00e9 infrastruktury.\u00a0Bereme na v\u011bdom\u00ed, \u017ee digit\u00e1ln\u00ed ve\u0159ejn\u00e1 infrastruktura hraje d\u016fle\u017eitou roli p\u0159i podpo\u0159e finan\u010dn\u00edho za\u010dle\u0148ov\u00e1n\u00ed na podporu inkluzivn\u00edho r\u016fstu a udr\u017eiteln\u00e9ho rozvoje.\u201c<\/span><\/p>\n<p><span>P\u0159ed summitem G20 komunik\u00e9 B20-Indie doporu\u010dilo \u010dlen\u016fm \u201eroz\u0161\u00ed\u0159it digit\u00e1ln\u00ed ve\u0159ejnou infrastrukturu s c\u00edlem podpo\u0159it finan\u010dn\u00ed za\u010dlen\u011bn\u00ed a p\u0159\u00edstup ke zdravotn\u00ed p\u00e9\u010di\u201c.<\/span><\/p>\n<p><span>V listopadu 2023 spustily Organizace spojen\u00fdch n\u00e1rod\u016f, Nadace Billa a Melindy Gatesov\u00fdch a jejich partne\u0159i kampa\u0148 50 v 5, kter\u00e1 m\u00e1 \u201epomoci 50 zem\u00edm vyvinout, zav\u00e9st a zav\u00e9st komponenty jejich digit\u00e1ln\u00ed ve\u0159ejn\u00e9 infrastruktury b\u011bhem p\u0159\u00ed\u0161t\u00edch p\u011bti let\u201c.<\/span><\/p>\n<p><span>P\u0159ed hlasov\u00e1n\u00edm o aktualizaci r\u00e1mce digit\u00e1ln\u00ed identity EU minul\u00fd m\u011bs\u00edc se n\u011bkte\u0159\u00ed poslanci Evropsk\u00e9ho parlamentu vyslovili proti zaveden\u00ed celoevropsk\u00e9 v\u00fdm\u011bny digit\u00e1ln\u00ed identity.<\/span><\/p>\n<\/div>\n<\/div>\n<div class=\"elementor-element elementor-element-8c57238 quelle dc-has-condition dc-condition-empty elementor-widget elementor-widget-heading\" data-id=\"8c57238\" data-element_type=\"widget\" data-widget_type=\"heading.default\">\n<div class=\"elementor-widget-container\">\n<h3 class=\"elementor-heading-title elementor-size-default\"><span style=\"font-size: 10pt;\"><a href=\"https:\/\/sociable.co\/government-and-policy\/world-bank-governments-digital-id-connect-private-sector\/\" target=\"_blank\" rel=\"nofollow noopener\">ZDROJ<\/a><\/span><\/h3>\n<p>&nbsp;<\/p>\n<\/div>\n<\/div>\n","protected":false},"excerpt":{"rendered":"<p>Prezident Sv\u011btov\u00e9 banky vyz\u00fdv\u00e1 vl\u00e1dy, aby p\u0159ijaly syst\u00e9my digit\u00e1ln\u00ed identity a propojily je se soukrom\u00fdm&#8230;<\/p>\n","protected":false},"author":2,"featured_media":49296,"comment_status":"closed","ping_status":"closed","sticky":false,"template":"","format":"standard","meta":[],"categories":[7],"tags":[503,2195,276],"_links":{"self":[{"href":"https:\/\/www.infokuryr.cz\/n\/wp-json\/wp\/v2\/posts\/49295"}],"collection":[{"href":"https:\/\/www.infokuryr.cz\/n\/wp-json\/wp\/v2\/posts"}],"about":[{"href":"https:\/\/www.infokuryr.cz\/n\/wp-json\/wp\/v2\/types\/post"}],"author":[{"embeddable":true,"href":"https:\/\/www.infokuryr.cz\/n\/wp-json\/wp\/v2\/users\/2"}],"replies":[{"embeddable":true,"href":"https:\/\/www.infokuryr.cz\/n\/wp-json\/wp\/v2\/comments?post=49295"}],"version-history":[{"count":0,"href":"https:\/\/www.infokuryr.cz\/n\/wp-json\/wp\/v2\/posts\/49295\/revisions"}],"wp:featuredmedia":[{"embeddable":true,"href":"https:\/\/www.infokuryr.cz\/n\/wp-json\/wp\/v2\/media\/49296"}],"wp:attachment":[{"href":"https:\/\/www.infokuryr.cz\/n\/wp-json\/wp\/v2\/media?parent=49295"}],"wp:term":[{"taxonomy":"category","embeddable":true,"href":"https:\/\/www.infokuryr.cz\/n\/wp-json\/wp\/v2\/categories?post=49295"},{"taxonomy":"post_tag","embeddable":true,"href":"https:\/\/www.infokuryr.cz\/n\/wp-json\/wp\/v2\/tags?post=49295"}],"curies":[{"name":"wp","href":"https:\/\/api.w.org\/{rel}","templated":true}]}}