{"id":4928,"date":"2021-09-22T09:55:01","date_gmt":"2021-09-22T07:55:01","guid":{"rendered":"http:\/\/www.infokuryr.cz\/n\/?p=4928"},"modified":"2021-09-22T09:57:13","modified_gmt":"2021-09-22T07:57:13","slug":"sporny-rozsudek-evropskeho-soudu-pro-lidska-prava-ve-veci-zavrazdeneho-litvinenka","status":"publish","type":"post","link":"https:\/\/www.infokuryr.cz\/n\/2021\/09\/22\/sporny-rozsudek-evropskeho-soudu-pro-lidska-prava-ve-veci-zavrazdeneho-litvinenka\/","title":{"rendered":"Sporn\u00fd rozsudek Evropsk\u00e9ho soudu pro lidsk\u00e1 pr\u00e1va ve v\u011bci zavra\u017ed\u011bn\u00e9ho Litvin\u011bnka"},"content":{"rendered":"<div id=\"fb-root\"><\/div>\n<div><strong>Evropsk\u00fd soud pro lidsk\u00e1 pr\u00e1va odsoudil Rusko k zaplacen\u00ed od\u0161kodn\u00e9ho za vra\u017edu b\u00fdval\u00e9ho agenta rusk\u00e9 tajn\u00e9 slu\u017eby Litvin\u011bnka.\u00a0Ot\u00e1zkou je, zda je Soudn\u00ed dv\u016fr v\u016fbec opr\u00e1vn\u011bn takov\u00e9 p\u0159\u00edpady posuzovat.<\/strong><\/div>\n<div>\n<p>Nejde o ot\u00e1zku viny za vra\u017edu Alexandra Litvinenka, kter\u00fd zem\u0159el na otravu poloniem ve Velk\u00e9 Brit\u00e1nii v roce 2006.\u00a0Vy\u0161et\u0159ov\u00e1n\u00ed p\u0159\u00edpadu nen\u00ed dodnes ofici\u00e1ln\u011b ukon\u010deno, i kdy\u017e m\u00e9dia v\u017edy bud\u00ed dojem, \u017ee bylo prok\u00e1z\u00e1no, \u017ee za incidentem stoj\u00ed Rusko. Ale i kdyby bylo vy\u0161et\u0159ov\u00e1n\u00ed uzav\u0159eno, tak ani uzav\u0159en\u00e9 vy\u0161et\u0159ov\u00e1n\u00ed neznamen\u00e1 d\u016fkaz viny, o tom mohou rozhodnout\u00a0jen soudy.<\/p>\n<p>Tento form\u00e1ln\u00ed pr\u00e1vn\u00ed \u00favod byl nezbytn\u00fd, proto\u017ee tento probl\u00e9m je p\u0159i rozhodov\u00e1n\u00ed ESPL hlavn\u00ed ot\u00e1zkou.<\/p>\n<h3>Verdikt proti Rusku<\/h3>\n<p>Evropsk\u00fd soud pro lidsk\u00e1 pr\u00e1va na\u0159\u00eddil Rusku zaplatit od\u0161kodn\u00e9 vdov\u011b po Litvin\u011bnkovi :<\/p>\n<p><em>&#8222;Evropsk\u00fd soud pro lidsk\u00e1 pr\u00e1va pova\u017euje Rusko za odpov\u011bdn\u00e9 za vra\u017edu ex-agenta Alexandra Litvin\u011bnka v Lond\u00fdn\u011b v roce 2006. Dva mu\u017ei, kte\u0159\u00ed otr\u00e1vili Litvin\u011bnka radioaktivn\u00edm poloniem 210, podle v\u0161eho jednali jm\u00e9nem rusk\u00fdch \u00fa\u0159ad\u016f nebo pod jejich kontrolou, uvedl \u0161trasbursk\u00fd soud.\u00a0Proto\u017ee Rusko odm\u00edt\u00e1 sd\u00edlet intern\u00ed vy\u0161et\u0159ovac\u00ed dokumenty, kter\u00e9 by mohly ukazovat opak, je atent\u00e1t na Litvin\u011bnka p\u0159ipisov\u00e1n Rusku. \u201c<\/em><\/p>\n<p>Soud vynesl rozsudek, proto\u017ee mu\u017ei, kte\u0159\u00ed otr\u00e1vili Litvin\u011bnka,\u00a0<strong>by m\u011bli<\/strong>\u00a0(jejich\u017e vina nebyla prok\u00e1z\u00e1na),\u00a0<strong>z\u0159ejm\u011b<\/strong> jednat jm\u00e9nem Ruska. Podle pr\u00e1vn\u00edho n\u00e1zoru existuje p\u0159\u00edli\u0161 mnoho spojovac\u00edch indici\u00ed na to, abychom mohli na tomto z\u00e1klad\u011b u\u010dinit \u00fasudek :<\/p>\n<p><em>&#8222;Jak soud ozn\u00e1mil, toto je zn\u00e1m\u00e9 jako d\u016fkaz prima facie. To umo\u017e\u0148uje vyvodit z\u00e1v\u011bry od prok\u00e1zan\u00fdch fakt\u016f ke skute\u010dnostem, kter\u00e9 je st\u00e1le t\u0159eba prok\u00e1zat, ale bez p\u0159\u00edm\u00fdch d\u016fkaz\u016f. \u201c<\/em><\/p>\n<p><strong>Evropsk\u00fd soud pro lidsk\u00e1 pr\u00e1va tedy rozhoduje, ani\u017e by m\u011bl jak\u00e9koli d\u016fkazy.\u00a0<\/strong>To funguje v trestn\u00edch v\u011bcech, \u017ee existuj\u00ed nep\u0159\u00edm\u00e9 procesn\u00ed d\u016fkazy, ale <strong>Evropsk\u00fd soud pro lidsk\u00e1 pr\u00e1va nen\u00ed soudem, kter\u00fd rozhoduje v trestn\u00edch v\u011bcech.<\/strong><\/p>\n<h3>\u00dakoly Evropsk\u00e9ho soudu pro lidsk\u00e1 pr\u00e1va<\/h3>\n<p>Evropsk\u00fd soud pro lidsk\u00e1 pr\u00e1va m\u00e1 za \u00fakol sledovat, zda signat\u00e1\u0159sk\u00e9 st\u00e1ty dodr\u017euj\u00ed Evropskou \u00famluvu o lidsk\u00fdch pr\u00e1vech a jej\u00ed rozsudky a sankce jsou pro smluvn\u00ed st\u00e1ty z\u00e1vazn\u00e9.\u00a0Jde v\u0161ak o kontrolu nap\u0159\u00edklad toho, zda je soudn\u00ed p\u0159\u00edpad ve st\u00e1t\u011b v souladu s \u00famluvou o lidsk\u00fdch pr\u00e1vech, nebo zda jsou v souladu s podm\u00ednkami vazby, nebo zda jsou v souladu s p\u0159ijat\u00fdmi z\u00e1kony a podobn\u011b. Soudn\u00ed dv\u016fr m\u016f\u017ee tak\u00e9 rozhodnout o soudn\u00edch rozhodnut\u00edch \u010dlensk\u00fdch st\u00e1t\u016f.<\/p>\n<p><strong>Evropsk\u00fd soud pro lidsk\u00e1 pr\u00e1va ale ned\u011bl\u00e1 vlastn\u00ed trestn\u00ed \u0159\u00edzen\u00ed a objas\u0148ov\u00e1n\u00ed ot\u00e1zky viny. Prov\u011b\u0159uje dokon\u010den\u00e1 \u0159\u00edzen\u00ed (tak\u00e9 v trestn\u00edch v\u011bcech), ale \u017e\u00e1dn\u00e9 takov\u00e9 \u0159\u00edzen\u00ed nevede.<\/strong><\/p>\n<p>Rozsudek je proto nejen sporn\u00fd kv\u016fli objektivn\u00edmu nedostatku d\u016fkaz\u016f, ale je t\u0159eba si tak\u00e9 polo\u017eit ot\u00e1zku, zda takov\u00fd rozsudek v\u016fbec spad\u00e1 do pravomoci Soudn\u00edho dvora.\u00a0Podle n\u00e1s tomu tak nen\u00ed, ale t\u0159eba n\u00e1s n\u011bjak\u00fd evropsk\u00fd pr\u00e1vn\u00edk pou\u010d\u00ed!.<\/p>\n<h3>Pr\u00e1vo \u017e\u00edt<\/h3>\n<p>Nejd\u016fle\u017eit\u011bj\u0161\u00ed lidsk\u00e9 pr\u00e1vo je pr\u00e1vo na \u017eivot:<\/p>\n<p><em>\u201eRusko nav\u00edc poru\u0161ilo pr\u00e1vo na \u017eivot, kter\u00e9 je zakotveno v Evropsk\u00e9 \u00famluv\u011b o lidsk\u00fdch pr\u00e1vech.\u201c<\/em><\/p>\n<p><strong>Toto prohl\u00e1\u0161en\u00ed je sugestivn\u00ed, proto\u017ee vina Ruska nebyla prok\u00e1z\u00e1na.<\/strong>Ale i kdyby se to prok\u00e1zalo, pamatujeme si: V roce 2009 na\u0159\u00eddil n\u011bmeck\u00fd plukovn\u00edk bombov\u00fd \u00fatok na cisternov\u00fd v\u016fz v Afgh\u00e1nist\u00e1nu, p\u0159i kter\u00e9m bylo zavra\u017ed\u011bno p\u0159es 100 civilist\u016f.\u00a0Poz\u016fstal\u00ed \u017ealovali N\u011bmecko, proto\u017ee N\u011bmecko vy\u0161et\u0159ov\u00e1n\u00ed zastavilo, a tedy podle jejich n\u00e1zoru p\u0159\u00edpad dostate\u010dn\u011b nevy\u0161et\u0159ilo.\u00a0Evropsk\u00fd soudn\u00ed dv\u016fr tuto\u00a0<a href=\"https:\/\/www.tagesschau.de\/inland\/egmr-urteil-kundus-101.html\" target=\"_blank\" rel=\"noreferrer noopener\">\u017ealobu na N\u011bmecko zam\u00edtl<\/a>\u00a0.<\/p>\n<p>Zd\u00e1 se to jen tak, nebo je mo\u017en\u00e9, \u017ee Evropsk\u00fd soudn\u00ed dv\u016fr nen\u00ed objektivn\u00ed? \u00datok na cisternov\u00fd v\u016fz byl nepochybn\u011b omyl, 100 lid\u00ed zem\u0159elo a Bundeswehr, tedy n\u011bmeck\u00fd st\u00e1t, to nepochybn\u011b zp\u016fsobil.\u00a0Soud ale N\u011bmecku neulo\u017e\u00ed \u017e\u00e1dn\u00fd trest, po\u0161le Afgh\u00e1nce dom\u016f a \u0159ekne, \u017ee N\u011bmecko poskytlo dostate\u010dn\u00e9 informace.<\/p>\n<p><strong>V p\u0159\u00edpad\u011b Litvin\u011bnka se naopak ani neprok\u00e1\u017ee, kdo mu\u017ee zavra\u017edil, ale Rusko m\u00e1 \u00fadajn\u011b zaplatit 100 000 eur jako od\u0161kodn\u00e9.<\/strong><\/p>\n<h3>Evropsk\u00fd soudn\u00ed dv\u016fr<\/h3>\n<p>Ka\u017ed\u00fd ze 47 signat\u00e1\u0159sk\u00fdch st\u00e1t\u016f Evropsk\u00e9 \u00famluvy o lidsk\u00fdch pr\u00e1vech pos\u00edl\u00e1 soudce k Soudn\u00edmu dvoru.\u00a0Jeliko\u017e smluvn\u00edmi st\u00e1ty jsou t\u00e9m\u011b\u0159 v\u0161ichni \u010dlenov\u00e9 EU a NATO, v\u011bt\u0161ina u Soudn\u00edho dvora je z\u0159ejm\u00e1.<\/p>\n<p>Pokud by soud nebyl zpolitizov\u00e1n, mohlo by to b\u00fdt jedno.\u00a0Ale zpolitizov\u00e1n je, jak uk\u00e1zal ned\u00e1vn\u00fd rozsudek o Navaln\u00e9m, ve kter\u00e9m soud tak\u00e9 rozhodl nad r\u00e1mec sv\u00e9 jurisdikce, podrobnosti <a href=\"https:\/\/www.anti-spiegel.ru\/2021\/wie-berechtigt-ist-die-forderung-des-menschenrechtsgerichtshofs-nach-navalnys-freilassung\/\" target=\"_blank\" rel=\"noreferrer noopener\">najdete zde<\/a>\u00a0.<\/p>\n<p>P\u0159ed rokem nav\u00edc studie uk\u00e1zala, \u017ee t\u00e9m\u011b\u0159 ka\u017ed\u00fd \u010dtvrt\u00fd soudce u Evropsk\u00e9ho soudu pro lidsk\u00e1 pr\u00e1va je\u00a0 \u00fazce spojen s kontroverzn\u00edm americk\u00fdm miliard\u00e1\u0159em Sorosem a \u017ee tito soudci pot\u00e9 vyd\u00e1vaj\u00ed rozsudky, kter\u00e9 ovliv\u0148uj\u00ed nevl\u00e1dn\u00ed organizace \u0159\u00edzen\u00ed Sorosem, pro kter\u00e9 d\u0159\u00edve soudci pracovali. Studii jsme zkontrolovali a nena\u0161li jsme v n\u00ed \u017e\u00e1dn\u00e9 chyby. Vyz\u00fdv\u00e1me v\u0161echny, aby ud\u011blali to sam\u00e9, \u010dl\u00e1nek v\u010detn\u011b odkazu na studii <a href=\"https:\/\/www.anti-spiegel.ru\/2020\/studie-fast-jeder-4-richter-am-europaeischen-gerichtshof-fuer-menschenrechte-ist-eng-mit-soros-verbunden\/\" target=\"_blank\" rel=\"noreferrer noopener\">najdete zde<\/a>\u00a0.<\/p>\n<p>Evropsk\u00fd soudn\u00ed dv\u016fr je sou\u010d\u00e1st\u00ed smlouvy, kter\u00e1 rovn\u011b\u017e tvo\u0159\u00ed z\u00e1klad pro Radu Evropy (nezam\u011b\u0148ovat s Evropskou radou EU).\u00a0A na Rad\u011b Evropy jste mohli velmi jasn\u011b vid\u011bt, jak ji\u017e tento konstrukt, vlastn\u011b zam\u00fd\u0161len\u00fd jako nestranick\u00fd syst\u00e9m, u\u017e zpolitizovan\u00fd je. V\u011bt\u0161ina z\u00e1padn\u00edch st\u00e1t\u016f odebrala v Rad\u011b Evropy na roky\u00a0 hlasovac\u00ed pr\u00e1va\u00a0 Rusku a vr\u00e1tila je Rusku pouze tehdy, kdy\u017e Rusko <a href=\"https:\/\/www.anti-spiegel.ru\/2019\/erste-anti-russische-sanktion-aufgehoben-russland-bekommt-volle-rechte-im-europarat-zurueck\/\" target=\"_blank\" rel=\"noreferrer noopener\">pohrozilo vystoupen\u00edm z organizace<\/a>\u00a0.\u00a0To by tak\u00e9 znamenalo, \u017ee Evropsk\u00fd soud pro lidsk\u00e1 pr\u00e1va ji\u017e nem\u00e1 jurisdikci nad Ruskem.<\/p>\n<p>Z\u00e1pad svou v\u011bt\u0161inou hlas\u016f st\u00e1le v\u00edce prom\u011b\u0148uje nestranick\u00e9\u00a0organizace a instituce v n\u00e1stroje sv\u00e9 politiky.\u00a0Vid\u011bli jsme to v\u00a0<a href=\"https:\/\/www.anti-spiegel.ru\/2021\/mit-hilfe-der-osze-wie-faelschungsvorwuerfe-gegen-die-russischen-wahlen-konstruiert-werden\/\" target=\"_blank\" rel=\"noreferrer noopener\">OBSE<\/a>\u00a0a tak\u00e9 v\u00a0<a href=\"https:\/\/www.anti-spiegel.ru\/2021\/was-die-fehler-der-opcw-ueber-die-organisation-und-ihre-arbeit-verraten\/\" target=\"_blank\" rel=\"noreferrer noopener\">OPCW<\/a> , v obou p\u0159\u00edpadech bez dobr\u00fdch v\u00fdsledk\u016f.\u00a0\u010clov\u011bk si klade ot\u00e1zku, zda chce Z\u00e1pad tak\u00e9 zni\u010dit posledn\u00ed nestranick\u00e9 mezin\u00e1rodn\u00ed struktury, jejich\u017e \u00fakolem bylo p\u016fvodn\u011b zprost\u0159edkov\u00e1n\u00ed \u0159e\u0161en\u00edch v kriz\u00edch. Dnes v\u0161ak tyto struktury \u017eiv\u00ed politick\u00e9 krize.<\/p>\n<p><em>-esf-<\/em><\/p>\n<\/div>\n<p><img decoding=\"async\" loading=\"lazy\" class=\"alignnone size-full wp-image-1185\" src=\"http:\/\/www.infokuryr.cz\/n\/wp-content\/uploads\/2021\/04\/kuryr-podpis.png\" alt=\"\" width=\"84\" height=\"24\" \/><\/p>\n<p>&nbsp;<\/p>\n<p>&nbsp;<\/p>\n<div><\/div>\n","protected":false},"excerpt":{"rendered":"<p>Evropsk\u00fd soud pro lidsk\u00e1 pr\u00e1va odsoudil Rusko k zaplacen\u00ed od\u0161kodn\u00e9ho za vra\u017edu b\u00fdval\u00e9ho agenta rusk\u00e9&#8230;<\/p>\n","protected":false},"author":2,"featured_media":4929,"comment_status":"closed","ping_status":"closed","sticky":false,"template":"","format":"standard","meta":[],"categories":[7],"tags":[1233,41,1234,520,22,324],"_links":{"self":[{"href":"https:\/\/www.infokuryr.cz\/n\/wp-json\/wp\/v2\/posts\/4928"}],"collection":[{"href":"https:\/\/www.infokuryr.cz\/n\/wp-json\/wp\/v2\/posts"}],"about":[{"href":"https:\/\/www.infokuryr.cz\/n\/wp-json\/wp\/v2\/types\/post"}],"author":[{"embeddable":true,"href":"https:\/\/www.infokuryr.cz\/n\/wp-json\/wp\/v2\/users\/2"}],"replies":[{"embeddable":true,"href":"https:\/\/www.infokuryr.cz\/n\/wp-json\/wp\/v2\/comments?post=4928"}],"version-history":[{"count":0,"href":"https:\/\/www.infokuryr.cz\/n\/wp-json\/wp\/v2\/posts\/4928\/revisions"}],"wp:featuredmedia":[{"embeddable":true,"href":"https:\/\/www.infokuryr.cz\/n\/wp-json\/wp\/v2\/media\/4929"}],"wp:attachment":[{"href":"https:\/\/www.infokuryr.cz\/n\/wp-json\/wp\/v2\/media?parent=4928"}],"wp:term":[{"taxonomy":"category","embeddable":true,"href":"https:\/\/www.infokuryr.cz\/n\/wp-json\/wp\/v2\/categories?post=4928"},{"taxonomy":"post_tag","embeddable":true,"href":"https:\/\/www.infokuryr.cz\/n\/wp-json\/wp\/v2\/tags?post=4928"}],"curies":[{"name":"wp","href":"https:\/\/api.w.org\/{rel}","templated":true}]}}