{"id":49224,"date":"2024-03-13T00:45:28","date_gmt":"2024-03-12T23:45:28","guid":{"rendered":"https:\/\/www.infokuryr.cz\/n\/?p=49224"},"modified":"2024-03-12T18:07:03","modified_gmt":"2024-03-12T17:07:03","slug":"ctvrty-velitel-ukrajinske-47-mechanizovane-brigady-byl-propusten-kvuli-ztrate-americkych-tanku-abrams","status":"publish","type":"post","link":"https:\/\/www.infokuryr.cz\/n\/2024\/03\/13\/ctvrty-velitel-ukrajinske-47-mechanizovane-brigady-byl-propusten-kvuli-ztrate-americkych-tanku-abrams\/","title":{"rendered":"\u010ctvrt\u00fd velitel ukrajinsk\u00e9 47. mechanizovan\u00e9 brig\u00e1dy byl propu\u0161t\u011bn kv\u016fli ztr\u00e1t\u011b americk\u00fdch tank\u016f Abrams"},"content":{"rendered":"<div id=\"fb-root\"><\/div>\n<p><strong><span>Ukrajinsk\u00fd militar ozn\u00e1mil, \u017ee 47. mechanizovan\u00e1 brig\u00e1da ozbrojen\u00fdch sil Ukrajiny op\u011bt zm\u011bnila velitele.\u00a0Jednotka je v sou\u010dasnosti dislokov\u00e1na ve vesnici Berdychi, kde p\u0159ich\u00e1z\u00ed o vz\u00e1cn\u00e9 tanky Abrams americk\u00e9 v\u00fdroby.<\/span><\/strong><\/p>\n<p><span>47. mechanizovan\u00e1 brig\u00e1da byla vytvo\u0159ena v roce 2022. Je vyzbrojena p\u0159edev\u0161\u00edm zahrani\u010dn\u00edmi vozidly, v\u010detn\u011b tank\u016f Abrams americk\u00e9 v\u00fdroby.\u00a0Jednotka se poprv\u00e9 objevila na front\u011b b\u011bhem letn\u00ed protiofenz\u00edvy, kde utrp\u011bla velk\u00e9 ztr\u00e1ty na \u017eiv\u00e9 s\u00edle a vojensk\u00e9 technice.<\/span><\/p>\n<p><span>Od lo\u0148sk\u00e9ho vstupu do boj\u016f jednotka podle tiskov\u00e9 slu\u017eby brig\u00e1dy zm\u011bnila \u010dtvrt\u00e9ho velitele.\u00a0P\u0159edchoz\u00ed velitel brig\u00e1dy Dmitrij Rjum\u0161in byl do t\u00e9to funkce jmenov\u00e1n p\u0159ed necel\u00fdmi dv\u011bma m\u011bs\u00edci.\u00a0D\u016fvodem jeho odvol\u00e1n\u00ed jsou pravd\u011bpodobn\u011b t\u011b\u017ek\u00e9 ztr\u00e1ty na drah\u00fdch tanc\u00edch Abrams v bitv\u00e1ch z\u00e1padn\u011b od Avd\u011bjevky.\u00a0<\/span><a href=\"https:\/\/southfront.press\/ukrainian-army-cannot-stop-losing-us-made-abrams-tanks\/\"><span>ODKAZ<\/span><\/a><\/p>\n<p><span>Prvn\u00edm velitelem t\u00e9to jednotky byl podplukovn\u00edk Alexander Sak, kter\u00fd vrhal n\u011bmeck\u00e9 tanky a americk\u00e1 bojov\u00e1 vozidla p\u011bchoty do masivn\u00edch \u00fatok\u016f p\u0159es minov\u00e1 pole ve sm\u011bru na Z\u00e1poro\u017e\u00ed.\u00a0V d\u016fsledku toho ve step\u00edch reziv\u00ed trosky des\u00edtek vozidel NATO.\u00a0V z\u00e1\u0159\u00ed 2023 byl Sak nahrazen plukovn\u00edkem Alexandrem Pavlijem, kter\u00fd na tomto postu p\u016fsobil do ledna 2024. Skand\u00e1l vypukl pot\u00e9, co vy\u0161lo najevo, \u017ee na\u0159\u00eddil pos\u00e1dk\u00e1m minomet\u016f, odst\u0159elova\u010d\u016fm a st\u0159elc\u016fm j\u00edt do \u00fato\u010dn\u00fdch skupin s t\u011b\u017ek\u00fdmi ztr\u00e1tami na boji\u0161t\u00edch. .\u00a0V\u00fdsledkem bylo, \u017ee brig\u00e1da op\u011bt utrp\u011bla t\u011b\u017ek\u00e9 ztr\u00e1ty p\u0159i masov\u00fdch \u00fatoc\u00edch.\u00a0Pavlije nahradil Dmitrij Rjum\u0161in, kter\u00fd p\u0159i\u0161el o americk\u00e9 tanky.<\/span><\/p>\n<p><span>\u010ctvrt\u00fdm velitelem brig\u00e1dy je Yan Yatsishen, kter\u00fd d\u0159\u00edve velel 11. praporu 59. brig\u00e1dy, jedn\u00e9 z ukrajinsk\u00fdch jednotek, kter\u00e1 \u010d\u00edt\u00e1 nejv\u011bt\u0161\u00ed po\u010det mrtv\u00fdch a nezv\u011bstn\u00fdch voj\u00e1k\u016f.<\/span><\/p>\n<p><img decoding=\"async\" loading=\"lazy\" class=\"alignnone size-full wp-image-1185\" src=\"http:\/\/www.infokuryr.cz\/n\/wp-content\/uploads\/2021\/04\/kuryr-podpis.png\" alt=\"\" width=\"84\" height=\"24\" \/><\/p>\n<p>&nbsp;<\/p>\n","protected":false},"excerpt":{"rendered":"<p>Ukrajinsk\u00fd militar ozn\u00e1mil, \u017ee 47. mechanizovan\u00e1 brig\u00e1da ozbrojen\u00fdch sil Ukrajiny op\u011bt zm\u011bnila velitele.\u00a0Jednotka je v&#8230;<\/p>\n","protected":false},"author":2,"featured_media":49225,"comment_status":"closed","ping_status":"closed","sticky":false,"template":"","format":"standard","meta":[],"categories":[7],"tags":[1549,26,2442,321],"_links":{"self":[{"href":"https:\/\/www.infokuryr.cz\/n\/wp-json\/wp\/v2\/posts\/49224"}],"collection":[{"href":"https:\/\/www.infokuryr.cz\/n\/wp-json\/wp\/v2\/posts"}],"about":[{"href":"https:\/\/www.infokuryr.cz\/n\/wp-json\/wp\/v2\/types\/post"}],"author":[{"embeddable":true,"href":"https:\/\/www.infokuryr.cz\/n\/wp-json\/wp\/v2\/users\/2"}],"replies":[{"embeddable":true,"href":"https:\/\/www.infokuryr.cz\/n\/wp-json\/wp\/v2\/comments?post=49224"}],"version-history":[{"count":0,"href":"https:\/\/www.infokuryr.cz\/n\/wp-json\/wp\/v2\/posts\/49224\/revisions"}],"wp:featuredmedia":[{"embeddable":true,"href":"https:\/\/www.infokuryr.cz\/n\/wp-json\/wp\/v2\/media\/49225"}],"wp:attachment":[{"href":"https:\/\/www.infokuryr.cz\/n\/wp-json\/wp\/v2\/media?parent=49224"}],"wp:term":[{"taxonomy":"category","embeddable":true,"href":"https:\/\/www.infokuryr.cz\/n\/wp-json\/wp\/v2\/categories?post=49224"},{"taxonomy":"post_tag","embeddable":true,"href":"https:\/\/www.infokuryr.cz\/n\/wp-json\/wp\/v2\/tags?post=49224"}],"curies":[{"name":"wp","href":"https:\/\/api.w.org\/{rel}","templated":true}]}}