{"id":49221,"date":"2024-03-13T00:44:54","date_gmt":"2024-03-12T23:44:54","guid":{"rendered":"https:\/\/www.infokuryr.cz\/n\/?p=49221"},"modified":"2024-03-12T17:58:05","modified_gmt":"2024-03-12T16:58:05","slug":"158-den-izraelske-nalety-pokracuji-v-uderech-do-gazy-behem-svateho-mesice-ramadanu","status":"publish","type":"post","link":"https:\/\/www.infokuryr.cz\/n\/2024\/03\/13\/158-den-izraelske-nalety-pokracuji-v-uderech-do-gazy-behem-svateho-mesice-ramadanu\/","title":{"rendered":"158. den: Izraelsk\u00e9 n\u00e1lety pokra\u010duj\u00ed v \u00faderech do Gazy b\u011bhem svat\u00e9ho m\u011bs\u00edce ramad\u00e1nu"},"content":{"rendered":"<div id=\"fb-root\"><\/div>\n<p><span style=\"font-size: 18pt;\"><strong>12. b\u0159ezen 2024<\/strong><\/span><\/p>\n<p><span style=\"font-size: 14pt;\"><strong>Izraelsk\u00e9 s\u00edly bombardovaly Gazu prvn\u00ed den ramad\u00e1nu a zabily dva ryb\u00e1\u0159e.\u00a0Izraelsk\u00e1 opevn\u011bn\u00e1 d\u00e1lnice dos\u00e1hla pob\u0159e\u017e\u00ed St\u0159edozemn\u00edho mo\u0159e a fakticky rozd\u011blila Gazu na dv\u011b \u010d\u00e1sti.\u00a0Mezit\u00edm stovky osadn\u00edk\u016f vtrhly do are\u00e1lu me\u0161ity al-Aks\u00e1.<\/strong><\/span><\/p>\n<h2 class=\"wp-block-heading\"><strong>Ztr\u00e1ty<\/strong><\/h2>\n<ul>\n<li>31 184+ zabito* a nejm\u00e9n\u011b 72 889 zran\u011bn\u00fdch v p\u00e1smu Gazy.<\/li>\n<li>Na okupovan\u00e9m Z\u00e1padn\u00edm b\u0159ehu a ve v\u00fdchodn\u00edm Jeruzal\u00e9m\u011b bylo zabito v\u00edce ne\u017e 423 Palestinc\u016f.**<\/li>\n<li>Izrael reviduje sv\u016fj odhadovan\u00fd po\u010det ob\u011bt\u00ed ze 7. \u0159\u00edjna na 1 400 na 1 147.<\/li>\n<li>Od 7. \u0159\u00edjna bylo zabito 589 izraelsk\u00fdch voj\u00e1k\u016f a nejm\u00e9n\u011b 3 221 zran\u011bno.***<\/li>\n<\/ul>\n<p>*\u00a0<em>Ministerstvo zdravotnictv\u00ed Gazy potvrdilo toto \u010d\u00edslo na sv\u00e9m kan\u00e1lu\u00a0<\/em><a href=\"https:\/\/t.me\/s\/MOHMediaGaza\"><em>Telegram<\/em><\/a><em>\u00a0.\u00a0N\u011bkter\u00e9 organizace na ochranu lidsk\u00fdch pr\u00e1v uv\u00e1d\u011bj\u00ed po\u010det ob\u011bt\u00ed\u00a0\u00a0<\/em><a href=\"https:\/\/twitter.com\/EuroMedHR\/status\/1738558892643123665\"><em>bl\u00ed\u017ee k 35 000<\/em><\/a><em>\u00a0\u00a0, kdy\u017e po\u010d\u00edtaj\u00ed s t\u011bmi, o kter\u00fdch se p\u0159edpokl\u00e1d\u00e1, \u017ee jsou mrtv\u00ed.<\/em><\/p>\n<p><em>** Po\u010det ob\u011bt\u00ed na Z\u00e1padn\u00edm b\u0159ehu Jord\u00e1nu a v Jeruzal\u00e9m\u011b nen\u00ed pravideln\u011b aktualizov\u00e1n.\u00a0Podle ministerstva zdravotnictv\u00ed PA ze\u00a0<\/em><a href=\"https:\/\/www.wafa.ps\/Pages\/Details\/91386\"><em>6. b\u0159ezna<\/em><\/a><em>\u00a0je to nejnov\u011bj\u0161\u00ed \u00fadaj.<\/em><\/p>\n<p><em>*** Tento \u00fadaj zve\u0159ejnila izraelsk\u00e1 arm\u00e1da a ukazuje voj\u00e1ky, jejich\u017e jm\u00e9na \u201esm\u011bla b\u00fdt zve\u0159ejn\u011bna\u201c.<\/em><\/p>\n<h2 class=\"wp-block-heading\"><strong>Kl\u00ed\u010dov\u00fd v\u00fdvoj<\/strong><\/h2>\n<ul>\n<li>\u0160\u00e9f OSN \u0159\u00edk\u00e1: \u201eM\u016fj po\u017eadavek je ct\u00edt ducha svat\u00e9ho m\u011bs\u00edce uml\u010den\u00edm zbran\u00ed a odstran\u011bn\u00edm v\u0161ech p\u0159ek\u00e1\u017eek v poskytov\u00e1n\u00ed z\u00e1chrann\u00e9 pomoci.<\/li>\n<li>Pouze 500 Palestinc\u016f vykon\u00e1v\u00e1 modlitby\u00a0<em>Tarawih<\/em>\u00a0v me\u0161it\u011b al-Awda v Rafahu, n\u011bkolik stovek dal\u0161\u00edch se modl\u00ed pobl\u00ed\u017e zni\u010den\u00e9 me\u0161ity a-Huda v al-Shabboura.<\/li>\n<li>\u0160\u00e9f UNRWA \u0159\u00edk\u00e1, \u017ee izraelsk\u00e9 s\u00edly vr\u00e1tily kamion nalo\u017een\u00fd pomoc\u00ed do severn\u00ed Gazy, \u201eproto\u017ee m\u011bl n\u016f\u017eky pou\u017e\u00edvan\u00e9 v d\u011btsk\u00fdch l\u00e9ka\u0159sk\u00fdch souprav\u00e1ch\u201c.<\/li>\n<li>Ministerstvo zdravotnictv\u00ed Gazy \u0159\u00edk\u00e1, \u017ee do severn\u00ed Gazy dorazilo po zemi jen velmi m\u00e1lo n\u00e1kladn\u00edch aut a \u017ee \u201e[Izraelsk\u00e9] bombardov\u00e1n\u00ed shrom\u00e1\u017ed\u011bn\u00ed hladov\u00fdch lid\u00ed se stalo ka\u017edodenn\u00ed rutinou\u201c.<\/li>\n<li>World Central Kitchen pos\u00edl\u00e1 z Kypru lo\u010f sm\u011b\u0159uj\u00edc\u00ed do Gazy s \u201et\u00e9m\u011b\u0159 200 tunami potravin \u2013 r\u00fd\u017e\u00ed, moukou, lu\u0161t\u011bninami, konzervovanou zeleninou a b\u00edlkovinami\u201c.<\/li>\n<li>Lod\u011b izraelsk\u00e9ho n\u00e1mo\u0159nictva st\u0159\u00edlej\u00ed na palestinsk\u00e9 ryb\u00e1\u0159e pobl\u00ed\u017e Nuseiratu a zab\u00edjej\u00ed bratry Muhammada a Youssef Adel Abu Riyala.<\/li>\n<li>Z\u00e1chrann\u00e9 t\u00fdmy z\u00edsk\u00e1vaj\u00ed t\u011bla 11 mu\u010dedn\u00edk\u016f po izraelsk\u00e9m n\u00e1letu na obytnou budovu v al-Qarara severn\u011b od Khan Younis.<\/li>\n<li>Palestinsk\u00e1 samospr\u00e1va tvrd\u00ed, \u017ee Izrael prom\u011bnil Z\u00e1padn\u00ed b\u0159eh na \u201evojensk\u00e1 kas\u00e1rna\u201c, kde instaloval 750 vojensk\u00fdch kontroln\u00edch stanovi\u0161\u0165 a nasadil tis\u00edce voj\u00e1k\u016f.<\/li>\n<li>Libanonsk\u00fd Hizball\u00e1h v \u00fater\u00fd r\u00e1no po izraelsk\u00e9m bombardov\u00e1n\u00ed libanonsk\u00e9ho m\u011bsta Baalbek vyp\u00e1lil p\u0159es 100 raket na izraelsk\u00e1 vojensk\u00e1 m\u00edsta v Horn\u00ed Galileji a okupovan\u00e9 Golansk\u00e9 v\u00fd\u0161iny.<\/li>\n<li>Isl\u00e1msk\u00fd odboj v Ir\u00e1ku tvrd\u00ed, \u017ee v pond\u011bl\u00ed zah\u00e1jil \u00fatok dronem na leti\u0161t\u011b Ben Gurion nedaleko Tel Avivu.<\/li>\n<\/ul>\n<h2 class=\"wp-block-heading\"><strong>V Gaze \u201ese d\u00edvaj\u00ed o\u010di historie\u201c<\/strong><\/h2>\n<p>Gener\u00e1ln\u00ed tajemn\u00edk OSN Antonio Guterres vyzval v pond\u011bl\u00ed k zastaven\u00ed krveprolit\u00ed v p\u00e1smu Gazy, proto\u017ee izraelsk\u00fd \u00fatok je 158. dnem od jeho za\u010d\u00e1tku 7. \u0159\u00edjna.<\/p>\n<p>\u201eM\u00fdm apelem je ct\u00edt ducha svat\u00e9ho m\u011bs\u00edce uml\u010den\u00edm zbran\u00ed a odstran\u011bn\u00edm v\u0161ech p\u0159ek\u00e1\u017eek v poskytov\u00e1n\u00ed z\u00e1chrann\u00e9 pomoci,\u201c\u00a0<a href=\"https:\/\/twitter.com\/antonioguterres\/status\/1767264919395733964\">\u0159ekl Guterres na<\/a>\u00a0X.\u00a0\u201eO\u010di sv\u011bta se d\u00edvaj\u00ed.\u00a0O\u010di historie sleduj\u00ed.\u00a0Nem\u016f\u017eeme se d\u00edvat jinam.\u00a0Mus\u00edme jednat, abychom se vyhnuli v\u011bt\u0161\u00edmu po\u010dtu \u00famrt\u00ed, kter\u00fdm lze p\u0159edej\u00edt.&#8220;<\/p>\n<p>Guterres apeloval na okam\u017eit\u00e9 p\u0159\u00edm\u011b\u0159\u00ed a propu\u0161t\u011bn\u00ed izraelsk\u00fdch zajatc\u016f.<\/p>\n<p>Pro Palestince v p\u00e1smu Gazy zvuky izraelsk\u00fdch bomb a d\u011blost\u0159eleck\u00e9 palby p\u0159ehlu\u0161ily prohl\u00e1\u0161en\u00ed \u0161\u00e9fa OSN.<\/p>\n<p>Za posledn\u00edch 24 hodin sp\u00e1chaly izraelsk\u00e9 s\u00edly v r\u016fzn\u00fdch oblastech p\u00e1sma Gazy osm masakr\u016f, podle telegramu ministerstva zdravotnictv\u00ed Gazy\u00a0<a href=\"https:\/\/t.me\/MOHMediaGaza\/5163\">,<\/a>\u00a0p\u0159i kter\u00fdch zahynulo nejm\u00e9n\u011b 72 lid\u00ed a 129 bylo zran\u011bno. Od b\u0159ezna zem\u0159elo v p\u00e1smu Gazy 27 d\u011bt\u00ed na podv\u00fd\u017eivu a dehydrataci. nemocnice.<\/p>\n<h2 class=\"wp-block-heading\"><strong>Palestinci slav\u00ed ramad\u00e1n v Gaze bez j\u00eddla a vody<\/strong><\/h2>\n<p>2,4 milionu Palestinc\u016f v p\u00e1smu Gazy slav\u00ed m\u011bs\u00edc ramad\u00e1n bez dostatku j\u00eddla a vody.\u00a0V\u011bt\u0161ina z nich p\u0159i\u0161la o sv\u00e9 domovy p\u0159i izraelsk\u00e9m bombardov\u00e1n\u00ed, ukr\u00fdvali se v plastov\u00fdch stanech a v nuzn\u00fdch podm\u00ednk\u00e1ch.<\/p>\n<p>Na severu Gazy se n\u011bkter\u00e9 palestinsk\u00e9 rodiny pot\u00fdkaj\u00ed s akutn\u00edm nedostatkem potravin a dod\u00e1vek pomoci, proto\u017ee Izrael nad\u00e1le br\u00e1n\u00ed n\u00e1kladn\u00edm voz\u016fm s humanit\u00e1rn\u00ed pomoc\u00ed dostat se do m\u011bsta Gaza.\u00a0V nejji\u017en\u011bj\u0161\u00edm okrese Rafah nejsou podm\u00ednky v\u00fdrazn\u011b lep\u0161\u00ed.<\/p>\n<p>&#8222;Ve stanu je jen jedno raj\u010de s mal\u00fdm bal\u00ed\u010dkem s\u00fdra a bez kousku chleba,&#8220; \u0159ekla\u00a0<a href=\"https:\/\/www.wafa.ps\/Pages\/Details\/91682\">Wafa<\/a>\u00a0Palestinka, kter\u00e1 byla se svou rodinou vys\u00eddlena z Khan Younis , a popsala \u017eivot na stadionu Burqa v uprchlick\u00e9m t\u00e1bo\u0159e Rafah.\u00a0\u201eV\u0161echno je drah\u00e9.\u00a0Zeleninu si koupit nem\u016f\u017eeme a ovoce nen\u00ed ani dostupn\u00e9.\u00a0V\u00a0<em>Suhuru<\/em>\u00a0[j\u00eddlo p\u0159ed za\u010d\u00e1tkem p\u016fstu]\u00a0jsme sn\u011bdli p\u00e1r kousk\u016f masov\u00e9 konzervy, proto\u017ee jsme si nemohli nic koupit\u00a0<em>.\u00a0<\/em>Dokonce i ty nejjednodu\u0161\u0161\u00ed a nejtrivi\u00e1ln\u011bj\u0161\u00ed pot\u0159eby p\u0159ekvapiv\u011b vzrostly.&#8220;<\/p>\n<p>&#8222;Tohle nen\u00ed \u017eivot.&#8220;\u00a0Nen\u00ed tu \u017e\u00e1dn\u00e1 voda k pit\u00ed, myt\u00ed rukou nebo va\u0159en\u00ed j\u00eddla,\u201c dodala.\u00a0\u201eDote\u010f nev\u00edme, \u010d\u00edm p\u0159eru\u0161\u00edme p\u016fst.\u00a0Nakupovali jsme ramad\u00e1nov\u00e9 pot\u0159eby o p\u00e1r dn\u00ed d\u0159\u00edve.\u00a0Ale nyn\u00ed je i s\u00fdr astronomicky drah\u00fd.\u201c<\/p>\n<p>Letos tis\u00edce Palestinc\u016f po\u0159\u00e1daj\u00ed rodinn\u00e1 setk\u00e1n\u00ed ve stanech m\u00edsto sv\u00fdch domov\u016f, aby p\u0159eru\u0161ili p\u016fst p\u0159i z\u00e1padu slunce.\u00a0Hled\u00e1n\u00ed j\u00eddla, vody a paliva na va\u0159en\u00ed v\u0161ak z\u016fst\u00e1v\u00e1 pro v\u011bt\u0161inu ka\u017edodenn\u00ed prioritou.<\/p>\n<p>V p\u00e1smu Gazy z\u016fst\u00e1v\u00e1 jen velmi m\u00e1lo me\u0161it, aby Palestinci mohli vykon\u00e1vat modlitby\u00a0<em>Tarawih<\/em>\u00a0, kter\u00e9 zahrnuj\u00ed \u010dten\u00ed jedn\u00e9 \u010d\u00e1sti Kor\u00e1nu ka\u017edou noc o ramad\u00e1nu.<\/p>\n<p>Pouze 500 v\u011b\u0159\u00edc\u00edch provedlo\u00a0<em>Tarawih<\/em>\u00a0v me\u0161it\u011b al-Awda,\u00a0<a href=\"https:\/\/www.wafa.ps\/Pages\/Details\/91682\">nejv\u011bt\u0161\u00ed me\u0161it\u011b v Rafahu<\/a>\u00a0, zat\u00edmco n\u011bkolik stovek dal\u0161\u00edch se modlilo pobl\u00ed\u017e zni\u010den\u00e9 me\u0161ity al-Huda v al-Shaboura.<\/p>\n<p>Uct\u00edva\u010d\u016fm nebyla distribuov\u00e1na \u017e\u00e1dn\u00e1 voda ani datle, jak je b\u011bhem ramad\u00e1nu zvykem, a tradi\u010dn\u00ed slavnostn\u00ed ramad\u00e1nsk\u00e1 sv\u011btla nemohla b\u00fdt letos rozsv\u00edcena kv\u016fli v\u00fdpadku proudu.\u00a0Uprost\u0159ed noci m\u011bli Palestinci k modlitb\u011b pouze baterky sv\u00fdch telefon\u016f.<\/p>\n<h2 class=\"wp-block-heading\"><strong>Izrael blokuje pomoc Gaze kv\u016fli \u201el\u00e9ka\u0159sk\u00fdm n\u016f\u017ek\u00e1m\u201c<\/strong><\/h2>\n<p>Philippe Lazzarini, \u0161\u00e9f Agentury OSN pro palestinsk\u00e9 uprchl\u00edky (UNRWA), v pond\u011bl\u00ed \u0159ekl, \u017ee \u201ecel\u00e1 populace z\u00e1vis\u00ed na humanit\u00e1rn\u00ed pomoci pro p\u0159e\u017eit\u00ed [v Gaze].\u00a0P\u0159ich\u00e1z\u00ed velmi m\u00e1lo a omezen\u00ed se zvy\u0161uj\u00ed.\u201c<\/p>\n<p>Dodal, \u017ee izraelsk\u00e9 s\u00edly vr\u00e1tily kamion nalo\u017een\u00fd pomoc\u00ed do severn\u00ed Gazy, \u201eproto\u017ee m\u011bl n\u016f\u017eky pou\u017e\u00edvan\u00e9 v d\u011btsk\u00fdch l\u00e9ka\u0159sk\u00fdch souprav\u00e1ch\u201c.<\/p>\n<p>&#8222;L\u00e9ka\u0159sk\u00e9 n\u016f\u017eky jsou nyn\u00ed p\u0159id\u00e1ny do dlouh\u00e9ho seznamu zak\u00e1zan\u00fdch polo\u017eek, kter\u00e9 izraelsk\u00e9 \u00fa\u0159ady klasifikuj\u00ed jako &#8218;pro dvoj\u00ed pou\u017eit\u00ed&#8216;,&#8220; napsal\u00a0<a href=\"https:\/\/twitter.com\/UNLazzarini\/status\/1767250887234261005\">na X<\/a>\u00a0.<\/p>\n<p>&#8222;Seznam obsahuje z\u00e1kladn\u00ed a \u017eivot zachra\u0148uj\u00edc\u00ed polo\u017eky: od anestetik, sol\u00e1rn\u00edch sv\u011btel, kysl\u00edkov\u00fdch lahv\u00ed a ventil\u00e1tor\u016f a\u017e po tablety na \u010di\u0161t\u011bn\u00ed vody, l\u00e9ky proti rakovin\u011b a porodnick\u00e9 sady,&#8220; \u0159ekl \u0161\u00e9f UNRWA.<\/p>\n<p>Minul\u00fd t\u00fdden Izrael tak\u00e9 zam\u00edtl vstup 1 350 vodn\u00edch filtr\u016f financovan\u00fdch Spojen\u00fdm kr\u00e1lovstv\u00edm do Gazy a pova\u017eoval je za \u201ehrozbu\u201c.<\/p>\n<p>V \u00fater\u00fd r\u00e1no ministerstvo zdravotnictv\u00ed Gazy ozn\u00e1milo, \u017ee do severn\u00ed Gazy dorazilo po zemi jen velmi m\u00e1lo n\u00e1kladn\u00edch aut.<\/p>\n<p>Ministerstvo uvedlo, \u017ee kamiony jezdily dv\u011bma cestami, aby dopravily pomoc do Gazy: prvn\u00ed byla ulice Salah al-Din, kde skon\u010dily pobl\u00ed\u017e kuvajtsk\u00e9ho kruhov\u00e9ho objezdu, a druh\u00e1 byla pob\u0159e\u017en\u00ed silnice, kde dojely na k\u0159i\u017eovatku al-Nabulsi.<\/p>\n<p>&#8222;Lid\u00e9 se shroma\u017e\u010fuj\u00ed pobl\u00ed\u017e t\u011bchto m\u00edst, k\u0159i\u017eovatky al-Nabulsi a kruhov\u00e9ho objezdu Kuvajt, v nad\u011bji, \u017ee se\u017eenou j\u00eddlo.&#8220;\u00a0[Izraelsk\u00e9] bombardov\u00e1n\u00ed shrom\u00e1\u017ed\u011bn\u00ed hladov\u00fdch lid\u00ed se stalo ka\u017edodenn\u00ed rutinou, zat\u00edmco mezin\u00e1rodn\u00ed spole\u010denstv\u00ed je sleduje na sv\u00fdch obrazovk\u00e1ch,\u201c uvedlo ministerstvo ve zpr\u00e1v\u011b na\u00a0<a href=\"https:\/\/t.me\/MOHMediaGaza\/5162\">Telegramu<\/a>\u00a0.<\/p>\n<p>\u201eHlad zabije v\u0161echny obyvatele severn\u00edho p\u00e1sma Gazy.\u00a0Pomoc je velmi mal\u00e1&#8230; Sv\u011bt bude v nadch\u00e1zej\u00edc\u00edch dnech sv\u011bdkem nejv\u011bt\u0161\u00edho po\u010dtu ob\u011bt\u00ed hladu.\u00a0Pokud dnes nezas\u00e1hnete, abyste n\u00e1s zachr\u00e1nili, v\u0161ichni zem\u0159eme,\u201c varovalo ministerstvo ve v\u00fdzv\u011b o pomoc.<\/p>\n<p>V posledn\u00edch t\u00fddnech Izrael p\u0159ipravoval\u00a0<a href=\"https:\/\/mondoweiss.net\/2024\/03\/un-expert-israel-is-engineering-famine-in-gaza\/#:~:text=UN%20Special%20Rapporteur%20Michael%20Fakhri,%22Never%20in%20modern%20history.%E2%80%9D\">hladomor<\/a>\u00a0a prosazoval lidsky zp\u016fsoben\u00e9 hladov\u011bn\u00ed v Gaze, co\u017e je politika, p\u0159ed kterou varovalo n\u011bkolik OSN a humanit\u00e1rn\u00edch \u010dinitel\u016f.\u00a0Shoduj\u00ed se tak\u00e9 na tom, \u017ee poskytov\u00e1n\u00ed pomoci p\u0159es pozemn\u00ed p\u0159echod mezi Izraelem a p\u00e1smem Gazy je efektivn\u011bj\u0161\u00ed ne\u017e vysazov\u00e1n\u00ed nebo pos\u00edl\u00e1n\u00ed po mo\u0159i.<\/p>\n<p>V \u00fater\u00fd r\u00e1no vyplula z Cyrusu lo\u010f sm\u011b\u0159uj\u00edc\u00ed do Gazy nalo\u017een\u00e1 200 tunami potravin.\u00a0Je to prvn\u00ed test pro otev\u0159en\u00ed humanit\u00e1rn\u00edho n\u00e1mo\u0159n\u00edho koridoru, kter\u00fd bude zahrnovat tak\u00e9 vybudov\u00e1n\u00ed americk\u00e9ho plovouc\u00edho mola pobl\u00ed\u017e pob\u0159e\u017e\u00ed Gazy pro dod\u00e1vky pomoci.<\/p>\n<p>\u201eOdeslali jsme t\u00e9m\u011b\u0159 200 tun j\u00eddla \u2013 r\u00fd\u017ei, mouku, lu\u0161t\u011bniny, konzervovanou zeleninu a proteiny,\u201c napsal World Central Kitchen na X.<\/p>\n<h2 class=\"wp-block-heading\"><strong>Izraelsk\u00e9 s\u00edly bombardovaly domy v Gaze a zabily dva ryb\u00e1\u0159e<\/strong><\/h2>\n<p>P\u0159es noc izraelsk\u00e9 s\u00edly bombardovaly n\u011bkolik oblast\u00ed p\u00e1sma Gazy.\u00a0N\u00e1lety na domy ve \u010dtvrti al-Zaytoun ve m\u011bst\u011b Gaza zabily 10 Palestinc\u016f a 20 dal\u0161\u00edch zranily, uvedla\u00a0<a href=\"https:\/\/www.wafa.ps\/Pages\/Details\/91712\">Wafa<\/a>\u00a0.<\/p>\n<p>Izraelsk\u00e9 d\u011blost\u0159electvo tak\u00e9 ost\u0159elovalo \u010dtvrti Gazy al-Sabra, Sheikh Ejleen a Tal al-Hawa a zabilo nejm\u00e9n\u011b t\u0159i lidi.\u00a0V uprchlick\u00e9m t\u00e1bo\u0159e Jabalia zabil izraelsk\u00fd n\u00e1let \u010dty\u0159i Palestince.<\/p>\n<p>Izrael tak\u00e9 bombardoval Deir al-Balah, stejn\u011b jako uprchlick\u00e9 t\u00e1bory Nuseirat, al-Maghazi a al-Bureij,\u00a0uvedla\u00a0<a href=\"https:\/\/www.wafa.ps\/Pages\/Details\/91712\">Wafa .\u00a0<\/a>Bombardov\u00e1n\u00ed rodinn\u00e9ho domu Abu Sinjar v Deir al-Balah zabilo osm lid\u00ed a n\u011bkolik dal\u0161\u00edch zranilo b\u011bhem n\u00e1letu.<\/p>\n<p>Lod\u011b izraelsk\u00e9ho n\u00e1mo\u0159nictva st\u0159\u00edlely na palestinsk\u00e9 ryb\u00e1\u0159e na mo\u0159i pobl\u00ed\u017e Nuseiratu a zabily bratry Muhammada a Youssef Adel Abu Riyala.<\/p>\n<p>V al-Qarara, severn\u011b od Khan Younis, z\u00e1chrann\u00e9 t\u00fdmy z\u00edskaly t\u011bla 11 mu\u010dedn\u00edk\u016f po izraelsk\u00e9m n\u00e1letu na obytnou budovu,\u00a0uvedla\u00a0<a href=\"https:\/\/www.wafa.ps\/Pages\/Details\/91712\">Wafa .<\/a><\/p>\n<p>Izraelsk\u00e9 s\u00edly\u00a0<a href=\"https:\/\/www.wafa.ps\/Pages\/Details\/91703\">zabily dev\u011bt lid\u00ed<\/a>\u00a0a zranily v\u00edce ne\u017e 20 dal\u0161\u00edch, kdy\u017e zah\u00e1jily palbu na Palestince \u010dekaj\u00edc\u00ed na pomocn\u00e9 vozy p\u0159ij\u00ed\u017ed\u011bj\u00edc\u00ed na kruhov\u00fd objezd v Kuvajtu.<\/p>\n<h2 class=\"wp-block-heading\"><strong>Izraelsk\u00e1 opevn\u011bn\u00e1 d\u00e1lnice dosahuje pob\u0159e\u017e\u00ed St\u0159edozemn\u00edho mo\u0159e<\/strong><\/h2>\n<p>Izraelsk\u00e1 opevn\u011bn\u00e1 silnice uprost\u0159ed p\u00e1sma Gazy nyn\u00ed dos\u00e1hla St\u0159edozemn\u00edho mo\u0159e, podle ned\u00e1vn\u00fdch satelitn\u00edch sn\u00edmk\u016f z\u00edskan\u00fdch\u00a0<a href=\"https:\/\/edition.cnn.com\/2024\/03\/08\/middleeast\/israel-building-road-splitting-gaza-cmd-intl\/index.html?mc_cid=a9785ea4af\">CNN\u00a0<\/a><em>.<\/em><\/p>\n<p>Izrael pl\u00e1noval dokon\u010dit \u201eNetzarimsk\u00fd koridor\u201c p\u0159ed za\u010d\u00e1tkem ramad\u00e1nu, kter\u00fd nyn\u00ed rozd\u011bluje p\u00e1smo Gazy na dv\u011b \u010d\u00e1sti a blokuje Palestinc\u016fm nebo n\u00e1kladn\u00edm aut\u016fm pomoci v cest\u011b na sever po ulici Salah al-Din, hlavn\u00ed centr\u00e1ln\u00ed d\u00e1lnici spojuj\u00edc\u00ed severn\u00ed Gazu s jihem.<\/p>\n<p>K dokon\u010den\u00ed projektu izraelsk\u00e9 s\u00edly zbouraly a zdemolovaly \u010detn\u00e9 domy a budovy, aby uvolnily m\u00edsto 1,2 kilometru n\u00e1razn\u00edkov\u00e9 z\u00f3ny kolem 4 m\u00edle dlouh\u00e9ho \u201eNetzarimsk\u00e9ho koridoru\u201c, pojmenovan\u00e9ho po b\u00fdval\u00e9 izraelsk\u00e9 osad\u011b v Gaze a vojensk\u00e9m kontroln\u00edm stanovi\u0161ti.<\/p>\n<h2 class=\"wp-block-heading\"><strong>Izrael zabije dva Palestince, osadn\u00edci za\u00fato\u010d\u00ed na al-Aks\u00e1<\/strong><\/h2>\n<p>Izraelsk\u00e9 s\u00edly zabily v pond\u011bl\u00ed dva Palestince severn\u011b od okupovan\u00e9ho Z\u00e1padn\u00edho b\u0159ehu Jord\u00e1nu.\u00a0Tawfiq Fawaz Hussein, 25, podlehl sv\u00fdm zran\u011bn\u00edm v nemocnici Thabet Thabet v Tulkarem v pond\u011bl\u00ed ve\u010der pot\u00e9, co byl zast\u0159elen izraelsk\u00fdmi silami.<\/p>\n<p>Husajn je obyvatelem Jord\u00e1nska, ale je dr\u017eitelem palestinsk\u00e9ho pr\u016fkazu toto\u017enosti a \u017eije ve vesnici Kafirat z\u00e1padn\u011b od Jeninu, uvedla\u00a0<a href=\"https:\/\/www.wafa.ps\/Pages\/Details\/91700\">Wafa<\/a>\u00a0.<\/p>\n<p>V pond\u011bl\u00ed brzy izraelsk\u00e9 s\u00edly zabily Muhammada D\u017eaafara Mustafu D\u017eabra z vesnice Arraba p\u0159i n\u00e1letu na m\u011bsto Tulkarem.<\/p>\n<p>Ministerstvo zahrani\u010d\u00ed Palestinsk\u00e9 samospr\u00e1vy (PA) varovalo, \u017ee Izrael prom\u011bnil Z\u00e1padn\u00ed b\u0159eh Jord\u00e1nu a Jeruzal\u00e9m na \u201evojensk\u00e1 kas\u00e1rna\u201c, kter\u00e1 blokuje a znemo\u017e\u0148uje Palestinc\u016fm dos\u00e1hnout me\u0161ity al-Aks\u00e1.<\/p>\n<p>Ministerstvo uvedlo, \u017ee na Z\u00e1padn\u00edm b\u0159ehu je t\u00e9m\u011b\u0159 750 izraelsk\u00fdch vojensk\u00fdch kontroln\u00edch stanovi\u0161\u0165, zat\u00edmco 15 000 voj\u00e1k\u016f je rozm\u00edst\u011bno pobl\u00ed\u017e palestinsk\u00fdch vesnic a hlavn\u00edch silnic.<\/p>\n<p>\u201eVojensk\u00e9 bari\u00e9ry a \u017eelezn\u00e9 br\u00e1ny [Izraelsk\u00e9] okupace nemaj\u00ed \u017e\u00e1dnou bezpe\u010dnostn\u00ed funkci, ale sp\u00ed\u0161e se pou\u017e\u00edvaj\u00ed k uvalen\u00ed kolektivn\u00edho trestu na palestinsk\u00e9 ob\u010dany, k jejich mu\u010den\u00ed a poni\u017eov\u00e1n\u00ed,\u201c uvedlo ministerstvo v prohl\u00e1\u0161en\u00ed.<\/p>\n<p>V \u00fater\u00fd r\u00e1no stovky izraelsk\u00fdch osadn\u00edk\u016f vtrhly do are\u00e1lu me\u0161ity al-Aks\u00e1 v okupovan\u00e9m Jeruzal\u00e9m\u011b.\u00a0<a href=\"https:\/\/www.wafa.ps\/Pages\/Details\/91706\">Wafa<\/a>\u00a0ozn\u00e1mila, \u017ee v pond\u011bl\u00ed vstoupilo do are\u00e1lu 275 osadn\u00edk\u016f v doprovodu bezpe\u010dnostn\u00ed slo\u017eky a izraelsk\u00e9 policie, aby oslavili za\u010d\u00e1tek hebrejsk\u00e9ho m\u011bs\u00edce adar.<\/p>\n<p>Tyto n\u00e1jezdy osadn\u00edk\u016f p\u0159ich\u00e1zej\u00ed v dob\u011b, kdy izraelsk\u00e9 \u00fa\u0159ady blokuj\u00ed Palestinc\u016fm na Z\u00e1padn\u00edm b\u0159ehu mlad\u0161\u00ed 40 let vstup do Jeruzal\u00e9ma a do me\u0161ity al-Aks\u00e1 b\u011bhem svat\u00e9ho m\u011bs\u00edce ramad\u00e1nu.\u00a0Jen 35 000 Palestinc\u016f vykonalo v pond\u011bl\u00ed ve\u010der modlitby\u00a0<em>Tarawih<\/em>\u00a0, co\u017e je na ramad\u00e1n neuv\u011b\u0159iteln\u011b n\u00edzk\u00fd po\u010det.<\/p>\n<p>Izraelsk\u00fd krajn\u011b pravicov\u00fd ministr n\u00e1rodn\u00ed bezpe\u010dnosti Itamar Ben-Gvir pl\u00e1nuje p\u0159\u00ed\u0161t\u00ed p\u00e1tek provokativn\u00ed n\u00e1v\u0161t\u011bvu stanovi\u0161t\u011b izraelsk\u00e9 policie u br\u00e1ny Mughrabi v Jeruzal\u00e9m\u011b, kter\u00e1 m\u00e1 p\u0159\u00edstup k me\u0161it\u011b al-Aks\u00e1.<\/p>\n<p>Izraelsk\u00e9 s\u00edly zatkly des\u00edtky Palestinc\u016f ve m\u011bstech\u00a0<a href=\"https:\/\/www.wafa.ps\/Pages\/Details\/91708\">Urif<\/a>\u00a0,\u00a0<a href=\"https:\/\/www.wafa.ps\/Pages\/Details\/91699\">Ya&#8217;bad<\/a>\u00a0a Jericho na Z\u00e1padn\u00edm b\u0159ehu Jord\u00e1nu a tak\u00e9 v\u00a0<a href=\"https:\/\/www.wafa.ps\/Pages\/Details\/91692\">Jeruzal\u00e9m\u011b<\/a>\u00a0.\u00a0Od \u0159\u00edjna Izrael zatkl 7555 Palestinc\u016f, z nich\u017e n\u011bkte\u0159\u00ed byli pozd\u011bji propu\u0161t\u011bni, uvedla\u00a0<a href=\"https:\/\/www.wafa.ps\/Pages\/Details\/91714\">Wafa<\/a>\u00a0.<\/p>\n<p><span style=\"font-size: 10pt;\"><em><strong>\u00davodn\u00ed fotografie:<\/strong> PALESTINCI NAD T\u011aLY LID\u00cd ZABIT\u00ddCH B\u011aHEM IZRAELSK\u00c9HO N\u00c1LETU V DEIR AL-BALAH V CENTR\u00c1LN\u00cdM P\u00c1SMU GAZY, 12. B\u0158EZNA 2024. (FOTO: NAAMAN OMAR\/APA IMAGES)<\/em><\/span><\/p>\n<p><span class=\"post-author\"><span class=\"by\">OD\u00a0<\/span><a class=\"author url fn\" title=\"P\u0159\u00edsp\u011bvky od Mustafy Abu Sneineha\" href=\"https:\/\/mondoweiss.net\/author\/mustafa-abu-sneineh\/\" rel=\"author\">MUSTAFY ABU SNEINEHA<\/a><\/span><\/p>\n<p>&nbsp;<\/p>\n","protected":false},"excerpt":{"rendered":"<p>12. b\u0159ezen 2024 Izraelsk\u00e9 s\u00edly bombardovaly Gazu prvn\u00ed den ramad\u00e1nu a zabily dva ryb\u00e1\u0159e.\u00a0Izraelsk\u00e1 opevn\u011bn\u00e1&#8230;<\/p>\n","protected":false},"author":2,"featured_media":49222,"comment_status":"closed","ping_status":"closed","sticky":false,"template":"","format":"standard","meta":[],"categories":[7],"tags":[348,178,107,6518],"_links":{"self":[{"href":"https:\/\/www.infokuryr.cz\/n\/wp-json\/wp\/v2\/posts\/49221"}],"collection":[{"href":"https:\/\/www.infokuryr.cz\/n\/wp-json\/wp\/v2\/posts"}],"about":[{"href":"https:\/\/www.infokuryr.cz\/n\/wp-json\/wp\/v2\/types\/post"}],"author":[{"embeddable":true,"href":"https:\/\/www.infokuryr.cz\/n\/wp-json\/wp\/v2\/users\/2"}],"replies":[{"embeddable":true,"href":"https:\/\/www.infokuryr.cz\/n\/wp-json\/wp\/v2\/comments?post=49221"}],"version-history":[{"count":1,"href":"https:\/\/www.infokuryr.cz\/n\/wp-json\/wp\/v2\/posts\/49221\/revisions"}],"predecessor-version":[{"id":49223,"href":"https:\/\/www.infokuryr.cz\/n\/wp-json\/wp\/v2\/posts\/49221\/revisions\/49223"}],"wp:featuredmedia":[{"embeddable":true,"href":"https:\/\/www.infokuryr.cz\/n\/wp-json\/wp\/v2\/media\/49222"}],"wp:attachment":[{"href":"https:\/\/www.infokuryr.cz\/n\/wp-json\/wp\/v2\/media?parent=49221"}],"wp:term":[{"taxonomy":"category","embeddable":true,"href":"https:\/\/www.infokuryr.cz\/n\/wp-json\/wp\/v2\/categories?post=49221"},{"taxonomy":"post_tag","embeddable":true,"href":"https:\/\/www.infokuryr.cz\/n\/wp-json\/wp\/v2\/tags?post=49221"}],"curies":[{"name":"wp","href":"https:\/\/api.w.org\/{rel}","templated":true}]}}