{"id":49206,"date":"2024-03-13T00:36:46","date_gmt":"2024-03-12T23:36:46","guid":{"rendered":"https:\/\/www.infokuryr.cz\/n\/?p=49206"},"modified":"2024-03-12T17:09:56","modified_gmt":"2024-03-12T16:09:56","slug":"alarmujici-dr-bhakdi-a-jeho-tym-demonstruji-genetickou-integraci-v-lidskych-bunkach-po-vakcine-mrna","status":"publish","type":"post","link":"https:\/\/www.infokuryr.cz\/n\/2024\/03\/13\/alarmujici-dr-bhakdi-a-jeho-tym-demonstruji-genetickou-integraci-v-lidskych-bunkach-po-vakcine-mrna\/","title":{"rendered":"Alarmuj\u00edc\u00ed: Dr. Bhakdi a jeho t\u00fdm demonstruj\u00ed genetickou integraci v lidsk\u00fdch bu\u0148k\u00e1ch po vakc\u00edn\u011b mRNA"},"content":{"rendered":"<div id=\"fb-root\"><\/div>\n<div class=\"elementor-element elementor-element-1fb4c2c elementor-widget elementor-widget-theme-post-content\" data-id=\"1fb4c2c\" data-element_type=\"widget\" data-widget_type=\"theme-post-content.default\">\n<div class=\"elementor-widget-container\">\n<p><span style=\"font-size: 18pt;\"><strong>Nez\u00e1visl\u00e9 laborato\u0159e po cel\u00e9m sv\u011bt\u011b potvrzuj\u00ed alarmuj\u00edc\u00ed zji\u0161t\u011bn\u00ed Bhakdiho vakc\u00edny<\/strong><\/span><\/p>\n<p><span>P\u0159ed n\u011bkolika dny Prof. Dr.\u00a0Sucharit Bhakdi, b\u00fdval\u00fd vedouc\u00ed katedry l\u00e9ka\u0159sk\u00e9 mikrobiologie na univerzit\u011b v Mohu\u010di a v\u00fdznamn\u00fd p\u0159edstavitel v t\u00e9to oblasti,\u00a0ozn\u00e1mil v\u00fdbu\u0161n\u00e9 z\u00e1v\u011bry na\u00a0<\/span><a href=\"https:\/\/rumble.com\/v4inyy0-dr-sucharit-bhakdi-md.html\" target=\"_blank\" rel=\"noreferrer noopener\" data-type=\"link\" data-id=\"https:\/\/rumble.com\/v4inyy0-dr-sucharit-bhakdi-md.html\"><span>videokonferenci s l\u00e9ka\u0159i pro Covid Ethics International , kter\u00e1 \u0161okovala v\u011bdeckou komunitu.<\/span><\/a><\/p>\n<p><span>Po\u010d\u00e1te\u010dn\u00ed experimenty nazna\u010duj\u00ed, \u017ee experiment\u00e1ln\u00ed COVID mRNA vakc\u00edny mohly b\u00fdt integrov\u00e1ny do lidsk\u00fdch bun\u011bk, co\u017e vyvolalo podez\u0159en\u00ed na genetickou modifikaci v bezprecedentn\u00edm m\u011b\u0159\u00edtku.<\/span><\/p>\n<p><span>Profesor Bhakdi, dlouho zn\u00e1m\u00fd sv\u00fdm kritick\u00fdm postojem k mainstreamov\u00e9mu narativu t\u00fdkaj\u00edc\u00edmu se experiment\u00e1ln\u00ed genetick\u00e9 mRNA terapie, osv\u011btlil d\u0159\u00edve zam\u00edtnut\u00e9 d\u016fkazy, kdy\u017e \u0159ekl: \u201eD\u00e1le se stalo, \u017ee v\u00fdsledky Kevina McKernana [kontaminace DNA] byly bagatelizov\u00e1ny\u2026 i kdy\u017e byly byly reprodukov\u00e1ny ze Speichera v Kanad\u011b.\u00a0Tyto v\u00fdsledky byly nakonec reprodukov\u00e1ny n\u011bkolika nez\u00e1visl\u00fdmi laborato\u0159emi po cel\u00e9m sv\u011bt\u011b.\u00a0Toto ignorov\u00e1n\u00ed pr\u016fkopnick\u00e9ho v\u00fdzkumu je alarmuj\u00edc\u00ed, ale to, co profesor Bhakdi a jeho n\u011bmeck\u00fd t\u00fdm objevili, je je\u0161t\u011b alarmuj\u00edc\u00ed.<\/span><\/p>\n<p><span>Kolegov\u00e9 profesora Bhakdiho pono\u0159ili lidsk\u00e9 bu\u0148ky do vakc\u00edn a objevili p\u0159ekvapivou pravdu: tyto bu\u0148ky nejen interagovaly s vakc\u00ednami, ale tak\u00e9 je absorbovaly a za\u010dlenily ciz\u00ed DNA do sv\u00e9 vlastn\u00ed struktury.\u00a0&#8222;Na\u0161i dva v\u011bdci zjistili, \u017ee lidsk\u00e9 bu\u0148ky okam\u017eit\u011b p\u0159ijaly vakc\u00edny, DNA a chromozomy,&#8220; \u0159\u00edk\u00e1 Bhakdi a popisuje proces, p\u0159i kter\u00e9m bu\u0148ky za\u010daly produkovat spike protein ve velk\u00fdch mno\u017estv\u00edch.\u00a0Teoretick\u00e9 obavy se staly hmatateln\u00fdm d\u016fkazem, \u017ee tyto vakc\u00edny mohou z\u00e1sadn\u011b zm\u011bnit lidsk\u00fd genom.<\/span><\/p>\n<p><span>Tento d\u016fkaz nejen potvrzuje po\u010d\u00e1te\u010dn\u00ed v\u00fdsledky, ale poskytuje tak\u00e9 p\u0159ekvapiv\u00e9 potvrzen\u00ed pozorovan\u00fdch genetick\u00fdch zm\u011bn.\u00a0\u201eCo na\u0161i v\u011bdci ud\u011blali?\u00a0Poslali sv\u00e9 transfekovan\u00e9 lidsk\u00e9 bu\u0148ky Kevinu McKernanovi a zeptali se ho: Kevine, m\u016f\u017eete naj\u00edt chromozom\u00e1ln\u00ed integraci bakteri\u00e1ln\u00ed DNA do chromozom\u016f lidsk\u00fdch bun\u011bk?\u00a0V\u00ed\u0161 odpov\u011b\u010f?\u00a0Na\u0161el\u00a0<\/span><a href=\"https:\/\/anandamide.substack.com\/p\/vaccine-targeted-qpcr-of-cancer-cell\" target=\"_blank\" rel=\"noreferrer noopener\" data-type=\"link\" data-id=\"https:\/\/anandamide.substack.com\/p\/vaccine-targeted-qpcr-of-cancer-cell\"><span>to ve sv\u00e9m Substacku<\/span><\/a><span>\u00a0p\u0159ed t\u00fddnem a odpov\u011b\u010f je ano,\u201c prozrazuje Bhakdi a zd\u016fraz\u0148uje kritick\u00fd a nepopirateln\u00fd marker genetick\u00fdch zm\u011bn vyvolan\u00fdch integrac\u00ed vakc\u00edny.<\/span><\/p>\n<p><span>Aby toho nebylo m\u00e1lo, Kevin ned\u00e1vno publikoval dal\u0161\u00ed \u010dl\u00e1nek na sv\u00e9m Substacku, ve kter\u00e9m odhalil, \u017ee plazmidovou DNA bu\u0148ky nejen p\u0159ij\u00edmaj\u00ed, ale po vychyt\u00e1n\u00ed se tak\u00e9 replikuj\u00ed.<\/span><\/p>\n<p><span>V\u00fdznam tohoto objevu nelze p\u0159ece\u0148ovat.\u00a0Profesor Bhakdi shrnuje v\u00e1\u017enost situace slovy: \u201eZa\u010dlen\u011bn\u00ed ciz\u00edho chromozomu do bu\u0148ky nen\u00ed nic jin\u00e9ho ne\u017e genetick\u00e1 modifikace.\u201c\u00a0Toto prohl\u00e1\u0161en\u00ed signalizuje kritick\u00fd bod v na\u0161em ch\u00e1p\u00e1n\u00ed bezpe\u010dnosti vakc\u00edn a potenci\u00e1ln\u00edch dlouhodob\u00fdch d\u016fsledk\u016f ovliv\u0148uj\u00edc\u00edch miliardy lid\u00ed na cel\u00e9m sv\u011bt\u011b.<\/span><\/p>\n<p><span>Mo\u017enosti, kter\u00e9 to p\u0159edstavuje pro lidsk\u00fd genom, jsou extr\u00e9mn\u011b znepokojiv\u00e9.\u00a0Bhakdi vysv\u011btluje potenci\u00e1l pro katastrofick\u00e9 genetick\u00e9 poruchy pomoc\u00ed metafory \u201eknihy \u017eivota\u201c k popisu genomu.\u00a0Integrace ciz\u00ed DNA by mohla \u201enaru\u0161it\u201c \u017eivotn\u011b d\u016fle\u017eit\u00e9 str\u00e1nky t\u00e9to knihy, co\u017e by m\u011blo za n\u00e1sledek ne\u010diteln\u00e9 genov\u00e9 sekvence s dalekos\u00e1hl\u00fdmi \u00fa\u010dinky na bun\u011b\u010dn\u00e9 funkce a potenci\u00e1ln\u011b vysv\u011btluj\u00edc\u00ed glob\u00e1ln\u00ed n\u00e1r\u016fst n\u00e1dor\u016f a genetick\u00fdch poruch.<\/span><\/p>\n<p><span>Bhakdi: Experiment\u00e1ln\u00ed vakc\u00edny by mohly zm\u011bnit lidsk\u00fd genom<\/span><\/p>\n<p><span>P\u0159\u00edmo\u00a0<\/span><a href=\"https:\/\/www.bitchute.com\/video\/t1zvnF99k5IJ\/\" target=\"_blank\" rel=\"noreferrer noopener\" data-type=\"link\" data-id=\"https:\/\/www.bitchute.com\/video\/t1zvnF99k5IJ\/\"><span>k videu<\/span><\/a><span>\u00a0:<\/span><\/p>\n<p><iframe loading=\"lazy\" src=\"https:\/\/www.bitchute.com\/embed\/t1zvnF99k5IJ\/\" width=\"640\" height=\"360\" frameborder=\"0\" scrolling=\"no\" data-mce-fragment=\"1\"><\/iframe><\/div>\n<\/div>\n<div class=\"elementor-element elementor-element-8c57238 quelle dc-has-condition dc-condition-empty elementor-widget elementor-widget-heading\" data-id=\"8c57238\" data-element_type=\"widget\" data-widget_type=\"heading.default\">\n<div class=\"elementor-widget-container\">\n<h3 class=\"elementor-heading-title elementor-size-default\"><span style=\"font-size: 10pt;\"><a href=\"https:\/\/rumble.com\/v4inyy0-dr-sucharit-bhakdi-md.html\" target=\"_blank\" rel=\"nofollow noopener\">ZDROJ<\/a><\/span><\/h3>\n<p>&nbsp;<\/p>\n<\/div>\n<\/div>\n","protected":false},"excerpt":{"rendered":"<p>Nez\u00e1visl\u00e9 laborato\u0159e po cel\u00e9m sv\u011bt\u011b potvrzuj\u00ed alarmuj\u00edc\u00ed zji\u0161t\u011bn\u00ed Bhakdiho vakc\u00edny P\u0159ed n\u011bkolika dny Prof. Dr.\u00a0Sucharit&#8230;<\/p>\n","protected":false},"author":2,"featured_media":2112,"comment_status":"closed","ping_status":"closed","sticky":false,"template":"","format":"standard","meta":[],"categories":[7],"tags":[5103,895,694,651,21],"_links":{"self":[{"href":"https:\/\/www.infokuryr.cz\/n\/wp-json\/wp\/v2\/posts\/49206"}],"collection":[{"href":"https:\/\/www.infokuryr.cz\/n\/wp-json\/wp\/v2\/posts"}],"about":[{"href":"https:\/\/www.infokuryr.cz\/n\/wp-json\/wp\/v2\/types\/post"}],"author":[{"embeddable":true,"href":"https:\/\/www.infokuryr.cz\/n\/wp-json\/wp\/v2\/users\/2"}],"replies":[{"embeddable":true,"href":"https:\/\/www.infokuryr.cz\/n\/wp-json\/wp\/v2\/comments?post=49206"}],"version-history":[{"count":0,"href":"https:\/\/www.infokuryr.cz\/n\/wp-json\/wp\/v2\/posts\/49206\/revisions"}],"wp:featuredmedia":[{"embeddable":true,"href":"https:\/\/www.infokuryr.cz\/n\/wp-json\/wp\/v2\/media\/2112"}],"wp:attachment":[{"href":"https:\/\/www.infokuryr.cz\/n\/wp-json\/wp\/v2\/media?parent=49206"}],"wp:term":[{"taxonomy":"category","embeddable":true,"href":"https:\/\/www.infokuryr.cz\/n\/wp-json\/wp\/v2\/categories?post=49206"},{"taxonomy":"post_tag","embeddable":true,"href":"https:\/\/www.infokuryr.cz\/n\/wp-json\/wp\/v2\/tags?post=49206"}],"curies":[{"name":"wp","href":"https:\/\/api.w.org\/{rel}","templated":true}]}}