{"id":49199,"date":"2024-03-13T00:33:53","date_gmt":"2024-03-12T23:33:53","guid":{"rendered":"https:\/\/www.infokuryr.cz\/n\/?p=49199"},"modified":"2024-03-12T16:47:16","modified_gmt":"2024-03-12T15:47:16","slug":"nekolik-bohatych-elit-vcetne-marka-zuckerberga-a-jeffa-bezose-specha-prodat-akcie-v-hodnote-miliard-dolaru","status":"publish","type":"post","link":"https:\/\/www.infokuryr.cz\/n\/2024\/03\/13\/nekolik-bohatych-elit-vcetne-marka-zuckerberga-a-jeffa-bezose-specha-prodat-akcie-v-hodnote-miliard-dolaru\/","title":{"rendered":"N\u011bkolik bohat\u00fdch elit, v\u010detn\u011b Marka Zuckerberga a Jeffa Bezose, sp\u011bch\u00e1 prodat akcie v hodnot\u011b miliard dolar\u016f"},"content":{"rendered":"<div id=\"fb-root\"><\/div>\n<div class=\"elementor-element elementor-element-1fb4c2c elementor-widget elementor-widget-theme-post-content\" data-id=\"1fb4c2c\" data-element_type=\"widget\" data-widget_type=\"theme-post-content.default\">\n<div class=\"elementor-widget-container\">\n<p><span>Znepokojen\u00ed roste pot\u00e9, co n\u011bkter\u00e9 z nejbohat\u0161\u00edch a nejvlivn\u011bj\u0161\u00edch podnikatelsk\u00fdch elit sv\u011bta narychlo prodaly akcie v hodnot\u011b miliard dolar\u016f.<\/span><\/p>\n<p><span>\u0160okuj\u00edc\u00ed prodeje akci\u00ed vzbuzuj\u00ed obavy z bl\u00ed\u017e\u00edc\u00ed se finan\u010dn\u00ed katastrofy.<\/span><\/p>\n<p><span>Jeff Bezos \u2013 t\u0159et\u00ed nejbohat\u0161\u00ed \u010dlov\u011bk na sv\u011bt\u011b po Bernardu Arnautovi a Elonu Muskovi z Louis Vuitton \u2013 jen tento m\u011bs\u00edc prodal akcie Amazonu za 8,5 miliardy dolar\u016f.<\/span><\/p>\n<p><span>Zakladatel Facebooku Mark Zuckerberg \u2013 \u010dtvrt\u00fd nejbohat\u0161\u00ed mu\u017e sv\u011bta \u2013 prodal kolem 1,4 milionu akci\u00ed Meta v hodnot\u011b asi 638 milion\u016f dolar\u016f.<\/span><\/p>\n<p><span>Jamie Dimon, p\u0159edseda p\u0159edstavenstva a gener\u00e1ln\u00ed \u0159editel spole\u010dnosti JPMorgan, minul\u00fd t\u00fdden tak\u00e9 utopil 150 milion\u016f dolar\u016f do akci\u00ed sv\u00fdch bank.<\/span><\/p>\n<p><span>Pro Dimona je to prvn\u00ed exit od doby, kdy p\u0159ed t\u00e9m\u011b\u0159 dv\u011bma desetilet\u00edmi p\u0159evzal veden\u00ed banky.<\/span><\/p>\n<p><span>B\u011bhem n\u011bkolika dn\u00ed Leon Black z Apollo Global Management tak\u00e9 dokon\u010dil sv\u016fj v\u016fbec prvn\u00ed prodej a po 34 letech se odd\u011blil od sv\u00e9 investi\u010dn\u00ed spole\u010dnosti za 172,8 milionu dolar\u016f.<\/span><\/p>\n<p><span>Waltonova rodina Walmartu prodala za t\u00fdden 1,5 miliardy dolar\u016f.<\/span><\/p>\n<p><span>Prodejem man\u017eel\u016f Waltonov\u00fdch si rodina od prosince vyd\u011blala celkem 2,3 miliardy dolar\u016f.<\/span><\/p>\n<p><span>V\u0161echny transakce prob\u011bhly b\u011bhem n\u011bkolika t\u00fddn\u016f a ji\u017e vyvolaly mnoho konverzac\u00ed.<\/span><\/p>\n<p><span>Odborn\u00edci tento t\u00fdden nazna\u010dili, \u017ee by prodej mohl souviset s nadch\u00e1zej\u00edc\u00edmi volbami, zejm\u00e9na proto, \u017ee index S&amp;P 500 \u2013 dobr\u00fd ukazatel celkov\u00e9 ekonomiky \u2013 je st\u00e1le na historick\u00e9m maximu.<\/span><\/p>\n<p><span>&#8222;Pokud si p\u0159e\u010dtete \u010dajov\u00e9 l\u00edstky a pod\u00edv\u00e1te se, co by se mohlo st\u00e1t s na\u0161imi politikami v p\u0159\u00ed\u0161t\u00edm roce nebo tak n\u011bjak, v\u011bci v tuto chv\u00edli vypadaj\u00ed docela dob\u0159e &#8211; trhy jsou na vzestupu,&#8220; \u0159ekl koncem minul\u00e9ho roku konzultant finan\u010dn\u00ed firmy Alan Johnson. m\u011bs\u00edc \u0161t\u011bst\u00ed.<\/span><\/p>\n<p><span>Zam\u011bstnanec spole\u010dnosti Johnson Associates se s\u00eddlem na Manhattanu navrhl, \u017ee tr\u017eby by mohly b\u00fdt v\u00fdsledkem potenci\u00e1ln\u011b volatiln\u00edho p\u00e1du, kter\u00fd se shodoval s nadch\u00e1zej\u00edc\u00edmi volbami do Kongresu.<\/span><\/p>\n<p><span>&#8222;S na\u0161\u00ed politikou a v\u0161\u00edm, co se d\u011bje geopoliticky, to za rok nebo dva nemus\u00ed vypadat tak dob\u0159e,&#8220; p\u0159ipustil.<\/span><\/p>\n<p><span>Od n\u00e1stupu demokratick\u00e9ho prezidenta Joea Bidena do \u00fa\u0159adu utrp\u011bly Spojen\u00e9 st\u00e1ty obrovsk\u00e9 ekonomick\u00e9 ztr\u00e1ty.<\/span><\/p>\n<p><span>Stalo se tak pot\u00e9, co politika prezidenta Donalda Trumpa p\u0159inesla Spojen\u00fdm st\u00e1t\u016fm ekonomick\u00fd boom.<\/span><\/p>\n<p><span>Kdy\u017e se Trump a Biden v listopadu znovu utkaj\u00ed, mnoz\u00ed se nyn\u00ed ob\u00e1vaj\u00ed, \u017ee by v\u00fdsledek mohl m\u00edt dramatick\u00fd dopad na trhy.<\/span><\/p>\n<p><span>Dal\u0161\u00ed \u010dty\u0159i roky Bidena by mohly zat\u00e1hnout americkou ekonomiku d\u00e1le do propasti, zat\u00edmco znovuzvolen\u00ed Trumpa by mohlo o\u017eivit trhy.<\/span><\/p>\n<p><span>Expert Johnson Associates tak\u00e9 pouk\u00e1zal na ned\u00e1vn\u00fd p\u016fsobiv\u00fd v\u00fdkon indexu S&amp;P 500, kter\u00fd za posledn\u00ed rok vzrostl o v\u00edce ne\u017e 27 procent.<\/span><\/p>\n<p><span>Johnson p\u0159ipomn\u011bl, \u017ee tento v\u00fdvoj p\u0159idal miliardy za rok do portfoli\u00ed osob odpov\u011bdn\u00fdch za ned\u00e1vn\u00e9 prodeje.<\/span><\/p>\n<p><span>Dodal, \u017ee tito mana\u017ee\u0159i jsou v sou\u010dasnosti \u201ev\u00edce v pen\u011bz\u00edch\u201c, ne\u017e se o\u010dek\u00e1valo.<\/span><\/p>\n<p><span>Z tohoto d\u016fvodu Johnson \u0159\u00edk\u00e1, \u017ee diverzifikace jejich portfoli\u00ed je dobr\u00fd n\u00e1pad \u2013 alespo\u0148 z pohledu investora.<\/span><\/p>\n<p><span>K zaji\u0161t\u011bn\u00ed sv\u00fdch s\u00e1zek by akcion\u00e1\u0159i mohli tak\u00e9 t\u011b\u017eit ze sou\u010dasn\u00fdch da\u0148ov\u00fdch \u00falev, pokud by byli eliminov\u00e1ni podle Bidena, uvedl finan\u010dn\u00ed poradce.<\/span><\/p>\n<p><span>Mnoho z t\u011bchto da\u0148ov\u00fdch \u00falev bylo zavedeno za Trumpovy administrativy, \u0159ekl Johnson, co\u017e znamen\u00e1, \u017ee dal\u0161\u00ed v\u00edt\u011bzstv\u00ed Bidena by mohlo znamenat jejich p\u0159\u00edpadn\u00e9 odstran\u011bn\u00ed.<\/span><\/p>\n<p><span>Prohl\u00e1\u0161en\u00ed v\u00fdznamn\u00fdch hr\u00e1\u010d\u016f na finan\u010dn\u00edm trhu v posledn\u00edch t\u00fddnech je\u0161t\u011b v\u00edce p\u0159i\u017eivila obavy.<\/span><\/p>\n<p><span>N\u011bkte\u0159\u00ed z nich nazna\u010dili, \u017ee n\u00e1hl\u00fd propad cen akci\u00ed by mohl b\u00fdt d\u016fsledkem n\u011b\u010deho v\u011bt\u0161\u00edho v z\u00e1kulis\u00ed.<\/span><\/p>\n<p><span>American Hartford Gold, spole\u010dnost, kter\u00e1 prod\u00e1v\u00e1 zlato a dal\u0161\u00ed kovy investor\u016fm, v propaga\u010dn\u00edm videu zve\u0159ejn\u011bn\u00e9m na webov\u00fdch str\u00e1nk\u00e1ch spole\u010dnosti koncem minul\u00e9ho m\u011bs\u00edce nazna\u010dila, \u017ee masivn\u00ed likvidace by mohly b\u00fdt zn\u00e1mkou bl\u00ed\u017e\u00edc\u00edho se ekonomick\u00e9ho kolapsu.<\/span><\/p>\n<p><span>Varov\u00e1n\u00ed vydal vrchn\u00ed \u0159editel Mechi Block.<\/span><\/p>\n<p><span>Block m\u00e1 podez\u0159en\u00ed, \u017ee vrcholn\u00ed gener\u00e1ln\u00ed \u0159editel\u00e9 \u201eodch\u00e1zej\u00ed d\u0159\u00edve, ne\u017e praskne technologick\u00e1 bublina\u201c kv\u016fli jejich odli\u0161n\u00e9mu pohledu na ekonomiku.<\/span><\/p>\n<p><span>\u201eGener\u00e1ln\u00ed \u0159editel\u00e9 miliard\u00e1\u0159\u016f jako [Jeff] Bezos, [Mark] Zuckerberg, Jamie Dimon a rodina Walton\u016f prod\u00e1vaj\u00ed obrovsk\u00e9 mno\u017estv\u00ed sv\u00fdch vlastn\u00edch akci\u00ed a analytici se domn\u00edvaj\u00ed, \u017ee by se gener\u00e1ln\u00ed \u0159editel\u00e9 mohli p\u0159ipravovat na ekonomick\u00fd pokles,\u201c uvedl v klipu z \u00fanora. 29.<\/span><\/p>\n<p><span>&#8222;P\u0159eh\u0159\u00e1t\u00fd akciov\u00fd trh nad\u00e1le dosahuje nov\u00fdch maxim,&#8220; \u0159ekl.<\/span><\/p>\n<p><span>\u201eZat\u00edmco investo\u0159i podn\u011bcuj\u00ed \u0161\u00edlenstv\u00ed ze strachu, \u017ee prome\u0161kaj\u00ed, obchodn\u00ed zasv\u011bcenci vyhazuj\u00ed akcie v hodnot\u011b miliard dolar\u016f.<\/span><\/p>\n<p><span>Block uvedla, \u017ee a\u010dkoli jej\u00ed motivy nebyly prok\u00e1z\u00e1ny, \u201emohou m\u00edt v\u00e1\u017en\u00e9 d\u016fsledky pro oby\u010dejn\u00e9 Ameri\u010dany\u201c.<\/span><\/p>\n<p><span>Pot\u00e9 popsal transakce a jejich p\u016fvodce, ne\u017e navrhl teorii velmi podobnou t\u00e9, kterou m\u011bl Johnson a dal\u0161\u00ed ost\u0159\u00edlen\u00ed odborn\u00edci.<\/span><\/p>\n<p><span>&#8222;Tyto akcie se prod\u00e1vaj\u00ed, zat\u00edmco index S&amp;P 500 je na historick\u00e9m maximu,&#8220; \u0159ekl.<\/span><\/p>\n<p><span>Tuto zna\u010dku p\u0159isoudil pouze \u201esedmi\u201c spole\u010dnostem.<\/span><\/p>\n<p><span>D\u00e1le vysv\u011btlil, jak si tyto spole\u010dnosti vedly, zat\u00edmco S&amp;P prosperoval.<\/span><\/p>\n<p><span>&#8222;Akcie Meta vzrostly o 186 procent, JPMorgan vzrostl o t\u00e9m\u011b\u0159 30 procent a Amazon o t\u00e9m\u011b\u0159 90 procent,&#8220; \u0159ekl.<\/span><\/p>\n<p><span>\u201eV\u0161echny t\u0159i spole\u010dnosti obchoduj\u00ed bl\u00edzko rekordn\u00edch maxim.<\/span><\/p>\n<p><span>\u201eAnalytici se domn\u00edvaj\u00ed, \u017ee spou\u0161t\u011b\u010dem masivn\u00edho prodeje by mohly b\u00fdt nadch\u00e1zej\u00edc\u00ed volby a s nimi spojen\u00e1 volatilita.<\/span><\/p>\n<p><span>&#8222;Prodeje nazna\u010duj\u00ed, \u017ee akcie jsou pln\u011b zhodnoceny a je \u010das odej\u00edt, dokud se v\u011bci je\u0161t\u011b da\u0159\u00ed,&#8220; dodal.<\/span><\/p>\n<p><span>Stejn\u011b jako Johnson m\u00e1 podez\u0159en\u00ed, \u017ee bohat\u00ed akcion\u00e1\u0159i budou cht\u00edt vyu\u017e\u00edt slevy na da\u0148 z akci\u00ed zaveden\u00e9 za Trumpa roky p\u0159edt\u00edm, ne\u017e je nov\u00fd Kongres potenci\u00e1ln\u011b zru\u0161\u00ed.<\/span><\/p>\n<p><span>\u201eProdej velk\u00fdch blok\u016f akci\u00ed by tak\u00e9 mohl vyslat je\u0161t\u011b hor\u0161\u00ed zpr\u00e1vu jednotliv\u00fdm investor\u016fm,\u201c varoval.<\/span><\/p>\n<p><span>\u201eKdy\u017e gener\u00e1ln\u00ed \u0159editel\u00e9 kupuj\u00ed akcie, je to obvykle zn\u00e1mka d\u016fv\u011bry v budouc\u00ed r\u016fstov\u00fd potenci\u00e1l spole\u010dnosti.<\/span><\/p>\n<p><span>&#8222;Je tak\u00e9 mo\u017en\u00e9, \u017ee tito miliard\u00e1\u0159i z\u00edskaj\u00ed jin\u00fd pohled na ekonomiku a jej\u00ed v\u00fdvoj pohledem shora.&#8220;<\/span><\/p>\n<p><span>Dimon p\u0159ipomn\u011bl, \u017ee ned\u00e1vno varoval p\u0159ed astronomick\u00fdm n\u00e1r\u016fstem st\u00e1tn\u00edho dluhu, pokra\u010duj\u00edc\u00edmi dopady inflace a rostouc\u00edmi geopolitick\u00fdmi konflikty.<\/span><\/p>\n<p><span>V\u00fdsledkem bylo, \u017ee zlato se o t\u00fdden pozd\u011bji obchodovalo pobl\u00ed\u017e rekordn\u00edch maxim.<\/span><\/p>\n<p><span>Cena zlata se aktu\u00e1ln\u011b pohybuje kolem 2 193,80 USD za trojskou unci.<\/span><\/p>\n<\/div>\n<\/div>\n<div class=\"elementor-element elementor-element-8c57238 quelle dc-has-condition dc-condition-empty elementor-widget elementor-widget-heading\" data-id=\"8c57238\" data-element_type=\"widget\" data-widget_type=\"heading.default\">\n<div class=\"elementor-widget-container\">\n<h3 class=\"elementor-heading-title elementor-size-default\"><span style=\"font-size: 10pt;\"><a href=\"https:\/\/slaynews.com\/news\/wealthy-elites-mark-zuckerberg-jeff-bezos-rush-sell-off-billions-stock\/\" target=\"_blank\" rel=\"nofollow noopener\">ZDROJ<\/a><\/span><\/h3>\n<p>&nbsp;<\/p>\n<\/div>\n<\/div>\n","protected":false},"excerpt":{"rendered":"<p>Znepokojen\u00ed roste pot\u00e9, co n\u011bkter\u00e9 z nejbohat\u0161\u00edch a nejvlivn\u011bj\u0161\u00edch podnikatelsk\u00fdch elit sv\u011bta narychlo prodaly akcie&#8230;<\/p>\n","protected":false},"author":2,"featured_media":49200,"comment_status":"closed","ping_status":"closed","sticky":false,"template":"","format":"standard","meta":[],"categories":[7],"tags":[950,604,59,1147,327,2310],"_links":{"self":[{"href":"https:\/\/www.infokuryr.cz\/n\/wp-json\/wp\/v2\/posts\/49199"}],"collection":[{"href":"https:\/\/www.infokuryr.cz\/n\/wp-json\/wp\/v2\/posts"}],"about":[{"href":"https:\/\/www.infokuryr.cz\/n\/wp-json\/wp\/v2\/types\/post"}],"author":[{"embeddable":true,"href":"https:\/\/www.infokuryr.cz\/n\/wp-json\/wp\/v2\/users\/2"}],"replies":[{"embeddable":true,"href":"https:\/\/www.infokuryr.cz\/n\/wp-json\/wp\/v2\/comments?post=49199"}],"version-history":[{"count":0,"href":"https:\/\/www.infokuryr.cz\/n\/wp-json\/wp\/v2\/posts\/49199\/revisions"}],"wp:featuredmedia":[{"embeddable":true,"href":"https:\/\/www.infokuryr.cz\/n\/wp-json\/wp\/v2\/media\/49200"}],"wp:attachment":[{"href":"https:\/\/www.infokuryr.cz\/n\/wp-json\/wp\/v2\/media?parent=49199"}],"wp:term":[{"taxonomy":"category","embeddable":true,"href":"https:\/\/www.infokuryr.cz\/n\/wp-json\/wp\/v2\/categories?post=49199"},{"taxonomy":"post_tag","embeddable":true,"href":"https:\/\/www.infokuryr.cz\/n\/wp-json\/wp\/v2\/tags?post=49199"}],"curies":[{"name":"wp","href":"https:\/\/api.w.org\/{rel}","templated":true}]}}