{"id":49172,"date":"2024-03-12T00:44:17","date_gmt":"2024-03-11T23:44:17","guid":{"rendered":"https:\/\/www.infokuryr.cz\/n\/?p=49172"},"modified":"2024-03-11T19:23:12","modified_gmt":"2024-03-11T18:23:12","slug":"jiri-paroubek-sprdnuli-papeze-mluvit-o-miru-na-ukrajine-se-nesmi","status":"publish","type":"post","link":"https:\/\/www.infokuryr.cz\/n\/2024\/03\/12\/jiri-paroubek-sprdnuli-papeze-mluvit-o-miru-na-ukrajine-se-nesmi\/","title":{"rendered":"Ji\u0159\u00ed Paroubek: Sprdnuli pape\u017ee\u2026 mluvit o m\u00edru na Ukrajin\u011b se nesm\u00ed"},"content":{"rendered":"<div id=\"fb-root\"><\/div>\n<p><strong>Zat\u00edmco \u010d\u00e1st evropsk\u00fdch a americk\u00fdch politick\u00fdch elit uva\u017euje o dal\u0161\u00ed eskalaci v\u00e1le\u010dn\u00e9ho konfliktu na Ukrajin\u011b, pape\u017e Franti\u0161ek se odv\u00e1\u017eil \u0159\u00edci sv\u016fj realistick\u00fd n\u00e1zor na v\u00e1lku na Ukrajin\u011b, kter\u00fd se z\u00e1padn\u00edm mainstreamov\u00fdm m\u00e9di\u00edm nel\u00edb\u00ed. V rozhovoru poskytnut\u00e9m \u0161v\u00fdcarsk\u00e9 televizi RSI, kter\u00fd m\u00e1 b\u00fdt odvys\u00edl\u00e1n 20. b\u0159ezna, pape\u017e Franti\u0161ek sd\u011blil, \u017ee konflikt se pro Ukrajinu nevyv\u00edj\u00ed dob\u0159e a hovo\u0159il v t\u00e9to souvislosti dokonce o jej\u00ed mo\u017en\u00e9 por\u00e1\u017ece.<\/strong><\/p>\n<p>Podle m\u00e9ho n\u00e1zoru nen\u00ed pape\u017e daleko od pravdy. M\u00e1 jist\u011b dobr\u00e9 informace od s\u00edt\u011b sv\u00fdch duchovn\u00edch i v\u011b\u0159\u00edc\u00edch na Ukrajin\u011b. Nesporn\u011b tak zn\u00e1 velmi dob\u0159e i n\u00e1zorovou hladinu v\u00a0r\u00e1mci sv\u00e9 c\u00edrkve (a c\u00edrkve \u0159eckokatolick\u00e9).<\/p>\n<p><a href=\"https:\/\/stranapro.cz\/\"><img decoding=\"async\" loading=\"lazy\" class=\"wp-image-40285 aligncenter\" src=\"http:\/\/www.infokuryr.cz\/n\/wp-content\/uploads\/2023\/11\/11pro-300x79.png\" alt=\"\" width=\"554\" height=\"146\" srcset=\"https:\/\/www.infokuryr.cz\/n\/wp-content\/uploads\/2023\/11\/11pro-300x79.png 300w, https:\/\/www.infokuryr.cz\/n\/wp-content\/uploads\/2023\/11\/11pro.png 363w\" sizes=\"(max-width: 554px) 100vw, 554px\" \/><\/a><\/p>\n<p>Pape\u017e se vyj\u00e1d\u0159il jednozna\u010dn\u011b, \u017ee preferuje jedn\u00e1n\u00ed o m\u00edru mezi znep\u0159\u00e1telen\u00fdmi stranami, a to za \u00fa\u010dasti sv\u011btov\u00fdch mocnost\u00ed s\u00a0t\u00edm, \u017ee je ochoten jedn\u00e1n\u00ed zprost\u0159edkovat. V\u0161ichni, kdo cht\u011bj\u00ed vn\u00edmat realisticky vojenskou situaci na Ukrajin\u011b, dob\u0159e ch\u00e1pou, \u017ee ukrajinsk\u00e1 arm\u00e1da je, m\u00edrn\u011b \u0159e\u010deno, v\u00a0defenziv\u011b a rusk\u00e1 arm\u00e1da p\u0159evzala na boji\u0161ti strategickou iniciativu. Z\u00a0t\u00e9to z\u00e1kladn\u00ed anal\u00fdzy vych\u00e1z\u00ed pape\u017e, jeho\u017e mluv\u010d\u00ed ve Vatik\u00e1nu se ohradil tak\u00e9 proti ostr\u00fdm slov\u016fm, kter\u00e1 zazn\u011bla z\u00a0Kyjeva, kdy\u017e sd\u011blil, \u017ee \u201evyjedn\u00e1v\u00e1n\u00ed nikdy nen\u00ed kapitulac\u00ed\u201c.<\/p>\n<p>Prezident Zelensk\u00fd sn\u00ed sv\u016fj sen o tom, \u017ee na ja\u0159e ve \u0160v\u00fdcarsku prob\u011bhne m\u00edrov\u00fd summit, kde by Ukrajina p\u0159edstavila m\u00edrov\u00fd pl\u00e1n, jen\u017e zpracuje \u010di zpracov\u00e1v\u00e1 se sv\u00fdmi partnery. Tento pl\u00e1n by posl\u00e9ze p\u0159edstavila Rusku. Zd\u016fraznil, \u017ee pl\u00e1n p\u0159edpokl\u00e1d\u00e1 odchod rusk\u00fdch voj\u00e1k\u016f z\u00a0cel\u00e9 Ukrajiny a obnovu jejich st\u00e1tn\u00edch hranic v\u00a0p\u016fvodn\u00edm rozsahu, tedy v\u010detn\u011b Krymu. Zd\u00e1 se, \u017ee takov\u00fd pl\u00e1n nem\u00e1 \u0161anci na to, aby o n\u011bm Rusko v\u016fbec uva\u017eovalo, nato\u017e o n\u011bm jednalo.<\/p>\n<p><img decoding=\"async\" loading=\"lazy\" class=\"wp-image-48462 alignright\" src=\"http:\/\/www.infokuryr.cz\/n\/wp-content\/uploads\/2024\/03\/pozvanka-23-300x165.jpg\" alt=\"\" width=\"620\" height=\"341\" srcset=\"https:\/\/www.infokuryr.cz\/n\/wp-content\/uploads\/2024\/03\/pozvanka-23-300x165.jpg 300w, https:\/\/www.infokuryr.cz\/n\/wp-content\/uploads\/2024\/03\/pozvanka-23-768x422.jpg 768w, https:\/\/www.infokuryr.cz\/n\/wp-content\/uploads\/2024\/03\/pozvanka-23.jpg 898w\" sizes=\"(max-width: 620px) 100vw, 620px\" \/><\/p>\n<p>Nejnov\u011bji se pro eskalaci konfliktu na Ukrajin\u011b vyslovil tak\u00e9 \u010desk\u00fd prezident Petr Pavel, kter\u00fd ve sv\u00e9m bilan\u010dn\u00edm rozhovoru k\u00a0prvn\u00edmu v\u00fdro\u010d\u00ed sv\u00e9ho p\u016fsoben\u00ed v prezidentsk\u00e9 funkci vyj\u00e1d\u0159il, \u017ee bude mo\u017en\u00e9, aby se na Ukrajin\u011b objevili voj\u00e1ci ze zem\u00ed NATO. Ov\u0161em sv\u00e1 slova se sna\u017eil zm\u00edrnit t\u00edm, \u017ee by voj\u00e1ci zem\u00ed NATO plnili jen jakousi \u201easistenci\u201c ukrajinsk\u00e9 arm\u00e1dy. To je takov\u00e1 \u0159e\u010d, jako oble\u010den\u00e1, neoble\u010den\u00e1, podobn\u011b jako u francouzsk\u00e9ho prezidenta Macrona. Je samoz\u0159ejm\u00e9, \u017ee voj\u00e1ci zem\u00ed NATO by museli b\u00fdt na Ukrajin\u011b ozbrojeni t\u0159eba lehk\u00fdmi zbran\u011bmi. Ale byli by ozbrojeni. A pokud by Rusov\u00e9 do\u0161li k\u00a0n\u00e1zoru, \u017ee se jedn\u00e1 o podporu, kter\u00e1 umo\u017e\u0148uje ukrajinsk\u00e9 arm\u00e1d\u011b vyu\u017e\u00edvat sofistikovan\u011bj\u0161\u00ed druhy zbran\u00ed, byl by to prvn\u00ed krok k\u00a0jadern\u00e9mu konfliktu. Rusov\u00e9 by v\u00a0ur\u010dit\u00e9 f\u00e1zi mohli pou\u017e\u00edt taktick\u00e9 jadern\u00e9 zbran\u011b. A to u\u017e by byla cesta, kter\u00e1 by se nedala zastavit. Lidstvo by se dostalo do smrt\u00edc\u00edho jadern\u00e9ho konfliktu. Z\u00a0tohoto hlediska oce\u0148uji vyj\u00e1d\u0159en\u00ed pape\u017ee Franti\u0161ka, kter\u00fd na rozd\u00edl od v\u011bt\u0161iny politik\u016f Z\u00e1pad\u016f nemluv\u00ed o v\u00e1lce, ale o pot\u0159eb\u011b m\u00edru. I dnes je\u0161t\u011b sly\u0161\u00edme nerealistick\u00e1 slova o nezbytnosti v\u00edt\u011bzstv\u00ed Ukrajiny v\u00a0konfliktu s\u00a0Ruskem. Jsou to jen chim\u00e9ry.<\/p>\n<p>Na jedn\u00e9 stran\u011b se na Z\u00e1pad\u011b zpochyb\u0148uj\u00ed schopnosti rusk\u00e9 arm\u00e1dy a jej\u00edch velitel\u016f, ekonomick\u00fd a zbrojn\u00ed potenci\u00e1l Ruska a schopnosti jeho v\u016fdc\u016f. Na druh\u00e9 stran\u011b se na Z\u00e1pad\u011b mluv\u00ed o tom, \u017ee Rusko chce obsadit zem\u011b v\u00fdchodn\u00ed a st\u0159edn\u00ed Evropy. Jedno s druh\u00fdm nejde dohromady.<\/p>\n<p>Pape\u017eova m\u00edrov\u00e1 iniciativa je krokem spr\u00e1vn\u00fdm sm\u011brem.<\/p>\n<p><a href=\"https:\/\/vasevec.info\/komentare\/sprdnuli-papeze-mluvit-o-miru-na-ukrajine-se-nesmi\">Ji\u0159\u00ed Paroubek<\/a><\/p>\n<p><img decoding=\"async\" loading=\"lazy\" class=\"alignnone size-medium wp-image-2342\" src=\"http:\/\/www.infokuryr.cz\/n\/wp-content\/uploads\/2021\/06\/paroubek-300x208.jpg\" alt=\"\" width=\"300\" height=\"208\" srcset=\"https:\/\/www.infokuryr.cz\/n\/wp-content\/uploads\/2021\/06\/paroubek-300x208.jpg 300w, https:\/\/www.infokuryr.cz\/n\/wp-content\/uploads\/2021\/06\/paroubek.jpg 318w\" sizes=\"(max-width: 300px) 100vw, 300px\" \/><\/p>\n<p>&nbsp;<\/p>\n","protected":false},"excerpt":{"rendered":"<p>Zat\u00edmco \u010d\u00e1st evropsk\u00fdch a americk\u00fdch politick\u00fdch elit uva\u017euje o dal\u0161\u00ed eskalaci v\u00e1le\u010dn\u00e9ho konfliktu na Ukrajin\u011b,&#8230;<\/p>\n","protected":false},"author":2,"featured_media":18060,"comment_status":"closed","ping_status":"closed","sticky":false,"template":"","format":"standard","meta":[],"categories":[6],"tags":[1503,254,26],"_links":{"self":[{"href":"https:\/\/www.infokuryr.cz\/n\/wp-json\/wp\/v2\/posts\/49172"}],"collection":[{"href":"https:\/\/www.infokuryr.cz\/n\/wp-json\/wp\/v2\/posts"}],"about":[{"href":"https:\/\/www.infokuryr.cz\/n\/wp-json\/wp\/v2\/types\/post"}],"author":[{"embeddable":true,"href":"https:\/\/www.infokuryr.cz\/n\/wp-json\/wp\/v2\/users\/2"}],"replies":[{"embeddable":true,"href":"https:\/\/www.infokuryr.cz\/n\/wp-json\/wp\/v2\/comments?post=49172"}],"version-history":[{"count":0,"href":"https:\/\/www.infokuryr.cz\/n\/wp-json\/wp\/v2\/posts\/49172\/revisions"}],"wp:featuredmedia":[{"embeddable":true,"href":"https:\/\/www.infokuryr.cz\/n\/wp-json\/wp\/v2\/media\/18060"}],"wp:attachment":[{"href":"https:\/\/www.infokuryr.cz\/n\/wp-json\/wp\/v2\/media?parent=49172"}],"wp:term":[{"taxonomy":"category","embeddable":true,"href":"https:\/\/www.infokuryr.cz\/n\/wp-json\/wp\/v2\/categories?post=49172"},{"taxonomy":"post_tag","embeddable":true,"href":"https:\/\/www.infokuryr.cz\/n\/wp-json\/wp\/v2\/tags?post=49172"}],"curies":[{"name":"wp","href":"https:\/\/api.w.org\/{rel}","templated":true}]}}