{"id":49155,"date":"2024-03-12T00:49:08","date_gmt":"2024-03-11T23:49:08","guid":{"rendered":"https:\/\/www.infokuryr.cz\/n\/?p=49155"},"modified":"2024-03-11T18:39:38","modified_gmt":"2024-03-11T17:39:38","slug":"eric-margolis-vrazda-v-gaze","status":"publish","type":"post","link":"https:\/\/www.infokuryr.cz\/n\/2024\/03\/12\/eric-margolis-vrazda-v-gaze\/","title":{"rendered":"Eric Margolis: Vra\u017eda v Gaze"},"content":{"rendered":"<div id=\"fb-root\"><\/div>\n<div class=\"elementor-element elementor-element-1fb4c2c elementor-widget elementor-widget-theme-post-content\" data-id=\"1fb4c2c\" data-element_type=\"widget\" data-widget_type=\"theme-post-content.default\">\n<div class=\"elementor-widget-container\">\n<p><strong>Dobr\u00e1 pr\u00e1ce, pane prezidente Bidene.\u00a0Dok\u00e1zali jste to, co se nepoda\u0159ilo americk\u00fdm nep\u0159\u00e1tel\u016fm: rozdm\u00fdchali nen\u00e1vist v\u016f\u010di Spojen\u00fdm st\u00e1t\u016fm po cel\u00e9m sv\u011bt\u011b. Jejich ni\u010den\u00ed uprchlick\u00fdch t\u00e1bor\u016f v Gaze rozdm\u00fdchalo antisemitismus v\u0161ude.<\/strong><\/p>\n<p><span>Na americkou vl\u00e1du je roz\u0161\u00ed\u0159en\u00e9 znechucen\u00ed a hn\u011bv za to, \u017ee dala nov\u00e9 izraelsk\u00e9 krajn\u011b pravicov\u00e9 vl\u00e1d\u011b volnou ruku k masakrov\u00e1n\u00ed vzbou\u0159en\u00fdch Palestinc\u016f v otev\u0159en\u00e9m v\u011bzen\u00ed v Gaze.\u00a0Po\u010det ob\u011bt\u00ed je nyn\u00ed p\u0159es 31 000 a nejm\u00e9n\u011b 70 000 v\u00e1\u017en\u011b zran\u011bn\u00fdch, nepo\u010d\u00edtaje dlouhodob\u00e9 n\u00e1sledky podv\u00fd\u017eivy a hladu.\u00a0V\u011bt\u0161ina ob\u011bt\u00ed jsou \u017eeny a d\u011bti.<\/span><\/p>\n<p><span>V\u0161echny nemocnice v p\u00e1smu Gazy byly zni\u010deny izraelsk\u00fdmi bombami a palbou z tank\u016f.\u00a0Bidenova administrativa dodala izraelsk\u00fdm obrn\u011bn\u00fdm sil\u00e1m tankov\u00e9 gran\u00e1ty.\u00a0Velk\u00e9 mno\u017estv\u00ed zbran\u00ed a z\u00e1sob, kter\u00e9 \u00fadajn\u011b poskytly USA pro nouzovou situaci, bylo nab\u00eddnuto Izraeli, aby pokra\u010doval v masakru v Gaze.\u00a0Takov\u00e9 jedn\u00e1n\u00ed poru\u0161uje z\u00e1kony USA, kter\u00e9 zakazuj\u00ed pou\u017eit\u00ed zbran\u00ed dodan\u00fdch USA proti civilist\u016fm.\u00a0Shazov\u00e1n\u00ed 2000librov\u00fdch bomb na domy je podle izraelsk\u00fdch l\u00e9ka\u0159\u016f \u201eprotiteroristick\u00fd\u201c.\u00a0Zbytek sv\u011bta to tak nevid\u00ed.<\/span><\/p>\n<p><span>Samoz\u0159ejm\u011b krom\u011b USA, Kanady a Velk\u00e9 Brit\u00e1nie, kde m\u00e9di\u00edm dominuj\u00ed p\u0159\u00edznivci izraelsk\u00e9 nyn\u00ed vl\u00e1dnouc\u00ed extr\u00e9mn\u00ed pravice.\u00a0A Washington paralyzovan\u00fd p\u0159edvolebn\u00ed hore\u010dkou.\u00a0Palestin\u0161t\u00ed \u201eterorist\u00e9\u201c z\u00e1m\u011brn\u011b nar\u00e1\u017eej\u00ed na izraelsk\u00e9 tanky, gran\u00e1ty a bomby, jen aby zdiskreditovali Izrael.\u00a0Hlavn\u00ed finan\u010dn\u00ed d\u00e1rci terorizuj\u00ed velk\u00e9 americk\u00e9 a britsk\u00e9 vzd\u011bl\u00e1vac\u00ed instituce.\u00a0Spisovatel\u00e9, kte\u0159\u00ed se odv\u00e1\u017e\u00ed zpochybnit izraelskou stranickou linii v Gaze, budou na \u010dern\u00e9 listin\u011b.\u00a0Ti ctihodn\u00ed \u017did\u00e9, kte\u0159\u00ed odsuzuj\u00ed brut\u00e1ln\u00ed politiku Izraele v Gaze, jsou odsuzov\u00e1ni jako \u201esebenen\u00e1vid\u00edc\u00ed \u017did\u00e9\u201c.<\/span><\/p>\n<p><span>Nen\u00ed n\u00e1m \u0159e\u010deno, \u017ee vyd\u011b\u0161en\u00e9 civiln\u00ed obyvatelstvo P\u00e1sma Gazy p\u016fvodn\u011b poch\u00e1z\u00ed z P\u00e1sma Gazy a Galileje, odkud je po roce 1948 etnick\u00e9 \u010distky a masakry vyhnaly z jejich historick\u00fdch rodn\u00fdch m\u011bst do zajateck\u00e9ho t\u00e1bora P\u00e1sma Gazy.\u00a0Jejich p\u016fdu zabavila izraelsk\u00e1 vl\u00e1da nebo pravicov\u00ed osadn\u00edci, mnoz\u00ed ze Spojen\u00fdch st\u00e1t\u016f.<\/span><\/p>\n<p><span>V\u00edme jen m\u00e1lo o \u00fadajn\u00e9m masakru asi 1000 Izraelc\u016f, kte\u0159\u00ed se z\u00fa\u010dastnili hudebn\u00edho festivalu na b\u00fdval\u00e9 arabsk\u00e9 p\u016fd\u011b.\u00a0Zn\u00e1m tento region docela dob\u0159e, proto\u017ee jsem v 50. letech nav\u0161t\u00edvil kibuc Nahal Oz, abych se setkal s p\u0159\u00edbuzn\u00fdmi a vid\u011bl, jak Izrael \u00fadajn\u011b rozkv\u00e9tal kdysi ne\u00farodnou p\u016fdu.\u00a0Podle tehdej\u0161\u00ed izraelsk\u00e9 premi\u00e9rky, kter\u00e1 sama poch\u00e1zela z Ukrajiny, \u017e\u00e1dn\u00ed Palestinci nebyli.<\/span><\/p>\n<p><span>Izraelskou vl\u00e1dnouc\u00ed krajn\u00ed pravici popsal jako \u201e\u017eidovsk\u00e9 fa\u0161isty\u201c zesnul\u00fd velk\u00fd izraelsk\u00fd spisovatel Uri Avnery.\u00a0Zjevn\u011b maj\u00ed v \u00famyslu rozdrtit p\u00e1smo Gazy a jeho obyvatele na prach.\u00a0Na okupovan\u00e9m Z\u00e1padn\u00edm b\u0159ehu je velk\u00e9 mno\u017estv\u00ed Palestinc\u016f, z nich\u017e n\u011bkte\u0159\u00ed byli tento t\u00fdden zast\u0159eleni.\u00a0C\u00edlem izraelsk\u00e9 krajn\u00ed pravice je vyhnat tyto Araby z cel\u00e9ho Z\u00e1padn\u00edho b\u0159ehu, kter\u00fd Izrael dobyl ve v\u00e1lce v roce 1967, a zatla\u010dit je do such\u00e9 jord\u00e1nsk\u00e9 pou\u0161t\u011b.\u00a0Izrael ji\u017e dlouho sleduje ji\u017en\u00ed Libanon a vody \u0159eky Litani.<\/span><\/p>\n<p><span>&#8222;Ned\u011blejte si starosti s t\u00edm, co \u0159ekne Washington,&#8220; \u0159ekl str\u016fjce tohoto zmatku, zesnul\u00fd gener\u00e1l Ariel Sharon.\u00a0&#8222;Ovl\u00e1d\u00e1m Washington.&#8220;\u00a0To je pravda, jak ukazuje Biden a jeho party.\u00a0D\u00e1rci z Wall Street se stali d\u016fle\u017eit\u011bj\u0161\u00edmi ne\u017e geopolitick\u00e9 z\u00e1jmy Ameriky.<\/span><\/p>\n<p><span>Zaj\u00edmav\u00e9 je, \u017ee pravd\u011bpodobn\u00fd v\u00edt\u011bz nadch\u00e1zej\u00edc\u00edch americk\u00fdch prezidentsk\u00fdch voleb Donald Trump je je\u0161t\u011b hlasit\u011bj\u0161\u00edm zast\u00e1ncem Izraele.\u00a0Ale ani mnoho demokrat\u016f nev\u011b\u0159\u00ed jeho loajalit\u011b v\u016f\u010di Izraeli, i kdy\u017e je otev\u0159en\u011b proti Arab\u016fm a muslim\u016fm.\u00a0Zd\u00e1 se, \u017ee Trump m\u00e1 jasn\u011bj\u0161\u00ed p\u0159edstavu o tom, kde le\u017e\u00ed americk\u00e9 z\u00e1jmy \u2013 nedovol\u00ed Izraeli, aby Ameriku oklamal.<\/span><\/p>\n<p><span>Izrael\u0161t\u00ed severoameri\u010dt\u00ed partyz\u00e1ni opakovan\u011b prom\u00edtaj\u00ed star\u00e9 filmy o holocaustu, aby ospravedlnili devastaci p\u00e1sma Gazy.\u00a0M\u011bli bychom si pamatovat, \u017ee v oble\u017een\u00e9m var\u0161avsk\u00e9m ghettu bylo m\u00e9n\u011b ne\u017e o polovinu m\u00e9n\u011b \u017did\u016f, ne\u017e je dnes Palestinc\u016f v Gaze.<\/span><\/p>\n<p><span>Ameri\u010dan\u00e9 by se m\u011bli za Bidena styd\u011bt.\u00a0Jeho vl\u00e1da, infiltrovan\u00e1 a \u0159\u00edzen\u00e1 krajn\u011b pravicov\u00fdmi neokonzervativci, nereprezentuje americk\u00e9 hodnoty ani tradice.\u00a0Gaza z\u016fstane velk\u00fdm zlo\u010dinem a temnou skvrnou na americk\u00e9 cti.<\/span><\/p>\n<\/div>\n<\/div>\n<div class=\"elementor-element elementor-element-8c57238 quelle dc-has-condition dc-condition-empty elementor-widget elementor-widget-heading\" data-id=\"8c57238\" data-element_type=\"widget\" data-widget_type=\"heading.default\">\n<div class=\"elementor-widget-container\">\n<h3 class=\"elementor-heading-title elementor-size-default\"><span style=\"font-size: 10pt;\"><a href=\"https:\/\/ericmargolis.com\/2024\/03\/murder-in-gaza\/\" target=\"_blank\" rel=\"nofollow noopener\">ZDROJ<\/a><\/span><\/h3>\n<p>&nbsp;<\/p>\n<\/div>\n<\/div>\n","protected":false},"excerpt":{"rendered":"<p>Dobr\u00e1 pr\u00e1ce, pane prezidente Bidene.\u00a0Dok\u00e1zali jste to, co se nepoda\u0159ilo americk\u00fdm nep\u0159\u00e1tel\u016fm: rozdm\u00fdchali nen\u00e1vist v\u016f\u010di&#8230;<\/p>\n","protected":false},"author":2,"featured_media":49156,"comment_status":"closed","ping_status":"closed","sticky":false,"template":"","format":"standard","meta":[],"categories":[7],"tags":[72,348,276],"_links":{"self":[{"href":"https:\/\/www.infokuryr.cz\/n\/wp-json\/wp\/v2\/posts\/49155"}],"collection":[{"href":"https:\/\/www.infokuryr.cz\/n\/wp-json\/wp\/v2\/posts"}],"about":[{"href":"https:\/\/www.infokuryr.cz\/n\/wp-json\/wp\/v2\/types\/post"}],"author":[{"embeddable":true,"href":"https:\/\/www.infokuryr.cz\/n\/wp-json\/wp\/v2\/users\/2"}],"replies":[{"embeddable":true,"href":"https:\/\/www.infokuryr.cz\/n\/wp-json\/wp\/v2\/comments?post=49155"}],"version-history":[{"count":1,"href":"https:\/\/www.infokuryr.cz\/n\/wp-json\/wp\/v2\/posts\/49155\/revisions"}],"predecessor-version":[{"id":49157,"href":"https:\/\/www.infokuryr.cz\/n\/wp-json\/wp\/v2\/posts\/49155\/revisions\/49157"}],"wp:featuredmedia":[{"embeddable":true,"href":"https:\/\/www.infokuryr.cz\/n\/wp-json\/wp\/v2\/media\/49156"}],"wp:attachment":[{"href":"https:\/\/www.infokuryr.cz\/n\/wp-json\/wp\/v2\/media?parent=49155"}],"wp:term":[{"taxonomy":"category","embeddable":true,"href":"https:\/\/www.infokuryr.cz\/n\/wp-json\/wp\/v2\/categories?post=49155"},{"taxonomy":"post_tag","embeddable":true,"href":"https:\/\/www.infokuryr.cz\/n\/wp-json\/wp\/v2\/tags?post=49155"}],"curies":[{"name":"wp","href":"https:\/\/api.w.org\/{rel}","templated":true}]}}