{"id":49132,"date":"2024-03-12T00:40:48","date_gmt":"2024-03-11T23:40:48","guid":{"rendered":"https:\/\/www.infokuryr.cz\/n\/?p=49132"},"modified":"2024-03-11T17:43:51","modified_gmt":"2024-03-11T16:43:51","slug":"myslela-si-ze-zemre-francouzske-hvezdy-a-bohati-terorizovani-vlnou-nasilnych-vykradani-domu","status":"publish","type":"post","link":"https:\/\/www.infokuryr.cz\/n\/2024\/03\/12\/myslela-si-ze-zemre-francouzske-hvezdy-a-bohati-terorizovani-vlnou-nasilnych-vykradani-domu\/","title":{"rendered":"\u201eMyslela si, \u017ee zem\u0159e\u201c \u2013 francouzsk\u00e9 hv\u011bzdy a bohat\u00ed terorizov\u00e1ni vlnou n\u00e1siln\u00fdch \u201evykr\u00e1d\u00e1n\u00ed dom\u016f\u201c"},"content":{"rendered":"<div id=\"fb-root\"><\/div>\n<p><span style=\"font-size: 18pt;\"><strong>Francouz\u0161t\u00ed ob\u010dan\u00e9 se v lo\u0148sk\u00e9m roce vypo\u0159\u00e1dali s v\u00edce ne\u017e 210 000 vloup\u00e1n\u00edmi do dom\u016f, ale vykr\u00e1d\u00e1n\u00ed dom\u016f je nejd\u011bsiv\u011bj\u0161\u00ed p\u0159\u00edpady a st\u00e1le \u010dast\u011bji se zam\u011b\u0159uj\u00ed na bohat\u00e9.<\/strong><\/span><\/p>\n<p><span>Celebrity jsou po cel\u00e9 Francii ter\u010dem bezprecedentn\u00ed vlny \u201ehome-jacking\u016f\u201c, co\u017e jsou vloup\u00e1n\u00ed doprov\u00e1zen\u00e1 n\u00e1sil\u00edm a \u00fanosy.\u00a0Tyto p\u0159\u00edpady se \u010dasto t\u00fdkaj\u00ed \u201emlad\u00fdch\u201c rekrutovan\u00fdch zku\u0161en\u00fdmi v\u016fdci, jako je Kamel Z., kte\u0159\u00ed si udr\u017euj\u00ed odstup od sv\u00fdch krimin\u00e1ln\u00edch pod\u0159\u00edzen\u00fdch, aby se izolovali p\u0159ed jak\u00fdmkoli st\u00edh\u00e1n\u00edm.<\/span><\/p>\n<p><span>Tato zem\u011b m\u00e1 za sebou historii t\u011bchto n\u00e1siln\u00fdch domovn\u00edch invaz\u00ed, ale v posledn\u00edch m\u011bs\u00edc\u00edch do\u0161lo k explozi takov\u00fdch p\u0159\u00edpad\u016f, v\u010detn\u011b zn\u00e1m\u00fdch francouzsk\u00fdch osobnost\u00ed, jako jsou Vitaa, Bruno Guillon, Jean-Fran\u00e7ois Pi\u00e8ge, Anne-Sophie Lapix a Nikos Aliagas.<\/span><\/p>\n<h2 class=\"wp-block-heading\"><span>Rok 2023 znamen\u00e1 nov\u00fd miln\u00edk<\/span><\/h2>\n<p><span>Ve speci\u00e1ln\u00ed televizn\u00ed report\u00e1\u017ei\u00a0<\/span><a class=\"ek-link\" href=\"https:\/\/www.bfmtv.com\/police-justice\/home-jacking-quand-la-terreur-penetre-dans-le-domicile-des-stars-et-des-francais_GN-202402190844.html\"><span>BFMTV<\/span><\/a><span>\u00a0francouzsk\u00e9 zpravodajstv\u00ed zhodnotilo nejnov\u011bj\u0161\u00ed p\u0159\u00edpady.\u00a021. \u010dervence 2023 vnikl gang do pa\u0159\u00ed\u017esk\u00e9ho domova italsk\u00e9ho brank\u00e1\u0159e PSG Gianluigiho Donnarummy a jeho partnerky, p\u0159i\u010dem\u017e pachatel\u00e9 ob\u011b ob\u011bti sv\u00e1zali a svl\u00e9kli.\u00a0Pot\u00e9, 27. z\u00e1\u0159\u00ed, do\u0161lo ke stejn\u00e9mu typu dom\u00e1c\u00ed invaze, p\u0159i\u010dem\u017e ob\u011bti byly tak\u00e9 svl\u00e9k\u00e1ny, proti Brunu Guillonovi v oblasti Pa\u0159\u00ed\u017ee.\u00a0Guillonovi, moder\u00e1torovi francouzsk\u00e9 televize, bylo vyhro\u017eov\u00e1no pistol\u00ed, zat\u00edmco jeho \u017eena byla sv\u00e1z\u00e1na, roubov\u00e1na a ohro\u017eov\u00e1na kladivem. Jejich 14let\u00fd syn byl tak\u00e9 sv\u00e1z\u00e1n ve sv\u00e9m pokoji.<\/span><\/p>\n<p><span>18. prosince do\u0161lo k invazi do domu Alexandra Leteliera, kter\u00fd slou\u017e\u00ed jako z\u00e1lo\u017en\u00ed brank\u00e1\u0159 PSG.\u00a0Jemu i jeho partnerce vyhro\u017eovali smrt\u00ed p\u0159ed o\u010dima jejich dvou d\u011bt\u00ed ve v\u011bku dvou a \u0161esti let.\u00a0Jen o dva dny pozd\u011bji, 20. prosince, byla zp\u011bva\u010dka Vitaa spolu se sv\u00fdm man\u017eelem a t\u0159emi d\u011btmi unesena pot\u00e9, co byla ter\u010dem \u00fatoku v jejich dom\u011b v Rueil-Malmaison.<\/span><\/p>\n<p><span>Jen o n\u011bkolik t\u00fddn\u016f pozd\u011bji, 6. \u00fanora 2024, se t\u00fdm vloupal do domu Ayi Nakumry v Seine-Saint-Denis v Pa\u0159\u00ed\u017ei.\u00a0Zbili ho a\u017e do nemocnice a vykradli jeho bydli\u0161t\u011b.<\/span><\/p>\n<p><span>Dal\u0161\u00ed celebrity, jako Nikos Alliagas, \u0159ecko-francouzsk\u00fd bavi\u010d a novin\u00e1\u0159, stejn\u011b jako novin\u00e1\u0159ka Anne-Sophie Lapixov\u00e1, se tak\u00e9 staly ter\u010dem zlod\u011bjsk\u00fdch t\u00fdm\u016f, ale tyto pokusy byly zma\u0159eny.<\/span><\/p>\n<p><span>Jak uv\u00e1d\u00ed BMFTV, mnoho z t\u011bchto celebrit je c\u00edlem jejich p\u0159\u00edtomnosti na soci\u00e1ln\u00edch s\u00edt\u00edch, kde p\u0159edv\u00e1d\u011bj\u00ed sv\u00e9 luxusn\u00ed hodinky, kabelky a dal\u0161\u00ed p\u0159edm\u011bty.<\/span><\/p>\n<p><span>&#8222;Jsou zn\u00e1m\u00ed t\u00edm, \u017ee maj\u00ed pen\u00edze a majetek,&#8220; \u0159ekl Laurent Nu\u00f1ez, \u0161\u00e9f pa\u0159\u00ed\u017esk\u00e9 policie.\u00a0\u201eSta\u010d\u00ed sledovat ur\u010dit\u00e9 profily na Facebooku nebo Instagramu.\u00a0Najdeme spoustu informac\u00ed, jak o majetku budouc\u00edch ob\u011bt\u00ed, tak samoz\u0159ejm\u011b o jejich adres\u00e1ch a \u017eivotn\u00edm stylu.\u201c<\/span><\/p>\n<p><span>Jakmile jsou informace shrom\u00e1\u017ed\u011bny, mohou zlo\u010dinci jednat.\u00a0Ve v\u011bt\u0161in\u011b p\u0159\u00edpad\u016f se \u201evyd\u00e1vaj\u00ed za fale\u0161n\u00e9ho doru\u010dovatele z La Poste nebo Amazonu (\u2026) s bal\u00edkem v ruce,\u201c vysv\u011btluje Djassim Belkourchia, deleg\u00e1t odborov\u00e9ho svazu Alliance Police Nationale.<\/span><\/p>\n<p><span>\u201eP\u00e1ch\u00e1n\u00ed dom\u00e1c\u00edho n\u00e1sil\u00ed v p\u0159\u00edtomnosti obyvatel jim \u010dasto umo\u017e\u0148uje po\u017e\u00e1dat o informace o tom, kde se nach\u00e1z\u00ed hledan\u00e9 zbo\u017e\u00ed, \u0161perky, luxusn\u00ed hodinky nebo po\u010d\u00edta\u010dov\u00e9 vybaven\u00ed,\u201c odhaduje Laurent Nu\u00f1ez.<\/span><\/p>\n<h2 class=\"wp-block-heading\"><span>Francie bezmocn\u00e1 zastavit zlo\u010diny<\/span><\/h2>\n<p><span>P\u0159esto\u017ee tyto zlo\u010diny v posledn\u00edch m\u011bs\u00edc\u00edch nabraly na obr\u00e1tk\u00e1ch, Francii su\u017euj\u00ed ji\u017e dlouho.\u00a0V \u010dervenci 2021 se televizn\u00ed moder\u00e1tor Guillaume Pley dozv\u011bd\u011bl, \u017ee jeho man\u017eelka a syn se spolu s jejich ch\u016fvou stali ob\u011bt\u00ed n\u00e1siln\u00e9ho vykr\u00e1d\u00e1n\u00ed domu, kdy\u017e let\u011bl na filmov\u00fd festival v Cannes.<\/span><\/p>\n<p><span>V tom p\u0159\u00edpad\u011b do domu vtrhli t\u0159i mu\u017ei, kdy\u017e matka Agathe otev\u0159ela dve\u0159e a o\u010dek\u00e1vala ch\u016fvu.<\/span><\/p>\n<p><span>Nam\u00ed\u0159ili pistoli na hlavu jej\u00edho syna a \u0159ekli Agathe: &#8222;Pokud ud\u011bl\u00e1\u0161 n\u011bjak\u00fd hluk, v\u00ed\u0161, co se stane.&#8220;<\/span><\/p>\n<p><span>&#8222;Pro matku je to t\u011b\u017ek\u00e9, je to sc\u00e9na, na kterou nezapomene,&#8220; \u0159ekl k incidentu.<\/span><\/p>\n<p><span>Zlod\u011bji hledali luxusn\u00ed hodinky, kter\u00e9 vid\u011bli francouzsk\u00e9ho hostitele nosit na soci\u00e1ln\u00edch s\u00edt\u00edch, ale m\u011bl je na sob\u011b b\u011bhem letu.<\/span><\/p>\n<p><span>&#8222;Myslela si, \u017ee zem\u0159e, proto\u017ee na ni byli velmi tvrd\u00ed, kdy\u017e nemohli naj\u00edt trezor.&#8220;\u00a0Trochu se z toho zbl\u00e1znili,\u201c \u0159ekl.<\/span><\/p>\n<p><span>Lupi\u010di utekli s pad\u011blanou verz\u00ed hodinek v hodnot\u011b n\u011bkolika set eur.<\/span><\/p>\n<h2 class=\"wp-block-heading\"><span>V\u011bt\u0161ina zlo\u010dinc\u016f jsou nezletil\u00ed<\/span><\/h2>\n<p><span>Po dom\u00e1c\u00ed invazi do Guillonu byli zat\u010deni dva nezletil\u00ed a dva dal\u0161\u00ed, kte\u0159\u00ed byli sotva dosp\u011bl\u00ed.<\/span><\/p>\n<p><span>\u201eProfil t\u011bchto mlad\u00fdch pachatel\u016f je charakteristick\u00fd t\u00edm, \u017ee jsou v podstat\u011b v\u0161ichni nezletil\u00ed.\u00a0Policie a justice je dokonale znaj\u00ed za n\u00e1siln\u00e9 \u010diny (\u2026), n\u011bkdy dokonce za n\u00e1sil\u00ed se zbran\u011bmi na obchodov\u00e1n\u00ed s drogami, a ji\u017e je odsoudily soudn\u00ed org\u00e1ny,\u201c \u0159ekl Philippe Franchet, komisa\u0159 policejn\u00ed jednotky pro represi bandit\u016f ve Versailles.<\/span><\/p>\n<p><span>Navzdory \u00fa\u010dasti na t\u011bchto vysoce sledovan\u00fdch zlo\u010dinech v\u0161ak mnoho z t\u011bchto mlad\u00fdch lid\u00ed m\u00e1 jen m\u00e1lo zku\u0161enost\u00ed s dom\u00e1c\u00edm n\u00e1sil\u00edm.\u00a0Ve v\u011bt\u0161in\u011b p\u0159\u00edpad\u016f je naverbuj\u00ed profesion\u00e1lov\u00e9, jako je policist\u016fm dob\u0159e zn\u00e1m\u00fd 27let\u00fd Kamel Z., kter\u00fd m\u00e1 na kont\u011b sedm odsouzen\u00ed.<\/span><\/p>\n<p><span>Je obvin\u011bn z n\u00e1boru mlad\u00fdch mu\u017e\u016f po cel\u00e9 Pa\u0159\u00ed\u017ei a v mnoha p\u0159\u00edpadech jim plat\u00ed jen p\u00e1r tis\u00edc eur.\u00a0Tito pod\u0159\u00edzen\u00ed se navz\u00e1jem neznaj\u00ed a \u010dasto v\u011bd\u00ed velmi m\u00e1lo o sv\u00fdch c\u00edlech.<\/span><\/p>\n<p><span>\u201eOni u\u017e maj\u00ed n\u011bjak\u00e9 zku\u0161enosti ve sv\u011bt\u011b banditismu a policejn\u00edch technik.\u00a0Mysl\u00ed si, \u017ee se ochr\u00e1n\u00ed p\u0159ed vy\u0161et\u0159ov\u00e1n\u00edm a trestn\u00ed odpov\u011bdnost\u00ed t\u00edm, \u017ee pou\u017eij\u00ed o n\u011bco m\u00e9n\u011b zku\u0161en\u00e9 mlad\u00e9 lidi,\u201c vysv\u011btluje Philippe Franchet.<\/span><\/p>\n<p><span>Kamel Z. byl ob\u017ealov\u00e1n z vyd\u00edr\u00e1n\u00ed v dom\u011b Bruna Guillona, \u200b\u200bale vy\u0161et\u0159ovatel\u00e9 tak\u00e9 zkoumaj\u00ed jeho roli v dal\u0161\u00edch n\u00e1siln\u00fdch vyd\u00edr\u00e1n\u00edch.<\/span><\/p>\n<p><span>Zpr\u00e1va BFMTV poznamen\u00e1v\u00e1, \u017ee tyto dom\u00e1c\u00ed \u00fatoky se nezam\u011b\u0159uj\u00ed pouze na celebrity, ale tak\u00e9 na rodiny, kter\u00e9 nemaj\u00ed \u017e\u00e1dnou roli p\u0159ed ve\u0159ejnost\u00ed.\u00a0Nap\u0159\u00edklad rodina Merlinov\u00fdch byla v dubnu 2023 ter\u010dem v Calais. Matka Aurelie byla ve sp\u00e1nku na pohovce konfrontov\u00e1na mu\u017eem v b\u00edl\u00e9 masce a \u010dern\u00e9 k\u00e1pi.<\/span><\/p>\n<p><span>&#8222;Za\u010dal m\u011b b\u00edt do obli\u010deje.\u00a0Byl jsem tak paralyzovan\u00fd, \u017ee jsem ty r\u00e1ny ani nec\u00edtil.\u00a0Nic m\u011b nebolelo, ale c\u00edtil jsem, jak mi krev za\u010d\u00edn\u00e1 st\u00e9kat po tv\u00e1\u0159i.\u00a0Znovu m\u011b pra\u0161til, po\u017e\u00e1dal m\u011b o pen\u00edze a utekl,\u201c \u0159\u00edk\u00e1 matka.<\/span><\/p>\n<p><span>Popsala to jako traumatickou ud\u00e1lost, kter\u00e1 ji nechala ka\u017edou noc kontrolovat okna ze strachu, \u017ee by n\u011bkdo mohl vklouznout do domu.<\/span><\/p>\n<p><span>Jeden psycholog popsal tyto n\u00e1silnosti jako jeden z nejtraumati\u010dt\u011bj\u0161\u00edch zlo\u010din\u016f, kter\u00e9 m\u016f\u017ee kdo za\u017e\u00edt.<\/span><\/p>\n<p><span>&#8222;Je to n\u011bkdo, kdo vstoup\u00ed do jejich soukrom\u00e9ho prostoru&#8230; Ob\u011b\u0165 je ve sv\u00e9 mysli poznamenan\u00e1, v\u00ed, \u017ee zde do\u0161lo k traumatu, a aby se mohla vr\u00e1tit, aby se znovu vybudovala, mus\u00ed oto\u010dit str\u00e1nku, a proto velmi zm\u011bnit domov.&#8220; \u010dasto,\u201c \u0159ekla psycholo\u017eka Marjorie Sueurov\u00e1.<\/span><\/p>\n<p><span>V mnoha p\u0159\u00edpadech se ob\u011btem doporu\u010duje, aby zm\u011bnily sv\u00e9 domovy a za\u010daly n\u011bkde jinde.<\/span><\/p>\n<h2 class=\"wp-block-heading\"><span>Prodej zabezpe\u010den\u00ed dom\u016f prudce stoup\u00e1<\/span><\/h2>\n<p><span>Brut\u00e1ln\u00ed zlo\u010din \u010dasto zanech\u00e1 v mnoha rodin\u00e1ch traumata zahrnuj\u00edc\u00ed fyzick\u00e9 i psychick\u00e9 jizvy.\u00a0Takov\u00e9 p\u0159\u00edpady nezasahuj\u00ed jen bohat\u00e9 a slavn\u00e9, ale b\u011b\u017en\u00ed francouz\u0161t\u00ed ob\u010dan\u00e9 loni \u0159e\u0161ili p\u0159es 210 000 vloup\u00e1n\u00ed do domu, p\u0159i\u010dem\u017e t\u0159etina z nich se stala, kdy\u017e byla rodina je\u0161t\u011b doma.<\/span><\/p>\n<p><span>Prodej dom\u00e1c\u00edch bezpe\u010dnostn\u00edch syst\u00e9m\u016f nyn\u00ed prudce stoup\u00e1 a Francie se bl\u00ed\u017e\u00ed ke stavu nejistoty, kter\u00fd je \u010dasto pozorov\u00e1n v zem\u00edch jako Ji\u017en\u00ed Afrika a Braz\u00edlie.<\/span><\/p>\n<p><span>Jeden obchodn\u00edk zab\u00fdvaj\u00edc\u00ed se prodejem dom\u00e1c\u00edch bezpe\u010dnostn\u00edch syst\u00e9m\u016f \u0159\u00edk\u00e1, \u017ee za t\u011bch p\u011bt let, co se v tomto oboru pohybuje, nebyl nikdy tak ziskov\u00fd.\u00a0<\/span><\/p>\n<p><span>\u201eLid\u00e9 m\u011b st\u00e1le \u010dast\u011bji volaj\u00ed po preventivn\u00edch opat\u0159en\u00edch (\u2026).\u00a0Od za\u010d\u00e1tku roku jsme zaznamenali o 300 procent vy\u0161\u0161\u00ed obrat ve srovn\u00e1n\u00ed s rokem p\u0159edchoz\u00edm.\u00a0Kdy\u017e to zobecn\u00edme, vypov\u00edd\u00e1 to hodn\u011b o kontextu ve Francii.\u00a0Riziko konfrontace tv\u00e1\u0159\u00ed v tv\u00e1\u0159 (s lupi\u010di) nebylo nikdy tak velk\u00e9,\u201c \u0159ekl p\u0159i\u00a0<\/span><a class=\"ek-link\" href=\"https:\/\/www.europe1.fr\/societe\/pascal-praud-et-vous-home-jacking-le-risque-de-face-a-face-entre-cambrioleurs-et-victimes-na-jamais-ete-aussi-grand-4226456\"><span>vystoupen\u00ed na televizn\u00edm kan\u00e1lu Europe 1<\/span><\/a><span>\u00a0.<\/span><\/p>\n<p><img decoding=\"async\" loading=\"lazy\" class=\"alignnone size-full wp-image-1185\" src=\"http:\/\/www.infokuryr.cz\/n\/wp-content\/uploads\/2021\/04\/kuryr-podpis.png\" alt=\"\" width=\"84\" height=\"24\" \/><\/p>\n<p>&nbsp;<\/p>\n","protected":false},"excerpt":{"rendered":"<p>Francouz\u0161t\u00ed ob\u010dan\u00e9 se v lo\u0148sk\u00e9m roce vypo\u0159\u00e1dali s v\u00edce ne\u017e 210 000 vloup\u00e1n\u00edmi do dom\u016f,&#8230;<\/p>\n","protected":false},"author":2,"featured_media":49133,"comment_status":"closed","ping_status":"closed","sticky":false,"template":"","format":"standard","meta":[],"categories":[7],"tags":[130,1838,5937],"_links":{"self":[{"href":"https:\/\/www.infokuryr.cz\/n\/wp-json\/wp\/v2\/posts\/49132"}],"collection":[{"href":"https:\/\/www.infokuryr.cz\/n\/wp-json\/wp\/v2\/posts"}],"about":[{"href":"https:\/\/www.infokuryr.cz\/n\/wp-json\/wp\/v2\/types\/post"}],"author":[{"embeddable":true,"href":"https:\/\/www.infokuryr.cz\/n\/wp-json\/wp\/v2\/users\/2"}],"replies":[{"embeddable":true,"href":"https:\/\/www.infokuryr.cz\/n\/wp-json\/wp\/v2\/comments?post=49132"}],"version-history":[{"count":0,"href":"https:\/\/www.infokuryr.cz\/n\/wp-json\/wp\/v2\/posts\/49132\/revisions"}],"wp:featuredmedia":[{"embeddable":true,"href":"https:\/\/www.infokuryr.cz\/n\/wp-json\/wp\/v2\/media\/49133"}],"wp:attachment":[{"href":"https:\/\/www.infokuryr.cz\/n\/wp-json\/wp\/v2\/media?parent=49132"}],"wp:term":[{"taxonomy":"category","embeddable":true,"href":"https:\/\/www.infokuryr.cz\/n\/wp-json\/wp\/v2\/categories?post=49132"},{"taxonomy":"post_tag","embeddable":true,"href":"https:\/\/www.infokuryr.cz\/n\/wp-json\/wp\/v2\/tags?post=49132"}],"curies":[{"name":"wp","href":"https:\/\/api.w.org\/{rel}","templated":true}]}}