{"id":4913,"date":"2021-09-22T07:43:22","date_gmt":"2021-09-22T05:43:22","guid":{"rendered":"http:\/\/www.infokuryr.cz\/n\/?p=4913"},"modified":"2021-09-22T07:43:22","modified_gmt":"2021-09-22T05:43:22","slug":"vysetrovani-dvou-mnichu-kvuli-zapaleni-anten-5g","status":"publish","type":"post","link":"https:\/\/www.infokuryr.cz\/n\/2021\/09\/22\/vysetrovani-dvou-mnichu-kvuli-zapaleni-anten-5g\/","title":{"rendered":"Vy\u0161et\u0159ov\u00e1n\u00ed dvou mnich\u016f kv\u016fli zap\u00e1len\u00ed ant\u00e9n 5G"},"content":{"rendered":"<div id=\"fb-root\"><\/div>\n<section class=\"obsah\">Dva mni\u0161i z kl\u00e1\u0161tera v regionu Beaujolais byli obvin\u011bni z toho, \u017ee byli v noci ze 14. na 15. z\u00e1\u0159\u00ed p\u0159isti\u017eeni in flagranti p\u0159i pokusu o zap\u00e1len\u00ed ant\u00e9n 5G. Kl\u00e1\u0161ter uji\u0161\u0165uje, \u017ee tito dva mni\u0161i cht\u011bli chr\u00e1nit obyvatelstvo.<\/p>\n<p>Podle prokuratury ve Villefranche-sur-Sa\u00f4ne, kter\u00e1 potvrdila informace region\u00e1ln\u00edho den\u00edku Le Progr\u00e8s, se oba mu\u017ei ve v\u011bku 39 a 40 let p\u0159iznali k zap\u00e1len\u00ed telefonn\u00edho sloupu v noci ze 14. na 15. z\u00e1\u0159\u00ed v Saint-Forgeux severoz\u00e1padn\u011b od Lyonu. \u0160kody byly omezen\u00e9.<\/p>\n<p>Byli vzati do vazby a pot\u00e9 p\u0159edvedeni p\u0159ed vy\u0161et\u0159uj\u00edc\u00edho soudce. P\u0159iznali se a vysv\u011btlili, \u017ee jednali, aby &#8222;ochr\u00e1nili obyvatelstvo p\u0159ed \u0161kodliv\u00fdmi \u00fa\u010dinky&#8220; 5G, \u0159ekla agentu\u0159e AFP prokur\u00e1torka La\u00ebtitia Francartov\u00e1 z Villefranche.<\/p>\n<p>Mluv\u010d\u00ed kl\u00e1\u0161tera to podle den\u00edku Le Progr\u00e8s ozna\u010dila za &#8222;ojedin\u011bl\u00fd \u010din a mladickou chybu&#8220;. &#8222;Vlny jsou velmi \u0161kodliv\u00e9 pro zdrav\u00ed a oni cht\u011bli jednat pro blaho lidstva,&#8220; \u0159ekla novin\u00e1m.<\/p>\n<\/section>\n<p class=\"doplneni-vydavatele\"><a href=\"https:\/\/francais.rt.com\/france\/90874-deux-moines-mis-examen-pour-avoir-mis-feu-antennes-relais-5g\">ZDROJ<\/a><\/p>\n<p>&nbsp;<\/p>\n","protected":false},"excerpt":{"rendered":"<p>Dva mni\u0161i z kl\u00e1\u0161tera v regionu Beaujolais byli obvin\u011bni z toho, \u017ee byli v noci&#8230;<\/p>\n","protected":false},"author":2,"featured_media":3968,"comment_status":"closed","ping_status":"closed","sticky":false,"template":"","format":"standard","meta":[],"categories":[7],"tags":[893,130,1236],"_links":{"self":[{"href":"https:\/\/www.infokuryr.cz\/n\/wp-json\/wp\/v2\/posts\/4913"}],"collection":[{"href":"https:\/\/www.infokuryr.cz\/n\/wp-json\/wp\/v2\/posts"}],"about":[{"href":"https:\/\/www.infokuryr.cz\/n\/wp-json\/wp\/v2\/types\/post"}],"author":[{"embeddable":true,"href":"https:\/\/www.infokuryr.cz\/n\/wp-json\/wp\/v2\/users\/2"}],"replies":[{"embeddable":true,"href":"https:\/\/www.infokuryr.cz\/n\/wp-json\/wp\/v2\/comments?post=4913"}],"version-history":[{"count":0,"href":"https:\/\/www.infokuryr.cz\/n\/wp-json\/wp\/v2\/posts\/4913\/revisions"}],"wp:featuredmedia":[{"embeddable":true,"href":"https:\/\/www.infokuryr.cz\/n\/wp-json\/wp\/v2\/media\/3968"}],"wp:attachment":[{"href":"https:\/\/www.infokuryr.cz\/n\/wp-json\/wp\/v2\/media?parent=4913"}],"wp:term":[{"taxonomy":"category","embeddable":true,"href":"https:\/\/www.infokuryr.cz\/n\/wp-json\/wp\/v2\/categories?post=4913"},{"taxonomy":"post_tag","embeddable":true,"href":"https:\/\/www.infokuryr.cz\/n\/wp-json\/wp\/v2\/tags?post=4913"}],"curies":[{"name":"wp","href":"https:\/\/api.w.org\/{rel}","templated":true}]}}