{"id":49099,"date":"2024-03-11T04:44:24","date_gmt":"2024-03-11T03:44:24","guid":{"rendered":"https:\/\/www.infokuryr.cz\/n\/?p=49099"},"modified":"2024-03-11T04:44:24","modified_gmt":"2024-03-11T03:44:24","slug":"reditel-ruske-zahranicni-rozvedky-sergej-naryskin-v-rozhovoru","status":"publish","type":"post","link":"https:\/\/www.infokuryr.cz\/n\/2024\/03\/11\/reditel-ruske-zahranicni-rozvedky-sergej-naryskin-v-rozhovoru\/","title":{"rendered":"\u0158editel rusk\u00e9 zahrani\u010dn\u00ed rozv\u011bdky Sergej Nary\u0161kin v rozhovoru&#8230;"},"content":{"rendered":"<div id=\"fb-root\"><\/div>\n<h4>\u0158editel rusk\u00e9 zahrani\u010dn\u00ed rozv\u011bdky Sergej Nary\u0161kin v rozhovoru s Vladimirem Solovjovem prohl\u00e1sil, \u017ee Rusko vyhraje nad kolektivn\u00edm Z\u00e1padem ve chv\u00edli, a\u017e budou osvobozeni v\u0161ichni, kte\u0159\u00ed cht\u011bj\u00ed b\u00fdt osvobozeni! Se \u0161\u00e9fem CIA m\u00e1 \u00fazk\u00e9 vazby, kter\u00e9 m\u011bly z\u016fstat tajn\u00e9! Rozborka Ukrajiny je tak podle v\u0161eho ji\u017e v Kremlu hotov\u00e1 v\u011bc!<\/h4>\n<p>P\u0159ed n\u011bkolika dny prob\u011bhl na 1. kan\u00e1lu rusk\u00e9 televize exkluzivn\u00ed rozhovor Vladimira Solovjova s \u0159editelem rusk\u00e9 zahrani\u010dn\u00ed rozv\u011bdky SVR Sergejem Nary\u0161kinem a \u0159e\u010d se vedla o tajn\u00fdch slu\u017eb\u00e1ch a o v\u00e1lce na Ukrajin\u011b, v\u010detn\u011b toho, pro\u010d tajn\u00e9 slu\u017eby z\u00e1padn\u00edch zem\u00ed maj\u00ed v posledn\u00ed dob\u011b tak \u0161patn\u00e9 v\u00fdsledky. Cel\u00fd rozhovor obsahoval n\u011bkolik z\u00e1sadn\u00edch bod\u016f, p\u0159i\u010dem\u017e ten nejz\u00e1sadn\u011bj\u0161\u00ed zazn\u011bl a\u017e na konci, kdy\u017e Nary\u0161kin odpov\u00eddal na to, kdy nastane ten okam\u017eik, kdy Z\u00e1pad p\u0159izn\u00e1, \u017ee v\u00e1lku proti Rusku prohr\u00e1l.\u00a0<strong>A \u0161\u00e9f SVR na to odpov\u011bd\u011bl velmi zar\u00e1\u017eej\u00edc\u00ed a v\u00edcesmyslnou odpov\u011bd\u00ed, \u017ee ten okam\u017eik nastane, a\u017e v\u0161ichni ti, kte\u0159\u00ed cht\u011bj\u00ed b\u00fdt osvobozeni Ruskou arm\u00e1dou, budou osvobozeni<\/strong>, ani\u017e by uvedl, jestli t\u00edm mysl\u00ed jen Ukrajinu, anebo celou Evropu.<\/p>\n<p>&nbsp;<\/p>\n<div id=\"rumble_v4fw2qf\">\n<div id=\"vid_v4fw2qf\" class=\"rumble_v4fw2qf-Rumble-cls\" tabindex=\"-1\">\n<div class=\"bigPlayUI ctp\"><div class='videoWrapper'>\r\n\t            <iframe src='https:\/\/rumble.com\/embed\/pj.v4fw2qf\/' frameborder='0' allowfullscreen><\/iframe>\r\n\t        <\/div><\/p>\n<div class=\"bigPlayUIInner ctp\"><\/div>\n<\/div>\n<\/div>\n<\/div>\n<p>&nbsp;<\/p>\n<p>Odpov\u011b\u010f zarazila i Solovjova, proto\u017ee to se t\u00fdk\u00e1 nejen etnik a n\u00e1rodnostn\u00edch men\u0161in na Ukrajin\u011b, ale de facto mnoha etnik a n\u00e1rod\u016f v cel\u00e9 Evrop\u011b, kter\u00e9 se cht\u011bj\u00ed osvobodit od Evropsk\u00e9 unie, od NATO, cht\u011bj\u00ed zvr\u00e1tit privatiza\u010dn\u00ed a tunelovac\u00ed procesy z 90. let, cht\u011bj\u00ed opustit evropsk\u00fd neoliberalismus a cht\u011bj\u00ed \u017e\u00edt svobodn\u011b. Historick\u00e1 exkurze Vladimira Putina v rozhovoru s Tuckerem Carlsonem\u00a0<strong>[<a href=\"https:\/\/aeronet.news\/exkluzivni-cesky-preklad-rozhovoru-tuckera-carlsona-s-vladimirem-putinem-v-kremlu-konceptualni-naloz-hromadneho-niceni-mainstreamovych-dezinformaci-o-rusku-a-o-pricinach-valky-na-ukrajine\/\">1<\/a>]<\/strong>\u00a0tak nebyla n\u00e1hodn\u00e1 a nyn\u00ed tato premisa transformace n\u00e1rod\u016f v Evrop\u011b zazn\u00edv\u00e1 u\u017e i od \u0161\u00e9fa SVR.<\/p>\n<p>Kdy\u017e mu Solovjov v reakci \u0159ekl, \u017ee n\u011bkter\u00e9 n\u00e1rody se budou cht\u00edt vr\u00e1tit do historick\u00fdch svazk\u016f sv\u00fdch zem\u00ed, nemus\u00ed to b\u00fdt jen n\u00e1vrat etnick\u00fdch Rus\u016f na Ukrajin\u011b do svazku s Ruskem, ale i n\u00e1vrat ostatn\u00edch etnik do sv\u00fdch svazk\u016f sv\u00fdch zem\u00ed, \u010d\u00edm\u017e m\u011bl na mysli Polsko, Ma\u010farsko, padla zm\u00ednka Rakousko-Uherska a rovn\u011b\u017e Rumunska, tak Nary\u0161kin na to reagoval slovy, \u017ee to by bylo demokratick\u00e9, kdyby takov\u00e9 p\u0159erozd\u011blen\u00ed v Evrop\u011b nastalo. Pokud nem\u00e1te \u010das na video v\u00fd\u0161e, tady je p\u0159epis:<\/p>\n<h4><span style=\"font-size: 18pt;\">Sergej Nary\u0161kin o rozv\u011bdk\u00e1ch a Ukrajin\u011b<\/span><\/h4>\n<p>Pr\u00e1ce z\u00e1padn\u00edch zpravodajsk\u00fdch slu\u017eeb podle posledn\u00edch zpr\u00e1v selh\u00e1v\u00e1. Na\u0161i geopoliti\u010dt\u00ed odp\u016frci z velk\u00e9 \u010d\u00e1sti kv\u016fli tomu ji\u017e propadaj\u00ed naprost\u00e9 hysterii. Rusk\u00e9 speci\u00e1ln\u00ed slu\u017eby zase udr\u017euj\u00ed chladnokrevn\u00fd klid. O tom jsem se s\u00e1m p\u0159esv\u011bd\u010dil p\u0159i rozhovoru s \u0159editelem zahrani\u010dn\u00ed zpravodajsk\u00e9 slu\u017eby (SVR) Sergejem Jevgenijevi\u010dem Nary\u0161kinem. Rozhovor byl klidn\u00fd a k v\u011bci.<\/p>\n<p><em><strong><span style=\"color: #ff0000;\">Solovjov:<\/span>\u00a0Dobr\u00e9 odpoledne, Sergeji Jevgenijevi\u010di, pokud je to mo\u017en\u00e9, budu kl\u00e1st ot\u00e1zky na z\u00e1klad\u011b skute\u010dnosti, \u017ee nejste jen hlavou legend\u00e1rn\u00ed struktury, ale m\u00e1te obrovsk\u00e9 zku\u0161enosti s prac\u00ed ve st\u00e1tn\u00ed spr\u00e1v\u011b. Proto spojen\u00ed st\u00e1tn\u00edka a osoby, kter\u00e1 stoj\u00ed v \u010dele takov\u00e9 legend\u00e1rn\u00ed struktury, umo\u017e\u0148uje nahl\u00ed\u017eet na sv\u011btov\u00e9 probl\u00e9my z hlubok\u00e9 perspektivy porozum\u011bn\u00ed, jak z historick\u00e9, tak i operativn\u00ed reality. Nyn\u00ed se n\u00e1hle objevil \u010dl\u00e1nek v New York Times, kter\u00fd s\u00e1m od sebe odhaluje, jak n\u011bjak\u00fd nez\u00e1visl\u00fd pracovn\u00edk specializuj\u00edc\u00ed se na Ukrajinu n\u00e1hle odhalil, jak po mnoho let ovl\u00e1dal centr\u00e1ln\u00ed zpravodajsk\u00e1 odd\u011blen\u00ed ostatn\u00edch zpravodajsk\u00fdch slu\u017eeb, s d\u016frazem na CIA a \u00fazem\u00ed Ukrajiny, aby pracovaly proti Rusku. Co \u0159\u00edkaj\u00ed va\u0161e zku\u0161enosti? Pro\u010d se objevuj\u00ed takov\u00e9to \u010dl\u00e1nky? Co z t\u00e9to operace je zast\u00edrac\u00ed man\u00e9vr, co z toho je spr\u00e1vn\u011b? Jakou zpr\u00e1vu cht\u011bj\u00ed najednou vyslat sv\u011btu?<\/strong><\/em><\/p>\n<p><span style=\"color: #ff0000;\"><strong>Nary\u0161kin:<\/strong><\/span>\u00a0No, prvn\u00ed, \u010demu bych v\u011bnoval pozornost, je to, \u017ee v tomto \u010dl\u00e1nku, v t\u00e9to informaci asi nen\u00ed nic nov\u00e9ho. Bylo naprosto z\u0159ejm\u00e9, \u017ee zpravodajsk\u00e9 slu\u017eby Spojen\u00fdch st\u00e1t\u016f americk\u00fdch vytv\u00e1\u0159ej\u00ed tak \u0161irokou zpravodajskou s\u00ed\u0165, nejen na Ukrajin\u011b, ale i v dal\u0161\u00edch zem\u00edch, p\u0159\u00edpadn\u011b i v zem\u00edch bl\u00edzk\u00fdch \u00fazem\u00ed Rusk\u00e9 federace za \u00fa\u010delem prov\u00e1d\u011bn\u00ed podvratn\u00e9 \u010dinnosti proti na\u0161\u00ed zemi z pozice t\u011bchto zem\u00ed, a tato \u010dinnost je prov\u00e1d\u011bna. Nesna\u017eil jsem se naj\u00edt \u017e\u00e1dn\u00fd konkr\u00e9tn\u00ed sign\u00e1l. Na tomto \u010dl\u00e1nku je d\u016fle\u017eit\u00e9, \u017ee m\u011b novin\u00e1\u0159 neshazoval.<\/p>\n<p><em><strong>Pro\u010d se na to pt\u00e1m? Proto\u017ee se mi zd\u00e1lo, \u017ee cel\u00fd \u010dl\u00e1nek byl naps\u00e1n kv\u016fli jedn\u00e9 v\u011bci, aby Ameri\u010dan\u00e9 zu\u0159ili nad t\u00edm, \u017ee Ukrajina p\u0159e\u0161la na teroristick\u00e9 \u00fatoky na rusk\u00e9m \u00fazem\u00ed. To jsou ty \u00fatoky, kter\u00e9 zabily n\u011bkolik velmi v\u00fdznamn\u00fdch osobnost\u00ed. Najednou se v Izraeli p\u0159ed n\u011bkolika lety objevila kniha \u201cPovsta\u0148te a zabijte prvn\u00ed\u201d, kde se v p\u0159edmluv\u011b p\u00ed\u0161e, \u017ee syst\u00e9m mimosoudn\u00edch poprav funguje nejen v Izraeli, ale i ve Spojen\u00fdch st\u00e1tech americk\u00fdch. Zejm\u00e9na o tom, \u017ee vrchol (t\u011bchto poprav) p\u0159i\u0161el v dob\u011b, kdy byl u moci Biden, b\u00fdval\u00fd Obam\u016fv viceprezident. V\u00edce ne\u017e 300 likvidac\u00ed! M\u00e1m pocit, \u017ee Ameri\u010dan\u00e9 jen cht\u011bj\u00ed od sebe odvr\u00e1tit opr\u00e1vn\u011bn\u00e9 obvin\u011bn\u00ed, \u017ee ve skute\u010dnosti se za ka\u017ed\u00fdm terorem na \u00fazem\u00ed Ruska stoj\u00ed jejich u\u0161i, jejich p\u0159\u00edprava, jejich metody.<\/strong><\/em><\/p>\n<p>To, \u017ee se americk\u00e9 slu\u017eby pod\u00edlely na p\u0159\u00edprav\u011b a \u0161kolen\u00ed zam\u011bstnanc\u016f v ukrajinsk\u00fdch speci\u00e1ln\u00edch slu\u017eb\u00e1ch, je evidentn\u00ed fakt. Samoz\u0159ejm\u011b si mysl\u00edm, \u017ee chci doufat, \u017ee Ameri\u010dan\u00e9 jsou trochu znechuceni hrub\u00fdmi metodami pr\u00e1ce, nejhrub\u0161\u00edmi metodami pr\u00e1ce ukrajinsk\u00e9 SBU a vojensk\u00e9 rozv\u011bdky. No, pro ka\u017ed\u00fd p\u0159\u00edpad mohu \u0159\u00edci, \u017ee reakce vysok\u00fdch americk\u00fdch \u00fa\u0159ad\u016f na zni\u010den\u00ed na\u0161eho transportn\u00edho letadla, kter\u00e9 p\u0159ev\u00e1\u017eelo zajat\u00e9 Ukrajince na hranici k v\u00fdm\u011bn\u011b zajatc\u016f, byla velmi negativn\u00ed. Opravdu negativn\u00ed. No a z\u00e1rove\u0148, opakuji, Ameri\u010dan\u00e9, zejm\u00e9na Britov\u00e9, se \u00fa\u010dastnili a pod\u00edlej\u00ed na v\u00fdcviku speci\u00e1ln\u00edch opera\u010dn\u00edch sil a zpravodajsk\u00fdch d\u016fstojn\u00edk\u016f k prov\u00e1d\u011bn\u00ed podvratn\u00e9 pr\u00e1ce proti na\u0161\u00ed zemi.<\/p>\n<p><em><strong>Chcete \u0159\u00edct, \u017ee jejich p\u0159\u00edtomnost c\u00edt\u00edte?<\/strong><\/em><\/p>\n<p>Ano.<\/p>\n<p><em><strong>Z\u00e1rove\u0148 te\u010f \u0161\u00e9fuje CIA \u010dlov\u011bk, kter\u00fd Rusko zn\u00e1 dob\u0159e, pracoval zde a mnohokr\u00e1t byl na Ukrajin\u011b a byl p\u0159esunut do Ruska, Je s n\u00edm n\u011bjak\u00fd kontakt? Rozum\u00edte si s n\u00edm? Tvrd\u00ed, \u017ee ano. Jak pravdiv\u00e9 je to, co \u0159\u00edkaj\u00ed?<\/strong><\/em><\/p>\n<p>Na na\u0161em prvn\u00edm takto velmi d\u016fle\u017eit\u00e9m setk\u00e1n\u00ed jsme se dohodli, \u017ee to zachov\u00e1me v tajnosti.<\/p>\n<p><em><strong>To znamen\u00e1, \u017ee p\u0159ed \u00fanikem bylo ticho pouze z jejich strany?<\/strong><\/em><\/p>\n<p>Ano. Bylo na\u0161\u00ed vz\u00e1jemnou dohodou nedovolit \u00faniky nejen o povaze t\u011bch probl\u00e9m\u016f, kter\u00e9 se projedn\u00e1vaj\u00ed nebo budou projedn\u00e1ny na na\u0161ich osobn\u00edch setk\u00e1n\u00edch, v telefonick\u00fdch rozhovorech, ale tak\u00e9 o samotn\u00fdch faktech takov\u00fdch kontakt\u016f. Dodr\u017euji dohodu.<\/p>\n<p><strong><em>To n\u00e1m d\u011bl\u00e1 \u010dest. No, jsme jako posledn\u00ed zpravodajsk\u00e1 slu\u017eba, kter\u00e1 dodr\u017euje kodex cti, proto\u017ee se d\u00edv\u00e1m na to, co se d\u011bje kolem, s pocitem, \u017ee se sv\u011bt zm\u011bnil tolik od za\u010d\u00e1tku SVO, \u017ee ve vztahu k n\u00e1m nyn\u00ed pou\u017e\u00edvaj\u00ed jakoukoli z nej\u0161pinav\u011bj\u0161\u00edch, nep\u0159\u00edpustn\u00fdch, odporn\u00fdch metod, kter\u00e1 nikdy p\u0159edt\u00edm nebyla pova\u017eov\u00e1na za mo\u017enou, p\u0159ijatelnou.<\/em><\/strong><\/p>\n<p>Pokud jste za\u010dal mluvit o zpravodajsk\u00e9 komunit\u011b, tak samoz\u0159ejm\u011b procesy, kter\u00e9 ve sv\u011bt\u011b prob\u00edhaj\u00ed, tak existuje v\u00fdznamn\u00fd dopad na speci\u00e1ln\u00ed slu\u017eby, na vy\u0161et\u0159ovac\u00ed slu\u017eby. Pokud si pamatujete historii, toto jsou nej\u00fa\u017easn\u011bj\u0161\u00ed obraty v historii. \u010cinnost ve zpravodajsk\u00fdch slu\u017eb\u00e1ch pro\u0161la v souladu s po\u017eadavky doby v\u00fdznamn\u00fdmi zm\u011bnami. Zejm\u00e9na prvn\u00ed a zejm\u00e9na druh\u00e1 sv\u011btov\u00e1 v\u00e1lka velmi ovlivnily pr\u00e1ci zpravodajsk\u00fdch slu\u017eeb, a to z hlediska provozn\u00edch a informa\u010dn\u011b-analytick\u00fdch \u010dinnost\u00ed. Studen\u00e1 v\u00e1lka m\u011bla rovn\u011b\u017e dopad na \u010dinnost zpravodajsk\u00fdch slu\u017eeb. P\u0159edev\u0161\u00edm v tom, \u017ee mnoho rozhodnut\u00ed vojensko-politick\u00e9ho charakteru se stalo nemo\u017en\u00fdmi bez \u00fa\u010dasti zpravodajsk\u00fdch slu\u017eeb ale v na\u0161\u00ed dob\u011b m\u016f\u017eeme \u0159\u00edci, \u017ee zpravodajsk\u00e9 slu\u017eby, zejm\u00e9na rozv\u011bdn\u00e9 slu\u017eby, jsou p\u0159\u00edm\u00fdm prvkem ve\u0161ker\u00e9 mezin\u00e1rodn\u00ed politiky, zejm\u00e9na s ohledem na tzv. z\u00f3ny nestability, hork\u00e1 m\u00edsta a tak d\u00e1le.<\/p>\n<p><em><strong>No, pak je t\u0159eba konstatovat, \u017ee zpravodajsk\u00e9 slu\u017eby selhaly, a to velkolep\u011b. Ameri\u010dan\u00e9 zcela selhali ve sv\u00fdch v\u00fdpo\u010dtech reakce na\u0161\u00ed ve\u0159ejnosti na SVO. Prost\u011b \u017e\u00e1dn\u00fd z jejich v\u00fdpo\u010dt\u016f se nenaplnil. Uk\u00e1zalo se, \u017ee jejich reprezentace na\u0161eho pr\u016fmyslu nem\u00e1 nic spole\u010dn\u00e9ho se skute\u010dn\u00fdm stavem pr\u016fmyslov\u00e9 ekonomiky. Nejt\u011b\u017e\u0161\u00ed r\u00e1nu utrp\u011bla jedna z nejv\u00fdznamn\u011bj\u0161\u00edch zpravodajsk\u00fdch slu\u017eeb, ta izraelsk\u00e1. Nev\u011bd\u011bli o teroristick\u00e9m \u00fatoku ze 7. \u0159\u00edjna. Nebylo mo\u017en\u00e9 si p\u0159edstavit, \u017ee by to bylo mo\u017en\u00e9. Prost\u011b to p\u0159esahuje rozum.<\/strong><\/em><\/p>\n<p>Ano. Jde p\u0159edev\u0161\u00edm o selh\u00e1n\u00ed rozv\u011bdky, kter\u00e1 byla pova\u017eov\u00e1na za jednu z t\u00e9m\u011b\u0159 nejmocn\u011bj\u0161\u00edch na sv\u011bt\u011b. Absolutn\u00ed selh\u00e1n\u00ed. Za toto selh\u00e1n\u00ed by obecn\u011b d\u016fstojn\u00edci rozv\u011bdky m\u011bli n\u00e9st zodpov\u011bdnost.<\/p>\n<p><em><strong>Pro\u010d se stalo? Pro\u010d je takov\u00e1 degradace tajn\u00fdch slu\u017eeb?<\/strong><\/em><\/p>\n<p>Je to samoz\u0159ejm\u011b spojeno se slo\u017eit\u00fdmi procesy, kter\u00e9 se ve sv\u011bt\u011b vyskytuj\u00ed. Sv\u011bt v\u0159e, sv\u011bt je ve stavu chaosu, zpravodajsk\u00e9 slu\u017eby nezesl\u00e1bly. Pokud je \u00farove\u0148 jejich pr\u00e1ce stejn\u00e1 jako p\u0159ed 10-15-20 lety, tak se jen v\u00fdrazn\u011b zm\u011bnily pracovn\u00ed podm\u00ednky, nebo se v\u00fdrazn\u011b zm\u011bnily k hor\u0161\u00edmu. I to je mo\u017en\u00e9.<\/p>\n<p><em><strong>Nyn\u00ed Evropu zachv\u00e1tila hysterie. Macron \u0159ekl, \u017ee se (konfliktu na Ukrajin\u011b) mohou z\u00fa\u010dastnit i voj\u00e1ci ze zem\u00ed NATO, a \u017ee Rusko mus\u00ed b\u00fdt pora\u017eeno. Jak tyto hysterick\u00e9 v\u00fdk\u0159iky hodnot\u00edte? Chci \u0159\u00edct, nakolik n\u011bco p\u0159edv\u00eddaj\u00ed? Nakolik je to blaf? A co se za t\u00edm skute\u010dn\u011b skr\u00fdv\u00e1?<\/strong><\/em><\/p>\n<p>To vypov\u00edd\u00e1 o vysok\u00e9 politick\u00e9 nezodpov\u011bdnosti sou\u010dasn\u00fdch l\u00eddr\u016f evropsk\u00fdch zem\u00ed, v tomto p\u0159\u00edpad\u011b prezidenta Francie. Samoz\u0159ejm\u011b je smutn\u00e9 vid\u011bt, je smutn\u00e9 sledovat, je smutn\u00e9 pochopit, \u017ee vyjedn\u00e1vac\u00ed schopnost sou\u010dasn\u00fdch evropsk\u00fdch a severoatlantick\u00fdch elit je na velmi n\u00edzk\u00e9 \u00farovni a st\u00e1le prokazuj\u00ed m\u00e9n\u011b a m\u00e9n\u011b zdrav\u00e9ho rozumu. No, prohl\u00e1\u0161en\u00ed je to extr\u00e9mn\u011b nebezpe\u010dn\u00e9.<\/p>\n<p><em><strong>No, tla\u010d\u00ed n\u00e1s u\u017e na pokraj jadern\u00e9 v\u00e1lky. To znamen\u00e1, \u017ee n\u00e1\u0161 koncept jasn\u011b vysv\u011btluje, kdy a jak lze jadern\u00e9 zbran\u011b pou\u017e\u00edt. Pokud pochybuj\u00ed o odhodl\u00e1n\u00ed na\u0161eho nejvy\u0161\u0161\u00edho velitele, a\u0165 p\u0159eto\u010d\u00ed historii o 10-15 let zp\u00e1tky a uvid\u00ed, \u017ee s jeho odhodl\u00e1n\u00edm je v\u0161e v po\u0159\u00e1dku.<\/strong><\/em><\/p>\n<p>V\u0161e je v po\u0159\u00e1dku.<\/p>\n<p><em><strong>\u017delezn\u00e1 v\u016fle a p\u0159esn\u00e9 v\u00fdpo\u010dty jsou v\u017edy p\u0159\u00edtomny. Stejn\u011b tak b\u0159ezen roku 2014 a \u00fanor roku 2022 o tom jasn\u011b hovo\u0159\u00ed.<\/strong><\/em><\/p>\n<p>Samoz\u0159ejm\u011b.<\/p>\n<p><em><strong>Je to p\u0159esv\u011bd\u010div\u00e9. Mysl\u00edm, \u017ee na sv\u011bt\u011b je jen m\u00e1lo lid\u00ed, kte\u0159\u00ed tak dob\u0159e ch\u00e1pou charakter na\u0161eho vrchn\u00edho velitele, jak dokl\u00e1daj\u00ed velmi dlouh\u00e9 zku\u0161enosti a sd\u00edlen\u00e9 komunikace a slu\u017eby r\u016fzn\u00fdch vztah\u016f a spole\u010dn\u00e9 \u0161koly, pokud n\u011bjak\u00e1 existuje. Kdo tedy vyhodil do pov\u011bt\u0159\u00ed plynovod?<\/strong><\/em><\/p>\n<p><a href=\"https:\/\/stranapro.cz\/\"><img decoding=\"async\" loading=\"lazy\" class=\"alignnone  wp-image-40285 aligncenter\" src=\"http:\/\/www.infokuryr.cz\/n\/wp-content\/uploads\/2023\/11\/11pro-300x79.png\" alt=\"\" width=\"748\" height=\"197\" srcset=\"https:\/\/www.infokuryr.cz\/n\/wp-content\/uploads\/2023\/11\/11pro-300x79.png 300w, https:\/\/www.infokuryr.cz\/n\/wp-content\/uploads\/2023\/11\/11pro.png 363w\" sizes=\"(max-width: 748px) 100vw, 748px\" \/><\/a><\/p>\n<p>Anglosasov\u00e9!<\/p>\n<p><em><strong>V\u011bd\u011bli jsme o tom hned?<\/strong><\/em><\/p>\n<p>No, samoz\u0159ejm\u011b, m\u011bli jsme informace, nep\u0159\u00edm\u00e9 zn\u00e1mky toho, kdo to ud\u011blal. No, jde jen o to, \u017ee tyto nep\u0159\u00edm\u00e9 zn\u00e1mky uk\u00e1zali sami auto\u0159i, co ud\u011blali.<\/p>\n<p><em><strong>No, je to tak, \u017ee kdy\u017e Vladimir Vladimirovi\u010d odpov\u011bd\u011bl tak jednozna\u010dn\u011b Tuckeru Carlsonovi, v\u00edme, \u017ee slova Vladimira Vladimirovi\u010de jsou v\u017edy podlo\u017eena t\u011bmi nejhlub\u0161\u00edmi a nejvybrou\u0161en\u011bj\u0161\u00edmi znalostmi, spoustou fakt\u016f, \u017ee si m\u016f\u017eeme b\u00fdt jisti, co se stalo.<\/strong><\/em><\/p>\n<p>No, mozaika byla slo\u017eena. A tato mozaika zjevn\u011b ukazuje na autory.<\/p>\n<p><em><strong>Minule jsme diskutovali o projektu Navaln\u00fd jako o samoz\u0159ejm\u00e9m projektu tajn\u00fdch slu\u017eeb. Pr\u00e1v\u011b v\u010das pro Evropany n\u00e1hle Navaln\u00fd um\u00edr\u00e1. Prvn\u00ed den Mnichovsk\u00e9 konference, jeho man\u017eelka se tam nakrucuje, v\u0161echno jen tak. Nikdy jsem nev\u011b\u0159il na n\u00e1hody. Zp\u00edvaj\u00edc\u00ed p\u0159\u00edtel nadhazuje teorii, \u017ee Navaln\u00e9ho m\u011bli vym\u011bnit za na\u0161eho hrdinu \u2013 vlastence, kter\u00fd je uv\u011bzn\u011bn v N\u011bmecku. Co\u017e samoz\u0159ejm\u011b nen\u00ed pravda, proto\u017ee aby mohl b\u00fdt vym\u011bn\u011bn, musel by b\u00fdt (Navaln\u00fd) uzn\u00e1n jako americk\u00fd \u0161pi\u00f3n. A sbohem. P\u0159ipome\u0148me, \u017ee Tucker Carlson, kdy\u017e se diskutovalo o ot\u00e1zce v\u00fdm\u011bny, tak se mluvilo o Ger\u0161kovi\u010dovi, ne o Navaln\u00e9m. Vy jako profesion\u00e1l v tomto p\u0159\u00edb\u011bhu nem\u00e1te \u017e\u00e1dn\u00e9 takov\u00e9 pochybnosti?<\/strong><\/em><\/p>\n<p>Nemysl\u00edm si, \u017ee to je n\u011bjak\u00fd speci\u00e1ln\u00ed \u00fa\u010del. No, bohu\u017eel, lid\u00e9 maj\u00ed zvl\u00e1\u0161tnost: d\u0159\u00edve nebo pozd\u011bji \u017eivot skon\u010d\u00ed, zem\u0159ou. Navaln\u00fd zem\u0159el, ano.<\/p>\n<p><em><strong>\u017de ani podle ukrajinsk\u00e9 zpravodajsk\u00e9 slu\u017eby to nestoj\u00ed za komentov\u00e1n\u00ed.<\/strong><\/em><\/p>\n<p>A samoz\u0159ejm\u011b je hnusn\u00e9, \u017ee na Z\u00e1pad\u011b po\u0159\u00e1daj\u00ed takov\u00e9 satansk\u00e9 tance kolem hrobu Navaln\u00e9ho. Ale je to mor\u00e1ln\u011b n\u00edzk\u00e9 a nemor\u00e1ln\u00ed. Co jin\u00e9ho mohu \u0159\u00edci?<\/p>\n<p><em><strong>No, jak se o\u010dek\u00e1valo.<\/strong><\/em><\/p>\n<p>O\u010dek\u00e1valo. A tito lid\u00e9 n\u00e1s nau\u010dili.<\/p>\n<p><em><strong>Jenom z\u00edr\u00e1m, co \u0159\u00edkaj\u00ed o demokracii a pak se sejde Biden (s vdovou po Navaln\u00e9m) a nazve ji Jolandou. Ani m\u011b to nenau\u010dil. M\u00e1 okolo sebe opozi\u010dn\u00ed v\u016fdce, ani\u017e by se kohokoli z nich zeptal. To znamen\u00e1, \u017ee to nen\u00ed demokratick\u00e9. Nazval ji tak.<\/strong><\/em><\/p>\n<p>Nazval. Mo\u017en\u00e1 bude s nimi v klubu samozvanc\u016f jako jsou Guaid\u00f3, Tichanovsk\u00e1\u2026 v\u0161ichni pospolu.<\/p>\n<p><em><strong>To je mimochodem tak\u00e9 jeden z americk\u00fdch ne\u00fasp\u011bch\u016f. Tedy jde o nespr\u00e1vn\u00e9 hodnocen\u00ed a oblibu.<\/strong><\/em><\/p>\n<p>Absolutn\u011b.<\/p>\n<p><em><strong>Ano, strategick\u00e9 selh\u00e1n\u00ed, velk\u00e9 strategick\u00e9 selh\u00e1n\u00ed. Guaid\u00f3. Guaid\u00f3, Tichanovsk\u00e1, projekt Navaln\u00fd.<\/strong><\/em><\/p>\n<p>Je to tak.<\/p>\n<p><em><strong>To se mi l\u00edb\u00ed i ve srovn\u00e1n\u00ed s na\u0161\u00edm posledn\u00edm rozhovorem. C\u00edt\u00edm, \u017ee od t\u00e9 doby m\u00e1te obrovskou m\u00edru klidn\u00e9 sebed\u016fv\u011bry, je to velmi d\u016fle\u017eit\u00e9. V\u017edy studujte svou klidnou d\u016fv\u011bru, ale tady je jasn\u00e9, \u017ee t\u00edm m\u016f\u017eete b\u00fdt pot\u011b\u0161en<\/strong><\/em><\/p>\n<p>D\u011bkuji.<\/p>\n<p><em><strong>\u2026t\u00edm, jak se zpravodajstv\u00ed v posledn\u00ed dob\u011b chov\u00e1.<\/strong><\/em><\/p>\n<p>Ano, docela jsme spokojeni s v\u00fdsledky, kter\u00e9 dnes m\u00e1me. Ch\u00e1peme d\u016fle\u017eitost pr\u00e1ce, kterou vykon\u00e1v\u00e1me, a informac\u00ed, kter\u00e9 z\u00edsk\u00e1v\u00e1me a informujeme nejvy\u0161\u0161\u00ed politick\u00e9 veden\u00ed zem\u011b o procesech, kter\u00e9 prob\u00edhaj\u00ed v nep\u0159\u00e1telsk\u00fdch zem\u00edch, o pl\u00e1nech nep\u0159\u00edtele v\u016f\u010di Rusk\u00e9 federaci. No, dobr\u00e9 v\u00fdsledky n\u00e1s inspiruj\u00ed je\u0161t\u011b v\u00edc.<\/p>\n<p><em><strong>Sergeji Jevgenijevi\u010di, zv\u00edt\u011bz\u00edme?<\/strong><\/em><\/p>\n<p>O tom nen\u00ed pochyb.<\/p>\n<p><em><strong>Jak vid\u00edte v\u00edt\u011bzstv\u00ed a co si mysl\u00edte, v jak\u00e9m okam\u017eiku Z\u00e1pad p\u0159izn\u00e1, \u017ee tuto v\u00e1lku prohr\u00e1l? Nebojujeme s Ukrajinou, bojujeme s NATO.<\/strong><\/em><\/p>\n<p>Odpov\u00edm kr\u00e1tce. Vyhrajeme, a\u017e uvid\u00edme, \u017ee jsme osvobodili ka\u017ed\u00e9ho, kdo cht\u011bl b\u00fdt osvobozen od tohoto zkorumpovan\u00e9ho nacistick\u00e9ho re\u017eimu. Ano? A vlastn\u00edky t\u011bch \u00fazem\u00ed nen\u00ed Washington, ani Lond\u00fdn, ale lid\u00e9, kte\u0159\u00ed na t\u011bch \u00fazem\u00edch \u017eij\u00ed. Jejich otcov\u00e9 a d\u011bdov\u00e9, prad\u011bdov\u00e9 \u017eili na t\u00e9to zemi, hroby t\u011bch prad\u011bd\u016f v t\u00e9 zemi. Oni jsou p\u00e1ny a oni ur\u010duj\u00ed, kde budou \u017e\u00edt, v jak\u00e9 zemi.<\/p>\n<p><em><strong>Va\u0161e odpov\u011b\u010f je pln\u00e1 v\u00edcesmysln\u00fdch v\u00fdznam\u016f, zvl\u00e1\u0161t\u011b kdy\u017e Vladimir Vladimirovi\u010d \u0159ekl, \u017ee se to t\u00fdk\u00e1 Polska, Ma\u010farska, Rakousko-Uherska, je to ot\u00e1zka n\u00e1rod\u016f, Rumunska, pokud budou cht\u00edt. To znamen\u00e1, \u017ee Ukrajina m\u016f\u017ee \u010delit \u00fapln\u011b jin\u00fdm vyhl\u00eddk\u00e1m, kdy\u017e se tam lid\u00e9 rozhodnou, \u017ee se cht\u011bj\u00ed vr\u00e1tit do sv\u00e9 historick\u00e9, nejen rusk\u00e9, zem\u011b.<\/strong><\/em><\/p>\n<p>To bude demokratick\u00e9.<\/p>\n<p><em>P\u0159eklad pro AERONET.NEWS: -VK-<\/em><\/p>\n<h6><span style=\"font-size: 18pt;\">Rozparcelov\u00e1n\u00ed Ukrajiny povede k odsunu ukrajinsk\u00e9ho podsv\u011bt\u00ed do hlubok\u00e9ho z\u00e1zem\u00ed EU<\/span><\/h6>\n<p>Jak tedy vid\u00edte, v\u016fbec poprv\u00e9 tak vysok\u00fd p\u0159edstavitel rusk\u00fdch tajn\u00fdch slu\u017eeb dal najevo, \u017ee reform\u00e1t Ukrajiny a jej\u00ed rozparcelov\u00e1n\u00ed m\u016f\u017ee b\u00fdt v\u00edtan\u00fdm a sledovan\u00fdm c\u00edlem Kremlu, co\u017e je dramatick\u00fd a ostr\u00fd posun v doktr\u00edn\u011b Kremlu, kter\u00e1 a\u017e doned\u00e1vna nep\u0159ipou\u0161t\u011bla nic jin\u00e9ho, ne\u017e zachov\u00e1n\u00ed cel\u00e9 Ukrajiny pohromad\u011b.<\/p>\n<p><strong>Zm\u011bna z\u0159ejm\u011b nastala po vyhodnocen\u00ed m\u00edry a \u00farovn\u011b fa\u0161izace na Ukrajin\u011b, kter\u00e1 je tak obrovsk\u00e1, \u017ee denacifikace je u\u017e nemo\u017en\u00e1 a jedin\u00fdm \u0159e\u0161en\u00edm je rozbit\u00ed Ukrajiny<\/strong>, aby se o problematiku nacifikace p\u0159edev\u0161\u00edm Ukrajiny sm\u011brem od z\u00e1padn\u00edho b\u0159ehu Dn\u011bpru postaraly z\u00e1padn\u00ed zem\u011b, kter\u00e9 si Ukrajinu na z\u00e1pad\u011b rozparceluj\u00ed v n\u00e1rodn\u00edch referendech.<\/p>\n<figure id=\"attachment_58888\" class=\"wp-caption aligncenter\" style=\"width: 702px;\"><a href=\"https:\/\/aeronet.news\/wp-content\/uploads\/SolovjovNaryskinStudio.jpg\"><img decoding=\"async\" loading=\"lazy\" class=\"wp-image-58888 \" src=\"https:\/\/aeronet.news\/wp-content\/uploads\/SolovjovNaryskinStudio-1024x576.jpg\" sizes=\"(max-width: 700px) 100vw, 700px\" srcset=\"https:\/\/aeronet.news\/wp-content\/uploads\/SolovjovNaryskinStudio-1024x576.jpg 1024w, https:\/\/aeronet.news\/wp-content\/uploads\/SolovjovNaryskinStudio-300x169.jpg 300w, https:\/\/aeronet.news\/wp-content\/uploads\/SolovjovNaryskinStudio-768x432.jpg 768w, https:\/\/aeronet.news\/wp-content\/uploads\/SolovjovNaryskinStudio-700x394.jpg 700w, https:\/\/aeronet.news\/wp-content\/uploads\/SolovjovNaryskinStudio-635x357.jpg 635w, https:\/\/aeronet.news\/wp-content\/uploads\/SolovjovNaryskinStudio-859x483.jpg 859w, https:\/\/aeronet.news\/wp-content\/uploads\/SolovjovNaryskinStudio.jpg 1280w\" alt=\"\" width=\"702\" height=\"395\" \/><\/a><figcaption class=\"wp-caption-text\">Vladimir Solovjov a Sergej Nary\u0161kin<\/figcaption><\/figure>\n<p>Pro Rusko je toti\u017e v t\u00e9to chv\u00edli lep\u0161\u00edm \u0159e\u0161en\u00edm rozd\u011blen\u00ed Ukrajiny, aby do\u0161lo k rozm\u011bln\u011bn\u00ed a k potla\u010den\u00ed Banderovsk\u00e9ho moru, kter\u00fd se rozlezl p\u0159edev\u0161\u00edm na z\u00e1pad od Kyjeva a nov\u011b velmi nebezpe\u010dn\u011b zako\u0159e\u0148uje v Praze, kde ukrajinsk\u00e1 mafie s vazbami na ozbrojenou Karpatskou Si\u010d a Prav\u00fd sektor pror\u016fst\u00e1 do okruhu lobbist\u016f okolo vl\u00e1dy Petra Fialy.<\/p>\n<p>Situaci pozorn\u011b sledujeme, v\u010detn\u011b nov\u00fdch kontakt\u016f n\u011bkter\u00fdch osob pra\u017esk\u00e9 politick\u00e9 sc\u00e9ny se \u0161pi\u010dkami Dn\u011bpropetrovsk\u00e9 mafie, kter\u00e1 se v minulosti specializovala na kr\u00e1de\u017ee luxusn\u00edch aut v EU a jejich transport a legalizaci na Ukrajinu, ale po vypuknut\u00ed SVO se tato mafie p\u0159eorientovala na pa\u0161ov\u00e1n\u00ed Ukrajinc\u016f a jejich majetku p\u0159es zav\u0159en\u00e9 ukrajinsk\u00e9 hranice do \u010cR.<\/p>\n<h6><span style=\"font-size: 18pt;\">Ukrajinizace politiky je u\u017e v podstat\u011b v \u010cR realitou<\/span><\/h6>\n<p>Na sledov\u00e1n\u00ed spolupracujeme s rusk\u00fdmi novin\u00e1\u0159i, kte\u0159\u00ed sleduj\u00ed postupn\u00fd p\u0159esun v Rusku st\u00edhan\u00fdch ukrajinsk\u00fdch mafi\u00e1n\u016f do zem\u00ed EU, p\u0159i\u010dem\u017e \u010cR spolu s N\u011bmeckem tvo\u0159\u00ed dv\u011b nejv\u00edce preferovan\u00e9 c\u00edlov\u00e9 zem\u011b. Nen\u00ed proto divu, \u017ee Nary\u0161kin z\u0159ejm\u011b po konzultac\u00edch v Kremlu ve\u0159ejn\u011b nazna\u010dil, \u017ee\u00a0<strong>mo\u017enost rozd\u011blen\u00ed Ukrajiny je vlastn\u011b cestou, jak do Evropy importovat tu nejv\u011bt\u0161\u00ed bezpe\u010dnostn\u00ed hrozbu v podob\u011b mafi\u00ed<\/strong>, kter\u00e9 za\u010dnou d\u00edky sv\u00fdm obrovsk\u00fdm a neomezen\u00fdm finan\u010dn\u00edm prost\u0159edk\u016fm pror\u016fstat do st\u00e1tn\u00edch a vl\u00e1dn\u00edch struktur v hostitelsk\u00fdch zem\u00edch.<\/p>\n<figure id=\"attachment_55272\" class=\"wp-caption aligncenter\" style=\"width: 705px;\"><a href=\"https:\/\/aeronet.news\/wp-content\/uploads\/NarodniMuzeumUAflagFront.jpg\"><img decoding=\"async\" loading=\"lazy\" class=\"wp-image-55272 \" src=\"https:\/\/aeronet.news\/wp-content\/uploads\/NarodniMuzeumUAflagFront-1024x682.jpg\" sizes=\"(max-width: 700px) 100vw, 700px\" srcset=\"https:\/\/aeronet.news\/wp-content\/uploads\/NarodniMuzeumUAflagFront-1024x682.jpg 1024w, https:\/\/aeronet.news\/wp-content\/uploads\/NarodniMuzeumUAflagFront-300x200.jpg 300w, https:\/\/aeronet.news\/wp-content\/uploads\/NarodniMuzeumUAflagFront-768x512.jpg 768w, https:\/\/aeronet.news\/wp-content\/uploads\/NarodniMuzeumUAflagFront-700x466.jpg 700w, https:\/\/aeronet.news\/wp-content\/uploads\/NarodniMuzeumUAflagFront-536x357.jpg 536w, https:\/\/aeronet.news\/wp-content\/uploads\/NarodniMuzeumUAflagFront-725x483.jpg 725w, https:\/\/aeronet.news\/wp-content\/uploads\/NarodniMuzeumUAflagFront.jpg 1280w\" alt=\"\" width=\"705\" height=\"469\" \/><\/a><figcaption class=\"wp-caption-text\">Ukrajinizace pr\u016f\u010del\u00ed N\u00e1rodn\u00edho muzea<\/figcaption><\/figure>\n<p>A podobn\u011b to bude fungovat i v Polsku, kter\u00e9 ale nen\u00ed preferovanou zem\u00ed pro Ukrajince, a to v d\u016fsledku historick\u00e9 nen\u00e1visti a nevra\u017eivosti mezi Pol\u00e1ky a Ukrajinci, p\u0159esto\u017ee prezident Andrzej Duda se sna\u017eil vztahy vykreslovat jako bratrsk\u00e9, ale to skon\u010dilo ve chv\u00edli, kdy Ukrajinci za\u010dali zaplavovat polsk\u00fd trh extr\u00e9mn\u011b levn\u00fdm obil\u00edm, zeleninou a p\u0159edev\u0161\u00edm \u017eivo\u010di\u0161nou produkc\u00ed ku\u0159ec\u00edho, vep\u0159ov\u00e9ho a hov\u011bz\u00edho masa. Vypukly blok\u00e1dy hranic, st\u00e1vky polsk\u00fdch farm\u00e1\u0159\u016f a je po selance. Zato v \u010cesku budou m\u00edt Ukrajinci dve\u0159e otev\u0159en\u00e9, a to nejm\u00e9n\u011b a\u017e do konce mand\u00e1tu Fialovy vl\u00e1dy. Takov\u00e1 je realita.<\/p>\n<p><a href=\"https:\/\/aeronet.news\/reditel-ruske-zahranicni-rozvedky-sergej-naryskin-v-rozhovoru-s-vladimirem-solovjovem-prohlasil-ze-rusko-vyhraje-nad-kolektivnim-zapadem-ve-chvili-az-budou-osvobozeni-vsichni\/\">-VK- \u0160\u00e9fredaktor AE News<\/a><\/p>\n<p><img decoding=\"async\" loading=\"lazy\" class=\"wp-image-47634 aligncenter\" src=\"http:\/\/www.infokuryr.cz\/n\/wp-content\/uploads\/2024\/02\/Pozvanka_Praha-_23.3.24-300x229.jpg\" alt=\"\" width=\"802\" height=\"612\" srcset=\"https:\/\/www.infokuryr.cz\/n\/wp-content\/uploads\/2024\/02\/Pozvanka_Praha-_23.3.24-300x229.jpg 300w, https:\/\/www.infokuryr.cz\/n\/wp-content\/uploads\/2024\/02\/Pozvanka_Praha-_23.3.24.jpg 595w\" sizes=\"(max-width: 802px) 100vw, 802px\" \/><\/p>\n","protected":false},"excerpt":{"rendered":"<p>\u0158editel rusk\u00e9 zahrani\u010dn\u00ed rozv\u011bdky Sergej Nary\u0161kin v rozhovoru s Vladimirem Solovjovem prohl\u00e1sil, \u017ee Rusko vyhraje&#8230;<\/p>\n","protected":false},"author":2,"featured_media":49100,"comment_status":"closed","ping_status":"closed","sticky":false,"template":"","format":"standard","meta":[],"categories":[6],"tags":[1042,6934,5311,26,889],"_links":{"self":[{"href":"https:\/\/www.infokuryr.cz\/n\/wp-json\/wp\/v2\/posts\/49099"}],"collection":[{"href":"https:\/\/www.infokuryr.cz\/n\/wp-json\/wp\/v2\/posts"}],"about":[{"href":"https:\/\/www.infokuryr.cz\/n\/wp-json\/wp\/v2\/types\/post"}],"author":[{"embeddable":true,"href":"https:\/\/www.infokuryr.cz\/n\/wp-json\/wp\/v2\/users\/2"}],"replies":[{"embeddable":true,"href":"https:\/\/www.infokuryr.cz\/n\/wp-json\/wp\/v2\/comments?post=49099"}],"version-history":[{"count":0,"href":"https:\/\/www.infokuryr.cz\/n\/wp-json\/wp\/v2\/posts\/49099\/revisions"}],"wp:featuredmedia":[{"embeddable":true,"href":"https:\/\/www.infokuryr.cz\/n\/wp-json\/wp\/v2\/media\/49100"}],"wp:attachment":[{"href":"https:\/\/www.infokuryr.cz\/n\/wp-json\/wp\/v2\/media?parent=49099"}],"wp:term":[{"taxonomy":"category","embeddable":true,"href":"https:\/\/www.infokuryr.cz\/n\/wp-json\/wp\/v2\/categories?post=49099"},{"taxonomy":"post_tag","embeddable":true,"href":"https:\/\/www.infokuryr.cz\/n\/wp-json\/wp\/v2\/tags?post=49099"}],"curies":[{"name":"wp","href":"https:\/\/api.w.org\/{rel}","templated":true}]}}