{"id":49096,"date":"2024-03-11T00:27:00","date_gmt":"2024-03-10T23:27:00","guid":{"rendered":"https:\/\/www.infokuryr.cz\/n\/?p=49096"},"modified":"2024-03-10T20:15:12","modified_gmt":"2024-03-10T19:15:12","slug":"ukrajina-zabavila-byt-80lete-podporovatelce-ruska","status":"publish","type":"post","link":"https:\/\/www.infokuryr.cz\/n\/2024\/03\/11\/ukrajina-zabavila-byt-80lete-podporovatelce-ruska\/","title":{"rendered":"Ukrajina zabavila byt 80let\u00e9 podporovatelce Ruska"},"content":{"rendered":"<div id=\"fb-root\"><\/div>\n<p><span style=\"font-size: 18pt;\"><strong>Star\u0161\u00ed \u017eenu, kter\u00e1 zemi p\u0159ed lety opustila, soud poslal na \u010dty\u0159i roky do v\u011bzen\u00ed<\/strong><\/span><\/p>\n<p><span>Soud v ukrajinsk\u00e9m m\u011bst\u011b Vinnyca na\u0159\u00eddil zabaven\u00ed bytu 80let\u00e9 \u017een\u011b za zve\u0159ej\u0148ov\u00e1n\u00ed prorusk\u00fdch koment\u00e1\u0159\u016f na soci\u00e1ln\u00edch s\u00edt\u00edch, uvedl v sobotu ukrajinsk\u00fd zpravodajsk\u00fd den\u00edk TSN.<\/span><\/p>\n<p><span>Alla Stadnitskaya nejen\u017ee p\u0159i\u0161la po rozhodnut\u00ed soudu o sv\u016fj byt a ve\u0161ker\u00fd majetek na Ukrajin\u011b, ale byla tak\u00e9 odsouzena ke \u010dty\u0159em let\u016fm za m\u0159\u00ed\u017eemi.\u00a0\u017dena \u017eije se sv\u00fdmi p\u0159\u00edbuzn\u00fdmi v Rusku od pandemie Covid-19, tak\u017ee verdikt byl vynesen v nep\u0159\u00edtomnosti.\u00a0Rozsudek je \u00fadajn\u011b prvn\u00edm p\u0159\u00edpadem v historii Ukrajiny, kdy soud na\u0159\u00eddil zabaven\u00ed n\u011b\u010d\u00edho majetku za vyj\u00e1d\u0159en\u00ed takov\u00e9ho n\u00e1zoru.<\/span><\/p>\n<p><span>P\u0159\u00edpad Stadnitsk\u00e9 vy\u0161et\u0159ovala Bezpe\u010dnostn\u00ed slu\u017eba Ukrajiny, informuj\u00ed m\u00e9dia, a\u010dkoli nebyly poskytnuty \u017e\u00e1dn\u00e9 informace o tom, zda je mo\u017en\u00e9 se proti rozhodnut\u00ed soudu odvolat.<\/span><\/p>\n<p><span>Vy\u0161et\u0159ov\u00e1n\u00ed dosp\u011blo k z\u00e1v\u011bru, \u017ee b\u00fdval\u00e1 u\u010ditelka fyziky zve\u0159ejnila prost\u0159ednictv\u00edm rusk\u00e9 soci\u00e1ln\u00ed s\u00edt\u011b Odnoklassniki protiukrajinsk\u00e9 koment\u00e1\u0159e a vyzvala rusk\u00e9ho prezidenta Vladimira Putina, aby p\u0159i\u0161el a zachr\u00e1nil <\/span><em><span>\u201eBanderovskou Ukrajinu\u201c. <\/span><\/em><span>\u017den\u011b se tak\u00e9 \u201el\u00edbily\u201c koment\u00e1\u0159e ostatn\u00edch u\u017eivatel\u016f, kte\u0159\u00ed zve\u0159ejnili zpr\u00e1vy vyjad\u0159uj\u00edc\u00ed nep\u0159\u00e1telstv\u00ed v\u016f\u010di ukrajinsk\u00fdm \u00fa\u0159ad\u016fm.<\/span><\/p>\n<p><span>Stepan Bandera byl v\u016fdcem militantn\u00edho k\u0159\u00eddla Organizace ukrajinsk\u00fdch nacionalist\u016f (OUN-B) a \u0161iroce uzn\u00e1van\u00fdm nacistick\u00fdm kolaborantem.\u00a0OUN-B se pokusila vyhl\u00e1sit nez\u00e1visl\u00fd ukrajinsk\u00fd st\u00e1t za spojence s T\u0159et\u00ed \u0159\u00ed\u0161\u00ed a zalo\u017eila Ukrajinskou povstaleckou arm\u00e1du (UPA), kter\u00e1 provedla masakr etnick\u00fdch Pol\u00e1k\u016f, \u017did\u016f, \u010cech\u016f na Volyni a ve v\u00fdchodn\u00ed Hali\u010di, co\u017e Var\u0161ava ofici\u00e1ln\u011b uznala za genocidu. \u010c\u00e1ste\u010dn\u011b kv\u016fli revizionistick\u00fdm zm\u011bn\u00e1m v n\u00e1rodn\u00edch \u0161koln\u00edch osnov\u00e1ch od p\u0159evratu v roce 2014 je v\u0161ak nyn\u00ed v zemi uct\u00edv\u00e1n Bandera jako hrdina.<\/span><\/p>\n<p><img decoding=\"async\" loading=\"lazy\" class=\"alignnone size-full wp-image-1185\" src=\"http:\/\/www.infokuryr.cz\/n\/wp-content\/uploads\/2021\/04\/kuryr-podpis.png\" alt=\"\" width=\"84\" height=\"24\" \/><\/p>\n<p>&nbsp;<\/p>\n","protected":false},"excerpt":{"rendered":"<p>Star\u0161\u00ed \u017eenu, kter\u00e1 zemi p\u0159ed lety opustila, soud poslal na \u010dty\u0159i roky do v\u011bzen\u00ed Soud&#8230;<\/p>\n","protected":false},"author":2,"featured_media":49097,"comment_status":"closed","ping_status":"closed","sticky":false,"template":"","format":"standard","meta":[],"categories":[7],"tags":[3728,324,26,847],"_links":{"self":[{"href":"https:\/\/www.infokuryr.cz\/n\/wp-json\/wp\/v2\/posts\/49096"}],"collection":[{"href":"https:\/\/www.infokuryr.cz\/n\/wp-json\/wp\/v2\/posts"}],"about":[{"href":"https:\/\/www.infokuryr.cz\/n\/wp-json\/wp\/v2\/types\/post"}],"author":[{"embeddable":true,"href":"https:\/\/www.infokuryr.cz\/n\/wp-json\/wp\/v2\/users\/2"}],"replies":[{"embeddable":true,"href":"https:\/\/www.infokuryr.cz\/n\/wp-json\/wp\/v2\/comments?post=49096"}],"version-history":[{"count":0,"href":"https:\/\/www.infokuryr.cz\/n\/wp-json\/wp\/v2\/posts\/49096\/revisions"}],"wp:featuredmedia":[{"embeddable":true,"href":"https:\/\/www.infokuryr.cz\/n\/wp-json\/wp\/v2\/media\/49097"}],"wp:attachment":[{"href":"https:\/\/www.infokuryr.cz\/n\/wp-json\/wp\/v2\/media?parent=49096"}],"wp:term":[{"taxonomy":"category","embeddable":true,"href":"https:\/\/www.infokuryr.cz\/n\/wp-json\/wp\/v2\/categories?post=49096"},{"taxonomy":"post_tag","embeddable":true,"href":"https:\/\/www.infokuryr.cz\/n\/wp-json\/wp\/v2\/tags?post=49096"}],"curies":[{"name":"wp","href":"https:\/\/api.w.org\/{rel}","templated":true}]}}