{"id":49094,"date":"2024-03-11T00:28:32","date_gmt":"2024-03-10T23:28:32","guid":{"rendered":"https:\/\/www.infokuryr.cz\/n\/?p=49094"},"modified":"2024-03-10T20:10:26","modified_gmt":"2024-03-10T19:10:26","slug":"francie-a-polsko-nemluvi-za-nato","status":"publish","type":"post","link":"https:\/\/www.infokuryr.cz\/n\/2024\/03\/11\/francie-a-polsko-nemluvi-za-nato\/","title":{"rendered":"Francie a Polsko nemluv\u00ed za NATO"},"content":{"rendered":"<div id=\"fb-root\"><\/div>\n<p><span style=\"font-size: 18pt;\"><strong>Vysl\u00e1n\u00ed jednotek NATO na Ukrajinu by zablokovalo jak\u00e9koli diplomatick\u00e9 \u00fasil\u00ed o zastaven\u00ed konfliktu mezi Kyjevem a Moskvou, varoval \u0158\u00edm<\/strong><\/span><\/p>\n<p><span>Pa\u0159\u00ed\u017e a Var\u0161ava nemaj\u00ed pr\u00e1vo mluvit za v\u0161echny \u010dleny NATO, pokud jde o rozm\u00edst\u011bn\u00ed jednotek na Ukrajin\u011b, \u0159ekl italsk\u00fd ministr obrany Guido Crosetto den\u00edku La Stampa v rozhovoru zve\u0159ejn\u011bn\u00e9m v ned\u011bli.\u00a0Takov\u00fd krok by vedl pouze k eskalaci a po\u0161kodil jak\u00e9koli potenci\u00e1ln\u00ed diplomatick\u00e9 snahy o ukon\u010den\u00ed nep\u0159\u00e1telstv\u00ed mezi Moskvou a Kyjevem, dodal.<\/span><\/p>\n<p><span>Ministr komentoval ned\u00e1vn\u00e1 prohl\u00e1\u0161en\u00ed francouzsk\u00e9ho prezidenta Emmanuela Macrona a polsk\u00e9ho ministra zahrani\u010d\u00ed Radoslawa Sikorsk\u00e9ho, z nich\u017e ka\u017ed\u00fd se zab\u00fdval mo\u017enost\u00ed vyslat jednotky bloku veden\u00e9ho USA na pomoc Kyjevu.<\/span><\/p>\n<p><span>Minul\u00fd t\u00fdden francouzsk\u00fd v\u016fdce \u0159ekl, \u017ee Z\u00e1pad\u00a0<\/span><em><span>\u201enem\u016f\u017ee vylou\u010dit\u201c<\/span><\/em><span>\u00a0mo\u017enost rozm\u00edst\u011bn\u00ed sil NATO na Ukrajin\u011b.\u00a0Jeho koment\u00e1\u0159e vyvolaly vlnu odm\u00edtnut\u00ed ze strany vysok\u00fdch p\u0159edstavitel\u016f \u010dlensk\u00fdch st\u00e1t\u016f NATO, v\u010detn\u011b Spojen\u00e9ho kr\u00e1lovstv\u00ed, \u010cesk\u00e9 republiky, Finska a \u0160v\u00e9dska, kte\u0159\u00ed trvali na tom, \u017ee \u017e\u00e1dn\u00e9 takov\u00e9 pl\u00e1ny nemaj\u00ed.\u00a0Polsko p\u016fvodn\u011b tak\u00e9 prohl\u00e1silo, \u017ee na Ukrajinu \u017e\u00e1dn\u00e9 voj\u00e1ky nepo\u0161le.<\/span><\/p>\n<p><span>V p\u00e1tek pak nejvy\u0161\u0161\u00ed polsk\u00fd diplomat Sikorski prohl\u00e1sil, \u017ee rusk\u00e1 vojensk\u00e1 operace na Ukrajin\u011b vy\u017eaduje\u00a0<\/span><em><span>\u201easymetrickou eskalaci\u201c<\/span><\/em><span>\u00a0ze strany Z\u00e1padu a dodal, \u017ee\u00a0<\/span><em><span>\u201ep\u0159\u00edtomnost sil NATO na Ukrajin\u011b nen\u00ed nemysliteln\u00e1\u201c.\u00a0<\/span><\/em><span>S\u00e1m Macron opakovan\u011b prohl\u00e1sil, \u017ee si za sv\u00fdmi v\u00fdroky stoj\u00ed.\u00a0Tento t\u00fdden \u0159ekl, \u017ee\u00a0mo\u017enosti Z\u00e1padu v podpo\u0159e Kyjeva neexistuj\u00ed\u00a0<\/span><em><span>\u201e\u017e\u00e1dn\u00e9 limity\u201c .<\/span><\/em><\/p>\n<p><em><span>&#8222;Francie a Polsko mohou mluvit samy za sebe [ale] ne jm\u00e9nem NATO,&#8220;<\/span><\/em><span>\u00a0\u0159ekl Crosetto o v\u00fdvoji.\u00a0Uvedl tak\u00e9, \u017ee takov\u00e9 argumenty nyn\u00ed\u00a0<\/span><em><span>\u201ened\u00e1v\u00e1 smysl\u201c.\u00a0<\/span><\/em><span>Jak\u00e9koli potenci\u00e1ln\u00ed rozm\u00edst\u011bn\u00ed jednotek NATO na Ukrajin\u011b\u00a0<\/span><em><span>\u201eznamen\u00e1 krok k jednostrann\u00e9 eskalaci, kter\u00e1 by zablokovala cestu k diplomacii,\u201c<\/span><\/em><span>\u00a0varoval ministr.<\/span><\/p>\n<p><span>Podle Crosetta by se z\u00e1padn\u00ed podporovatel\u00e9 Kyjeva m\u011bli zam\u011b\u0159it na diplomacii, proto\u017ee se stejn\u011b sna\u017e\u00ed dr\u017eet krok s ruskou vojenskou v\u00fdrobn\u00ed kapacitou.\u00a0Moskva je\u00a0<\/span><em><span>\u201evybaven\u011bj\u0161\u00ed a agiln\u011bj\u0161\u00ed ne\u017e NATO\u201c,<\/span><\/em><span>\u00a0pokud jde o vojenskou v\u00fdrobu, \u0159ekl ministr obrany a dodal, \u017ee\u00a0<\/span><em><span>\u201eZ\u00e1pad zjistil, \u017ee m\u00e1 mnohem ni\u017e\u0161\u00ed v\u00fdrobn\u00ed kapacitu ne\u017e Rusko\u201c.<\/span><\/em><\/p>\n<p><span>Ministr zejm\u00e9na poznamenal, \u017ee NATO se s\u00eddlem v Bruselu dok\u00e1zalo za rok od chv\u00edle, kdy p\u0159isl\u00edbilo dodat Kyjevu jeden milion d\u011blost\u0159eleck\u00fdch n\u00e1boj\u016f, pon\u011bkud zv\u00fd\u0161it svou v\u00fdrobn\u00ed kapacitu munice, ale \u017ee\u00a0<\/span><em><span>\u201est\u00e1le z\u016fst\u00e1v\u00e1 ni\u017e\u0161\u00ed ne\u017e rusk\u00e1\u201c.<\/span><\/em><\/p>\n<p><span>Za takov\u00fdch okolnost\u00ed mus\u00ed Z\u00e1pad\u00a0<\/span><em><span>\u201eposkytnout ve\u0161kerou mo\u017enou podporu Kyjevu\u201c,<\/span><\/em><span>\u00a0ale\u00a0<\/span><em><span>\u201ep\u0159em\u00fd\u0161let o pomoci\u201c<\/span><\/em><span>\u00a0Ukrajin\u011b\u00a0<\/span><em><span>\u201ejin\u00fdm zp\u016fsobem\u201c,<\/span><\/em><span>\u00a0\u0159ekl Crosetto a dodal, \u017ee z\u00e1padn\u00ed st\u00e1ty by m\u011bly\u00a0<\/span><em><span>\u201eaktivovat diplomatick\u00e9 kan\u00e1ly\u201c.<\/span><\/em><\/p>\n<p><span>Pape\u017e Franti\u0161ek d\u0159\u00edve vyzval Kyjev, aby\u00a0<\/span><em><span>\u201em\u011bl odvahu\u201c<\/span><\/em><span>\u00a0zapojit se do rozhovor\u016f s Moskvou o z\u00e1chran\u011b \u017eivot\u016f, ne\u017e aby nechal krveprolit\u00ed pokra\u010dovat.\u00a0\u0158ekl tak\u00e9, \u017ee nen\u00ed nedostatek n\u00e1rod\u016f a mezin\u00e1rodn\u00edch akt\u00e9r\u016f, v\u010detn\u011b jeho samotn\u00e9ho, \u200b\u200bkte\u0159\u00ed jsou ochotni v tomto ohledu jednat jako prost\u0159edn\u00edci.<\/span><\/p>\n<p><span>Moskva opakovan\u011b prohl\u00e1sila, \u017ee je p\u0159ipravena na jedn\u00e1n\u00ed s Kyjevem ka\u017edou chv\u00edli, pokud se vezme v \u00favahu realita na m\u00edst\u011b.\u00a0Kyjev odstoupil od istanbulsk\u00fdch jedn\u00e1n\u00ed s Ruskem na ja\u0159e 2022 a od t\u00e9 doby p\u0159edlo\u017eil\u00a0<\/span><em><span>\u201em\u00edrov\u00fd pl\u00e1n\u201c<\/span><\/em><span>\u00a0, po\u017eaduj\u00edc\u00ed sta\u017een\u00ed rusk\u00fdch jednotek ze v\u0161ech \u00fazem\u00ed, kter\u00e1 si Ukrajina n\u00e1rokuje jako sv\u00e1 vlastn\u00ed, je\u0161t\u011b p\u0159ed zah\u00e1jen\u00edm jak\u00fdchkoli rozhovor\u016f.\u00a0Rusko tyto po\u017eadavky odm\u00edtlo jako\u00a0<\/span><em><span>\u201eabsurdn\u00ed\u201c.<\/span><\/em><\/p>\n<p><span style=\"font-size: 10pt;\"><em>FOTOGRAFIE: Italsk\u00fd ministr obrany Guido Crosetto\u00a0\u00a9\u00a0\u00a0Global Look Press \/ Roberto Monaldo<\/em><\/span><\/p>\n<p><img decoding=\"async\" loading=\"lazy\" class=\"alignnone size-full wp-image-1185\" src=\"http:\/\/www.infokuryr.cz\/n\/wp-content\/uploads\/2021\/04\/kuryr-podpis.png\" alt=\"\" width=\"84\" height=\"24\" \/><\/p>\n<p>&nbsp;<\/p>\n","protected":false},"excerpt":{"rendered":"<p>Vysl\u00e1n\u00ed jednotek NATO na Ukrajinu by zablokovalo jak\u00e9koli diplomatick\u00e9 \u00fasil\u00ed o zastaven\u00ed konfliktu mezi Kyjevem&#8230;<\/p>\n","protected":false},"author":2,"featured_media":49095,"comment_status":"closed","ping_status":"closed","sticky":false,"template":"","format":"standard","meta":[],"categories":[7],"tags":[130,191,458,39,31],"_links":{"self":[{"href":"https:\/\/www.infokuryr.cz\/n\/wp-json\/wp\/v2\/posts\/49094"}],"collection":[{"href":"https:\/\/www.infokuryr.cz\/n\/wp-json\/wp\/v2\/posts"}],"about":[{"href":"https:\/\/www.infokuryr.cz\/n\/wp-json\/wp\/v2\/types\/post"}],"author":[{"embeddable":true,"href":"https:\/\/www.infokuryr.cz\/n\/wp-json\/wp\/v2\/users\/2"}],"replies":[{"embeddable":true,"href":"https:\/\/www.infokuryr.cz\/n\/wp-json\/wp\/v2\/comments?post=49094"}],"version-history":[{"count":0,"href":"https:\/\/www.infokuryr.cz\/n\/wp-json\/wp\/v2\/posts\/49094\/revisions"}],"wp:featuredmedia":[{"embeddable":true,"href":"https:\/\/www.infokuryr.cz\/n\/wp-json\/wp\/v2\/media\/49095"}],"wp:attachment":[{"href":"https:\/\/www.infokuryr.cz\/n\/wp-json\/wp\/v2\/media?parent=49094"}],"wp:term":[{"taxonomy":"category","embeddable":true,"href":"https:\/\/www.infokuryr.cz\/n\/wp-json\/wp\/v2\/categories?post=49094"},{"taxonomy":"post_tag","embeddable":true,"href":"https:\/\/www.infokuryr.cz\/n\/wp-json\/wp\/v2\/tags?post=49094"}],"curies":[{"name":"wp","href":"https:\/\/api.w.org\/{rel}","templated":true}]}}