{"id":49065,"date":"2024-03-11T00:45:52","date_gmt":"2024-03-10T23:45:52","guid":{"rendered":"https:\/\/www.infokuryr.cz\/n\/?p=49065"},"modified":"2024-03-10T16:00:57","modified_gmt":"2024-03-10T15:00:57","slug":"islamsky-svet-zklamal-palestince","status":"publish","type":"post","link":"https:\/\/www.infokuryr.cz\/n\/2024\/03\/11\/islamsky-svet-zklamal-palestince\/","title":{"rendered":"Isl\u00e1msk\u00fd sv\u011bt zklamal Palestince"},"content":{"rendered":"<div id=\"fb-root\"><\/div>\n<p><span style=\"font-size: 18pt;\"><strong>St\u00e1ty s muslimskou v\u011bt\u0161inou nedok\u00e1zaly ochr\u00e1nit civilisty v Gaze p\u0159ed izraelsk\u00fdmi voj\u00e1ky, \u0159ekl prezident Erdogan<\/strong><\/span><\/p>\n<p><span>V\u011bt\u0161ina muslimsk\u00fdch zem\u00ed neud\u011blala dost, aby zastavila izraelsk\u00e9 s\u00edly v zab\u00edjen\u00ed palestinsk\u00fdch civilist\u016f v Gaze, \u0159ekl tureck\u00fd prezident Recep Tayyip Erdogan.\u00a0Sv\u016fj koment\u00e1\u0159 u\u010dinil, kdy\u017e v\u00e1lka mezi Izraelem a Hamasem vstoupila do \u0161est\u00e9ho m\u011bs\u00edce.<\/span><\/p>\n<p><em><span>&#8222;V\u0161ichni jsme byli spole\u010dn\u011b sv\u011bdky toho, jak se V\u0161eobecn\u00e1 deklarace lidsk\u00fdch pr\u00e1v stala jen c\u00e1rem pap\u00edru, pokud jde o pr\u00e1vo na \u017eivot pro palestinsk\u00e9 d\u011bti, \u017eeny a nevinn\u00e9 civilisty,&#8220;<\/span><\/em><span>\u00a0\u0159ekl tureck\u00fd v\u016fdce na sobotn\u00ed akci v Istanbulu.<\/span><\/p>\n<p><span>Erdogan d\u00e1le tvrdil, \u017ee v\u00e1lka na Bl\u00edzk\u00e9m v\u00fdchod\u011b\u00a0<\/span><em><span>\u201en\u00e1m uk\u00e1zala, \u017ee isl\u00e1msk\u00fd sv\u011bt m\u00e1 st\u00e1le velmi v\u00fdznamn\u00e9 nedostatky, zejm\u00e9na pokud jde o jedn\u00e1n\u00ed v jednot\u011b\u201c,<\/span><\/em><span>\u00a0kdy\u017e se pokou\u0161el tla\u010dit na Izrael, aby ukon\u010dil svou operaci v Gaze.<\/span><\/p>\n<p><strong><em><span>Bohu\u017eel isl\u00e1msk\u00fd sv\u011bt s t\u00e9m\u011b\u0159 2 miliardami obyvatel nedok\u00e1zal \u0159\u00e1dn\u011b splnit svou bratrskou povinnost v\u016f\u010di Palestinc\u016fm.<\/span><\/em><\/strong><\/p>\n<p><span>Prezident \u0159ekl, \u017ee navzdory\u00a0<\/span><em><span>\u201etvrd\u00e9 pr\u00e1ci a mnoha snah\u00e1m na diplomatick\u00e9m poli\u201c<\/span><\/em><span>\u00a0\u00a0v\u011bt\u0161inou muslimsk\u00e9 zem\u011b\u00a0<\/span><em><span>\u201enemohly zabr\u00e1nit smrti nevinn\u00fdch d\u011bt\u00ed z Gazy hladem, kulkami a bombami\u201c.<\/span><\/em><\/p>\n<p><span>Ankara dodala do Gazy letecky a po mo\u0159i asi 40 000 tun humanit\u00e1rn\u00ed pomoci, \u0159ekl Erdogan.\u00a0<\/span><\/p>\n<p><span>Tyto pozn\u00e1mky zazn\u011bly pot\u00e9, co izraelsk\u00fd premi\u00e9r Benjamin Netanjahu sl\u00edbil pokra\u010dovat v ofenziv\u011b na Raf\u00e1h, velk\u00e9 m\u011bsto pobl\u00ed\u017e hranic Gazy s Egyptem.\u00a0M\u011bsto a jeho okol\u00ed se zaplnilo uprchl\u00edky pot\u00e9, co izraelsk\u00e9 obrann\u00e9 s\u00edly na\u0159\u00eddily Palestinc\u016fm, aby uprchli ze severn\u00ed \u010d\u00e1sti enkl\u00e1vy.\u00a0Netanjahu odm\u00edtl mezin\u00e1rodn\u00ed v\u00fdzvy k p\u0159\u00edm\u011b\u0159\u00ed s t\u00edm, \u017ee IDF mus\u00ed vyklidit\u00a0\u00a0<\/span><em><span>\u201eposledn\u00ed ba\u0161tu Hamasu\u201c<\/span><\/em><span>\u00a0v Rafahu.<\/span><strong><br \/>\n<\/strong><\/p>\n<p><span>Izrael vyhl\u00e1sil v\u00e1lku Hamasu pot\u00e9, co tato militantn\u00ed skupina 7. \u0159\u00edjna ne\u010dekan\u011b za\u00fato\u010dila na jihoizraelsk\u00e1 m\u011bsta, zabila asi 1200 lid\u00ed a vzala v\u00edce ne\u017e 200 rukojm\u00edch.\u00a0Podle m\u00edstn\u00edch \u00fa\u0159ad\u016f bylo v Gaze od lo\u0148sk\u00e9ho za\u010d\u00e1tku boj\u016f zabito v\u00edce ne\u017e 30 000 Palestinc\u016f.<\/span><\/p>\n<p><img decoding=\"async\" loading=\"lazy\" class=\"alignnone size-full wp-image-1185\" src=\"http:\/\/www.infokuryr.cz\/n\/wp-content\/uploads\/2021\/04\/kuryr-podpis.png\" alt=\"\" width=\"84\" height=\"24\" \/><\/p>\n<p>&nbsp;<\/p>\n","protected":false},"excerpt":{"rendered":"<p>St\u00e1ty s muslimskou v\u011bt\u0161inou nedok\u00e1zaly ochr\u00e1nit civilisty v Gaze p\u0159ed izraelsk\u00fdmi voj\u00e1ky, \u0159ekl prezident Erdogan&#8230;<\/p>\n","protected":false},"author":2,"featured_media":46511,"comment_status":"closed","ping_status":"closed","sticky":false,"template":"","format":"standard","meta":[],"categories":[7],"tags":[56,6931,313],"_links":{"self":[{"href":"https:\/\/www.infokuryr.cz\/n\/wp-json\/wp\/v2\/posts\/49065"}],"collection":[{"href":"https:\/\/www.infokuryr.cz\/n\/wp-json\/wp\/v2\/posts"}],"about":[{"href":"https:\/\/www.infokuryr.cz\/n\/wp-json\/wp\/v2\/types\/post"}],"author":[{"embeddable":true,"href":"https:\/\/www.infokuryr.cz\/n\/wp-json\/wp\/v2\/users\/2"}],"replies":[{"embeddable":true,"href":"https:\/\/www.infokuryr.cz\/n\/wp-json\/wp\/v2\/comments?post=49065"}],"version-history":[{"count":0,"href":"https:\/\/www.infokuryr.cz\/n\/wp-json\/wp\/v2\/posts\/49065\/revisions"}],"wp:featuredmedia":[{"embeddable":true,"href":"https:\/\/www.infokuryr.cz\/n\/wp-json\/wp\/v2\/media\/46511"}],"wp:attachment":[{"href":"https:\/\/www.infokuryr.cz\/n\/wp-json\/wp\/v2\/media?parent=49065"}],"wp:term":[{"taxonomy":"category","embeddable":true,"href":"https:\/\/www.infokuryr.cz\/n\/wp-json\/wp\/v2\/categories?post=49065"},{"taxonomy":"post_tag","embeddable":true,"href":"https:\/\/www.infokuryr.cz\/n\/wp-json\/wp\/v2\/tags?post=49065"}],"curies":[{"name":"wp","href":"https:\/\/api.w.org\/{rel}","templated":true}]}}