{"id":49063,"date":"2024-03-11T00:44:08","date_gmt":"2024-03-10T23:44:08","guid":{"rendered":"https:\/\/www.infokuryr.cz\/n\/?p=49063"},"modified":"2024-03-10T15:58:00","modified_gmt":"2024-03-10T14:58:00","slug":"v-italii-byla-ukradena-umelecka-dila-v-hodnote-12-milionu-eur","status":"publish","type":"post","link":"https:\/\/www.infokuryr.cz\/n\/2024\/03\/11\/v-italii-byla-ukradena-umelecka-dila-v-hodnote-12-milionu-eur\/","title":{"rendered":"V It\u00e1lii byla ukradena um\u011bleck\u00e1 d\u00edla v hodnot\u011b 1,2 milionu EUR"},"content":{"rendered":"<div id=\"fb-root\"><\/div>\n<p><span style=\"font-size: 18pt;\"><strong>Zlod\u011bji uprchli s t\u00e9m\u011b\u0159 50 zlat\u00fdmi sochami a \u0161perky<\/strong><\/span><\/p>\n<p><span>T\u00e9m\u011b\u0159 20 soch a 30 kus\u016f \u0161perk\u016f v hodnot\u011b 1,2 milionu eur (1,3 milionu dolar\u016f) bylo ukradeno z v\u00fdstavy pobl\u00ed\u017e jezera Garda v It\u00e1lii, \u0159ekl novin\u00e1\u0159\u016fm panstv\u00ed Vittoriale degli Italiani, kde se v\u00fdstava konala.<\/span><\/p>\n<p><span>Ukraden\u00e1 d\u00edla navrhl a vykoval jeden z nejv\u011bt\u0161\u00edch italsk\u00fdch socha\u0159\u016f 20. stolet\u00ed Umberto Mastroianni, kter\u00fd je tak\u00e9 zn\u00e1m\u00fd sv\u00fdmi obrovsk\u00fdmi monumenty;\u00a0byly vyrobeny mezi pades\u00e1t\u00fdmi l\u00e9ty a jeho smrt\u00ed v roce 1998.<\/span><\/p>\n<p><span>K masivn\u00ed loupe\u017ei do\u0161lo ve st\u0159edu, dva dny p\u0159ed ukon\u010den\u00edm v\u00fdstavy nazvan\u00e9\u00a0<\/span><em><span>\u201eJako tepl\u00e9, tekouc\u00ed zlato\u201c,<\/span><\/em><span>\u00a0kter\u00e1 byla otev\u0159ena koncem prosince.\u00a0Vy\u0161et\u0159ov\u00e1n\u00ed loupe\u017ee pokra\u010duje.<\/span><\/p>\n<p><em><span>\u201eUomo\/Donna\u201c<\/span><\/em><span>\u00a0(Mu\u017e\/\u017dena), jedno z um\u011bleck\u00fdch d\u011bl, z nich\u017e v\u0161echna byla odlita z ryz\u00edho zlata, byla pozd\u011bji nalezena uvnit\u0159 are\u00e1lu v\u00fdstavn\u00edho komplexu, ale m\u00edsto pobytu dal\u0161\u00edch 48 kus\u016f z\u016fst\u00e1v\u00e1 podle poz\u016fstalosti nezn\u00e1m\u00e9. tiskov\u00fd mluv\u010d\u00ed.<\/span><\/p>\n<p><span>Giordano Bruno Guerri, vedouc\u00ed panstv\u00ed, \u0159ekl, \u017ee\u00a0<\/span><em><span>\u201ena\u0161e popla\u0161n\u00e9 syst\u00e9my jsou velmi rozs\u00e1hl\u00e9 a ji\u017e na nejvy\u0161\u0161\u00ed \u00farovni,\u201c<\/span><\/em><span>\u00a0dodal\u00a0<\/span><em><span>\u201ezjevn\u011b n\u00e1s zas\u00e1hl vysoce specializovan\u00fd gang\u201c.<\/span><\/em><\/p>\n<p><span>Lorenzo Zichichi, prezident Centra pro studium d\u011bl Umberta Mastroianniho, v koment\u00e1\u0159i k incidentu uvedl, \u017ee\u00a0<\/span><em><span>\u201etyto v\u00fdjime\u010dn\u00e9 artefakty, skute\u010dn\u00e9 \u201anositeln\u00e9 sochy\u2018, p\u0159edstavuj\u00ed nejd\u016fle\u017eit\u011bj\u0161\u00ed sv\u011bdectv\u00ed mistrovy produkce zlata,\u201c<\/span><\/em><span>\u00a0dodal, \u017ee vy\u0161et\u0159ov\u00e1n\u00ed selhalo. mohlo v\u00e9st k\u00a0<\/span><em><span>\u201eneoceniteln\u00e9 ztr\u00e1t\u011b\u201c<\/span><\/em><span>\u00a0t\u00e9m\u011b\u0159 cel\u00e9 sb\u00edrky, kter\u00e1 pat\u0159ila jeho p\u0159\u00edbuzn\u00fdm.<\/span><\/p>\n<p><img decoding=\"async\" loading=\"lazy\" class=\"alignnone size-full wp-image-1185\" src=\"http:\/\/www.infokuryr.cz\/n\/wp-content\/uploads\/2021\/04\/kuryr-podpis.png\" alt=\"\" width=\"84\" height=\"24\" \/><\/p>\n<p>&nbsp;<\/p>\n","protected":false},"excerpt":{"rendered":"<p>Zlod\u011bji uprchli s t\u00e9m\u011b\u0159 50 zlat\u00fdmi sochami a \u0161perky T\u00e9m\u011b\u0159 20 soch a 30 kus\u016f&#8230;<\/p>\n","protected":false},"author":2,"featured_media":49064,"comment_status":"closed","ping_status":"closed","sticky":false,"template":"","format":"standard","meta":[],"categories":[7],"tags":[191,2278,693],"_links":{"self":[{"href":"https:\/\/www.infokuryr.cz\/n\/wp-json\/wp\/v2\/posts\/49063"}],"collection":[{"href":"https:\/\/www.infokuryr.cz\/n\/wp-json\/wp\/v2\/posts"}],"about":[{"href":"https:\/\/www.infokuryr.cz\/n\/wp-json\/wp\/v2\/types\/post"}],"author":[{"embeddable":true,"href":"https:\/\/www.infokuryr.cz\/n\/wp-json\/wp\/v2\/users\/2"}],"replies":[{"embeddable":true,"href":"https:\/\/www.infokuryr.cz\/n\/wp-json\/wp\/v2\/comments?post=49063"}],"version-history":[{"count":0,"href":"https:\/\/www.infokuryr.cz\/n\/wp-json\/wp\/v2\/posts\/49063\/revisions"}],"wp:featuredmedia":[{"embeddable":true,"href":"https:\/\/www.infokuryr.cz\/n\/wp-json\/wp\/v2\/media\/49064"}],"wp:attachment":[{"href":"https:\/\/www.infokuryr.cz\/n\/wp-json\/wp\/v2\/media?parent=49063"}],"wp:term":[{"taxonomy":"category","embeddable":true,"href":"https:\/\/www.infokuryr.cz\/n\/wp-json\/wp\/v2\/categories?post=49063"},{"taxonomy":"post_tag","embeddable":true,"href":"https:\/\/www.infokuryr.cz\/n\/wp-json\/wp\/v2\/tags?post=49063"}],"curies":[{"name":"wp","href":"https:\/\/api.w.org\/{rel}","templated":true}]}}